{"id":11723,"date":"2009-08-13T10:52:09","date_gmt":"2009-08-13T08:52:09","guid":{"rendered":"http:\/\/kulturbloggen.com\/?p=11723"},"modified":"2009-08-13T10:52:09","modified_gmt":"2009-08-13T08:52:09","slug":"freddie-wadling-och-olle-ljungstrom-ger-en-gemensak-konsert-i-host","status":"publish","type":"post","link":"https:\/\/kulturbloggen.com\/?p=11723","title":{"rendered":"Freddie Wadling och Olle Ljungstr\u00f6m ger en gemensak konsert i h\u00f6st"},"content":{"rendered":"<p><img loading=\"lazy\" decoding=\"async\" src=\"http:\/\/sodergren.com\/kulturbloggen\/wp-content\/uploads\/2009\/08\/freddieolle-300x109.jpg\" alt=\"freddieolle\" title=\"freddieolle\" width=\"300\" height=\"109\" class=\"aligncenter size-medium wp-image-11724\" \/><\/p>\n<p>Freddie Wadling och Olle Ljungstr\u00f6m g\u00f6r en gemensam konsert p\u00e5 G\u00f6teborgs Konserthus samt egna h\u00f6stturneer<\/p>\n<p>Tv\u00e5 legendarer, tv\u00e5 konserter, en helafton. Den 26 september ser vi Freddie Wadling och Olle Ljungstr\u00f6m spela p\u00e5 G\u00f6teborgs Konserthus. Detta blir med stor sannolikhet den vackraste och mest angel\u00e4gna konsertafton G\u00f6teborg kommer att kunna erbjuda under h\u00f6sten, en helafton med tv\u00e5 av v\u00e5ra st\u00f6rsta svenska artister. Biljetterna sl\u00e4pps den 14 augusti.<\/p>\n<p>Fakta om de tv\u00e5 fr\u00e5n deras arrang\u00f6r:<\/p>\n<p><strong>OLLE LJUNGSTR\u00d6M<\/strong><br \/>\nEfter sin sensationella comeback med nya albumet \u201dSju\u201d, den uppm\u00e4rksammade dokument\u00e4rfilmen om de senaste \u00e5rens vederm\u00f6dor samt v\u00e5rens bejublade konsertframtr\u00e4danden p\u00e5 Rival och Lorensbergsteatern g\u00f6r nu Olle Ljungstr\u00f6m ett antal spelningar under h\u00f6sten.<\/p>\n<p>\u201dSju\u201d \u00e4r ett starkt nytt kapitel i den s\u00e4regna historien om Olle Ljungstr\u00f6m. Det som i slutet av 1970-talet via olika grupperingar blev Reeperbahn, har via 1990-talets lysande soloutgivningar lett fram till en status som en av landets mest respekterade artister. Och inte minst \u00e4r Olle Ljungstr\u00f6m i dag ett av den svenska rockscenens mer mytologiserade person\u00f6den.<\/p>\n<p>H\u00f6stens konsertdatum med Olle Ljungstr\u00f6m:<\/p>\n<p>24.9 G\u00e4vle, Spegeln<br \/>\n25.9 Uppsala, Katalin<br \/>\n26.9 G\u00f6teborgs Konserthus (+ Freddie Wadling)<br \/>\n3.10 Malm\u00f6, KB<br \/>\n8.10 Stockholm, Strand<br \/>\n10.10 V\u00e4xj\u00f6, Teatern<\/p>\n<p>Biljetter sl\u00e4pps lokalt, kontakta respektive spelst\u00e4lle f\u00f6r mer info samt se LiveNation.se.<\/p>\n<p><strong>FREDDIE WADLING<\/strong><br \/>\nDenne oerh\u00f6rt produktive person har de senaste \u00e5ren varit flitigt f\u00f6rekommande s\u00e5v\u00e4l p\u00e5 teaterscenen som med egna konsertframtr\u00e4danden och som pausf\u00e5gel i melodifestivalen.<\/p>\n<p>Freddie gav i b\u00f6rjan av \u00e5ret ut dubbelalbumet \u201dDen m\u00f6rka blomman\/The Dark Flower\u201d. Genom \u00e5ren har Freddie st\u00e5tt som avs\u00e4ndare till ett otal antal musikaliska klassiker med den gemensamma n\u00e4mnaren kvalitet och en stor genrem\u00e4ssig sp\u00e4nnvidd. Oavsett om omgivningen varit grupperna Cortex, Blue For Two, Fl\u00e4skkvartetten eller om han agerat i skepnad av soloartist.<\/p>\n<p>H\u00f6stens konsertdatum med Freddie Wadling:<\/p>\n<p>16.8  Stockholm, Mosebacke<br \/>\n10-12.9  Malm\u00f6, Victoriateatern<br \/>\n13.9  Halmstad, Halmstad Teater<br \/>\n16.9  Uppsala, Katalin<br \/>\n26.9  G\u00f6teborg, Konserthuset (+ Olle Ljungstr\u00f6m)<\/p>\n<p>L\u00e4s \u00e4ven andra bloggares \u00e5sikter om <a href=\"http:\/\/bloggar.se\/om\/Freddie+Wadling\" rel=\"tag\">Freddie Wadling<\/a>, <a href=\"http:\/\/bloggar.se\/om\/Olle+Ljungstr%F6m\" rel=\"tag\">Olle Ljungstr\u00f6m<\/a>, <a href=\"http:\/\/bloggar.se\/om\/G%F6teborg\" rel=\"tag\">G\u00f6teborg<\/a><\/p>\n","protected":false},"excerpt":{"rendered":"<p>Freddie Wadling och Olle Ljungstr\u00f6m g\u00f6r en gemensam konsert p\u00e5 G\u00f6teborgs Konserthus samt egna h\u00f6stturneer Tv\u00e5 legendarer, tv\u00e5 konserter, en helafton. Den 26 september ser vi Freddie Wadling och Olle Ljungstr\u00f6m spela p\u00e5 G\u00f6teborgs Konserthus. Detta blir med stor sannolikhet den vackraste och mest angel\u00e4gna konsertafton G\u00f6teborg kommer att kunna erbjuda under h\u00f6sten, en helafton [&hellip;]<\/p>\n","protected":false},"author":13,"featured_media":0,"comment_status":"open","ping_status":"open","sticky":false,"template":"","format":"standard","meta":{"_genesis_hide_title":false,"_genesis_hide_breadcrumbs":false,"_genesis_hide_singular_image":false,"_genesis_hide_footer_widgets":false,"_genesis_custom_body_class":"","_genesis_custom_post_class":"","_genesis_layout":"","footnotes":""},"categories":[7],"tags":[3246,3810,12282],"class_list":{"0":"post-11723","1":"post","2":"type-post","3":"status-publish","4":"format-standard","6":"category-musik","7":"tag-legendarer","8":"tag-muisk","9":"tag-musik","10":"entry"},"_links":{"self":[{"href":"https:\/\/kulturbloggen.com\/index.php?rest_route=\/wp\/v2\/posts\/11723","targetHints":{"allow":["GET"]}}],"collection":[{"href":"https:\/\/kulturbloggen.com\/index.php?rest_route=\/wp\/v2\/posts"}],"about":[{"href":"https:\/\/kulturbloggen.com\/index.php?rest_route=\/wp\/v2\/types\/post"}],"author":[{"embeddable":true,"href":"https:\/\/kulturbloggen.com\/index.php?rest_route=\/wp\/v2\/users\/13"}],"replies":[{"embeddable":true,"href":"https:\/\/kulturbloggen.com\/index.php?rest_route=%2Fwp%2Fv2%2Fcomments&post=11723"}],"version-history":[{"count":0,"href":"https:\/\/kulturbloggen.com\/index.php?rest_route=\/wp\/v2\/posts\/11723\/revisions"}],"wp:attachment":[{"href":"https:\/\/kulturbloggen.com\/index.php?rest_route=%2Fwp%2Fv2%2Fmedia&parent=11723"}],"wp:term":[{"taxonomy":"category","embeddable":true,"href":"https:\/\/kulturbloggen.com\/index.php?rest_route=%2Fwp%2Fv2%2Fcategories&post=11723"},{"taxonomy":"post_tag","embeddable":true,"href":"https:\/\/kulturbloggen.com\/index.php?rest_route=%2Fwp%2Fv2%2Ftags&post=11723"}],"curies":[{"name":"wp","href":"https:\/\/api.w.org\/{rel}","templated":true}]}}