{"id":1172,"date":"2008-08-21T22:33:26","date_gmt":"2008-08-21T22:33:26","guid":{"rendered":"http:\/\/kulturbloggen.com\/?p=1172"},"modified":"2008-08-21T22:33:26","modified_gmt":"2008-08-21T22:33:26","slug":"svt-sande-handbollsrepris-medan-sverige-hoppade-for-os-medalj-skandal-ar-ordet","status":"publish","type":"post","link":"https:\/\/kulturbloggen.com\/?p=1172","title":{"rendered":"SVT s\u00e4nde handbollsrepris medan Sverige hoppade f\u00f6r OS-medalj &#8211; Skandal \u00e4r ordet"},"content":{"rendered":"<p><a href='http:\/\/sodergren.com\/kulturbloggen\/wp-content\/uploads\/2008\/08\/bengtsson125.jpg'><img loading=\"lazy\" decoding=\"async\" src=\"http:\/\/sodergren.com\/kulturbloggen\/wp-content\/uploads\/2008\/08\/bengtsson125.jpg\" alt=\"\" title=\"bengtsson125\" width=\"125\" height=\"250\" class=\"alignright size-full wp-image-1173\" \/><\/a>Rolf-G\u00f6ran Bengtsson hoppade f\u00f6r guldmedalj, men SVT s\u00e4nde en handbollsrepris. Mer \u00e4n skandal.<\/p>\n<p>SVT och tv-kanaler fr\u00e5n s\u00e5 kallade gammelmedia \u00e4r definitivt ute.<br \/>\nH\u00e4r finns en sajt d\u00e4r Peking-Os s\u00e4nder varenda t\u00e4vling som p\u00e5g\u00e5r under OS. Allt s\u00e4nds d\u00e4r live. Det \u00e4r allts\u00e5 upp till bes\u00f6karen att v\u00e4lja sj\u00e4lv vad han eller hon vill titta p\u00e5. Vi \u00e4r inte l\u00e4ngre beroende av vad en redakt\u00f6r p\u00e5 en tv-kanal v\u00e4ljer att visa.<\/p>\n<p>Som det skandal\u00f6sa att SVT s\u00e4nde en handbolls-repris medan Rolf-G\u00f6ran Bengtsson hoppade felfritt i f\u00f6rsta omg\u00e5ngen och sedan i andra omg\u00e5ngen. F\u00f6rst n\u00e4r det var omhopp mellan Bengtsson och kanadensaren vaknade SVT och s\u00e4nde direkt.<\/p>\n<p><a href=\"http:\/\/www.svd.se\/sportspel\/sommar-os\/artikel_1598481.svd\">SVT erk\u00e4nner misstagen.<\/a><\/p>\n<p><object width=\"416\" height=\"258\"><param name=\"movie\" value=\"http:\/\/svt.se\/embededflash\/91198\/1224427\/play.swf\"><\/param><param name=\"wmode\" value=\"transparent\"><\/param><param name=\"allowfullscreen\" value=\"true\"><\/param><param name=\"allowScriptAccess\" value=\"always\"><\/param><embed src=\"http:\/\/svt.se\/embededflash\/91198\/1224427\/play.swf\" type=\"application\/x-shockwave-flash\" wmode=\"transparent\" allowfullscreen=\"true\" allowScriptAccess=\"always\" width=\"416\" height=\"258\"><\/embed><\/object><\/p>\n<p>H\u00e4r \u00e4r n\u00e5gra tidningsrapporter fr\u00e5n h\u00e4sthopps-finalen:<\/p>\n<p><a href=\"http:\/\/www.aftonbladet.se\/sportbladet\/os2008\/article3151634.ab\">Aftonbladet<\/a><br \/>\n<a href=\"http:\/\/www.svd.se\/sportspel\/sommar-os\/artikel_1597973.svd\">Svenska Dagbladet 1<\/a><br \/>\n<a href=\"http:\/\/www.svd.se\/sportspel\/sommar-os\/artikel_1598423.svd\">Svenska Dagbladet 2<\/a><br \/>\n<a href=\"http:\/\/www.dn.se\/DNet\/jsp\/polopoly.jsp?d=3175&#038;a=818822\">Dagens Nyheter 1<\/a><br \/>\n<a href=\"http:\/\/www.dn.se\/DNet\/jsp\/polopoly.jsp?d=3175&#038;a=818788\">Dagens Nyheter<\/a><br \/>\n<a href=\"http:\/\/sydsvenskan.se\/sport\/os\/article359258\/Silver-till-Rolf-Goran-Bengtsson.html\">Sydsvenskan<\/a><\/p>\n<p>Andra bloggar om: <a href=\"http:\/\/bloggar.se\/om\/Peking-OS\" rel=\"tag\">Peking-OS<\/a>, <a href=\"http:\/\/bloggar.se\/om\/h%E4star\" rel=\"tag\">h\u00e4star<\/a>, <a href=\"http:\/\/bloggar.se\/om\/medier\" rel=\"tag\">medier<\/a>, <a href=\"http:\/\/bloggar.se\/om\/sportjournalistik\" rel=\"tag\">sportjournalistik<\/a>, <a href=\"http:\/\/bloggar.se\/om\/journalistik\" rel=\"tag\">journalistik<\/a>, <a href=\"http:\/\/bloggar.se\/om\/Bengtsson\" rel=\"tag\">Bengtsson<\/a>, <a href=\"http:\/\/bloggar.se\/om\/OS\" rel=\"tag\">OS<\/a>, <a href=\"http:\/\/bloggar.se\/om\/h%E4sthopp\" rel=\"tag\">h\u00e4sthopp<\/a>, <a href=\"http:\/\/bloggar.se\/om\/hoppfinal\" rel=\"tag\">hoppfinal<\/a>, <a href=\"http:\/\/bloggar.se\/om\/Ninja\" rel=\"tag\">Ninja<\/a><\/p>\n","protected":false},"excerpt":{"rendered":"<p>Rolf-G\u00f6ran Bengtsson hoppade f\u00f6r guldmedalj, men SVT s\u00e4nde en handbollsrepris. Mer \u00e4n skandal. SVT och tv-kanaler fr\u00e5n s\u00e5 kallade gammelmedia \u00e4r definitivt ute. H\u00e4r finns en sajt d\u00e4r Peking-Os s\u00e4nder varenda t\u00e4vling som p\u00e5g\u00e5r under OS. Allt s\u00e4nds d\u00e4r live. Det \u00e4r allts\u00e5 upp till bes\u00f6karen att v\u00e4lja sj\u00e4lv vad han eller hon vill titta [&hellip;]<\/p>\n","protected":false},"author":2,"featured_media":0,"comment_status":"open","ping_status":"open","sticky":false,"template":"","format":"standard","meta":{"_genesis_hide_title":false,"_genesis_hide_breadcrumbs":false,"_genesis_hide_singular_image":false,"_genesis_hide_footer_widgets":false,"_genesis_custom_body_class":"","_genesis_custom_post_class":"","_genesis_layout":"","footnotes":""},"categories":[20],"tags":[2374,3582,4296],"class_list":{"0":"post-1172","1":"post","2":"type-post","3":"status-publish","4":"format-standard","6":"category-film","7":"tag-hastar","8":"tag-medier","9":"tag-peking-os","10":"entry"},"_links":{"self":[{"href":"https:\/\/kulturbloggen.com\/index.php?rest_route=\/wp\/v2\/posts\/1172","targetHints":{"allow":["GET"]}}],"collection":[{"href":"https:\/\/kulturbloggen.com\/index.php?rest_route=\/wp\/v2\/posts"}],"about":[{"href":"https:\/\/kulturbloggen.com\/index.php?rest_route=\/wp\/v2\/types\/post"}],"author":[{"embeddable":true,"href":"https:\/\/kulturbloggen.com\/index.php?rest_route=\/wp\/v2\/users\/2"}],"replies":[{"embeddable":true,"href":"https:\/\/kulturbloggen.com\/index.php?rest_route=%2Fwp%2Fv2%2Fcomments&post=1172"}],"version-history":[{"count":0,"href":"https:\/\/kulturbloggen.com\/index.php?rest_route=\/wp\/v2\/posts\/1172\/revisions"}],"wp:attachment":[{"href":"https:\/\/kulturbloggen.com\/index.php?rest_route=%2Fwp%2Fv2%2Fmedia&parent=1172"}],"wp:term":[{"taxonomy":"category","embeddable":true,"href":"https:\/\/kulturbloggen.com\/index.php?rest_route=%2Fwp%2Fv2%2Fcategories&post=1172"},{"taxonomy":"post_tag","embeddable":true,"href":"https:\/\/kulturbloggen.com\/index.php?rest_route=%2Fwp%2Fv2%2Ftags&post=1172"}],"curies":[{"name":"wp","href":"https:\/\/api.w.org\/{rel}","templated":true}]}}