{"id":117140,"date":"2018-04-14T16:10:34","date_gmt":"2018-04-14T15:10:34","guid":{"rendered":"https:\/\/kulturbloggen.com\/?p=117140"},"modified":"2018-04-14T16:10:34","modified_gmt":"2018-04-14T15:10:34","slug":"lyssna-shout-out-louds-in-new-europe","status":"publish","type":"post","link":"https:\/\/kulturbloggen.com\/?p=117140","title":{"rendered":"Lyssna: Shout Out Louds &#8211; In New Europe"},"content":{"rendered":"<p><img loading=\"lazy\" decoding=\"async\" src=\"https:\/\/kulturbloggen.com\/wp-content\/uploads\/2018\/04\/shoutoutloudsnysingel.jpg\" alt=\"\" width=\"650\" height=\"650\" class=\"aligncenter size-full wp-image-117141\" srcset=\"https:\/\/kulturbloggen.com\/wp-content\/uploads\/2018\/04\/shoutoutloudsnysingel.jpg 650w, https:\/\/kulturbloggen.com\/wp-content\/uploads\/2018\/04\/shoutoutloudsnysingel-150x150.jpg 150w, https:\/\/kulturbloggen.com\/wp-content\/uploads\/2018\/04\/shoutoutloudsnysingel-300x300.jpg 300w\" sizes=\"auto, (max-width: 650px) 100vw, 650px\" \/><\/p>\n<p>Shout Out Louds har sl\u00e4ppt singeln &#8221;In New Europe&#8221; inf\u00f6r kommande Europaturn\u00e9, med flera Sverigespelningar inkluderade. L\u00e5ten \u00e4r producerad av Andreas S\u00f6derlund (Elias, Janice mfl).<\/p>\n<p><img loading=\"lazy\" decoding=\"async\" src=\"https:\/\/kulturbloggen.com\/wp-content\/uploads\/2018\/04\/shoutoutloudseuropa400.jpg\" alt=\"\" width=\"400\" height=\"434\" class=\"alignright size-full wp-image-117150\" srcset=\"https:\/\/kulturbloggen.com\/wp-content\/uploads\/2018\/04\/shoutoutloudseuropa400.jpg 400w, https:\/\/kulturbloggen.com\/wp-content\/uploads\/2018\/04\/shoutoutloudseuropa400-276x300.jpg 276w\" sizes=\"auto, (max-width: 400px) 100vw, 400px\" \/>Det \u00e4r en helt ny l\u00e5t fr\u00e5n Shout Out Louds efter att bandet i h\u00f6stas sl\u00e4ppte sitt femte studioalbum \u201dEase My Mind\u201d, som de \u00e4ven turn\u00e9rade i USA och Europa med. Albumet inneh\u00f6ll bland annat singlarna \u201dOh Oh\u201d, \u201dPaola\u201d och \u201dJumbo Jet\u201d.<\/p>\n<p><strong>Turn\u00e9datum:<\/strong><br \/>\n14 April | Ume\u00e5 {SE} | Ume\u00e5 Open<br \/>\n18 April | Magdeburg {DE} | Moritzhof<br \/>\n19 April | M\u00fcnster {DE} | Sputnikhalle<br \/>\n20 April | Karlsruhe {DE} | Substage<br \/>\n21 April | Linz {AT} | Posthof<br \/>\n22 April | Milan {IT} | Arci Ohibo<br \/>\n23 April | Roma {IT} | Largo<br \/>\n24 April | Bologna {IT} | Covo Club<br \/>\n25 April | Lyss {CH} | Kufa<br \/>\n26 April | Luzern {CH} | Konzerthaus Sch\u00fc\u00fcr<br \/>\n27 April | Frankfurt {DE} | Batschkapp<br \/>\n28 April | Dresden {DE} | Beatpol<br \/>\n29 April | Bremen {DE} | Modernes<br \/>\n11 May | Uppsala {SE} | Katalin<br \/>\n12 May | Lund {SE} | Mejeriet<br \/>\n18 May | Varberg {SE} | Kulturhuset Komedianten<br \/>\n19 May | Oslo {NO} | John Dee<br \/>\n25 May | Link\u00f6ping {SE} | Backstage<\/p>\n<p><iframe loading=\"lazy\" src=\"https:\/\/open.spotify.com\/embed\/album\/3jR4oRxOOJ1JVKH2ppuRkM\" width=\"300\" height=\"380\" frameborder=\"0\" allowtransparency=\"true\"><\/iframe><\/p>\n","protected":false},"excerpt":{"rendered":"<p>Shout Out Louds har sl\u00e4ppt singeln &#8221;In New Europe&#8221; inf\u00f6r kommande Europaturn\u00e9, med flera Sverigespelningar inkluderade. L\u00e5ten \u00e4r producerad av Andreas S\u00f6derlund (Elias, Janice mfl). Det \u00e4r en helt ny l\u00e5t fr\u00e5n Shout Out Louds efter att bandet i h\u00f6stas sl\u00e4ppte sitt femte studioalbum \u201dEase My Mind\u201d, som de \u00e4ven turn\u00e9rade i USA och Europa [&hellip;]<\/p>\n","protected":false},"author":13,"featured_media":0,"comment_status":"open","ping_status":"open","sticky":false,"template":"","format":"standard","meta":{"_genesis_hide_title":false,"_genesis_hide_breadcrumbs":false,"_genesis_hide_singular_image":false,"_genesis_hide_footer_widgets":false,"_genesis_custom_body_class":"","_genesis_custom_post_class":"","_genesis_layout":"","footnotes":""},"categories":[7,13624],"tags":[2467,5047],"class_list":{"0":"post-117140","1":"post","2":"type-post","3":"status-publish","4":"format-standard","6":"category-musik","7":"category-toppnytt","8":"tag-indie","9":"tag-shout-out-louds","10":"entry"},"_links":{"self":[{"href":"https:\/\/kulturbloggen.com\/index.php?rest_route=\/wp\/v2\/posts\/117140","targetHints":{"allow":["GET"]}}],"collection":[{"href":"https:\/\/kulturbloggen.com\/index.php?rest_route=\/wp\/v2\/posts"}],"about":[{"href":"https:\/\/kulturbloggen.com\/index.php?rest_route=\/wp\/v2\/types\/post"}],"author":[{"embeddable":true,"href":"https:\/\/kulturbloggen.com\/index.php?rest_route=\/wp\/v2\/users\/13"}],"replies":[{"embeddable":true,"href":"https:\/\/kulturbloggen.com\/index.php?rest_route=%2Fwp%2Fv2%2Fcomments&post=117140"}],"version-history":[{"count":5,"href":"https:\/\/kulturbloggen.com\/index.php?rest_route=\/wp\/v2\/posts\/117140\/revisions"}],"predecessor-version":[{"id":117151,"href":"https:\/\/kulturbloggen.com\/index.php?rest_route=\/wp\/v2\/posts\/117140\/revisions\/117151"}],"wp:attachment":[{"href":"https:\/\/kulturbloggen.com\/index.php?rest_route=%2Fwp%2Fv2%2Fmedia&parent=117140"}],"wp:term":[{"taxonomy":"category","embeddable":true,"href":"https:\/\/kulturbloggen.com\/index.php?rest_route=%2Fwp%2Fv2%2Fcategories&post=117140"},{"taxonomy":"post_tag","embeddable":true,"href":"https:\/\/kulturbloggen.com\/index.php?rest_route=%2Fwp%2Fv2%2Ftags&post=117140"}],"curies":[{"name":"wp","href":"https:\/\/api.w.org\/{rel}","templated":true}]}}