{"id":11693,"date":"2009-08-12T13:09:17","date_gmt":"2009-08-12T11:09:17","guid":{"rendered":"http:\/\/kulturbloggen.com\/?p=11693"},"modified":"2009-08-12T13:09:17","modified_gmt":"2009-08-12T11:09:17","slug":"polismyndigheten-i-vasterbotten-vill-ta-bort-de-demokratiska-rattigheterna-for-poliser","status":"publish","type":"post","link":"https:\/\/kulturbloggen.com\/?p=11693","title":{"rendered":"Polismyndigheten i V\u00e4sterbotten vill ta bort de demokratiska r\u00e4ttigheterna f\u00f6r poliser"},"content":{"rendered":"<p><img loading=\"lazy\" decoding=\"async\" src=\"http:\/\/sodergren.com\/kulturbloggen\/wp-content\/uploads\/2009\/08\/polisbil.jpg\" alt=\"polisbil\" title=\"polisbil\" width=\"300\" height=\"106\" class=\"aligncenter size-full wp-image-11695\" \/><br \/>\nDet finns en och annan person inom svenska myndigheter som har noll koll p\u00e5 vad demokrati inneb\u00e4r. Och som inte har n\u00e5gon respekt f\u00f6r de medborgerliga r\u00e4ttigheterna.<br \/>\n<a href=\"http:\/\/www.dn.se\/nyheter\/sverige\/poliser-forbjuds-att-arbeta-politiskt-1.929151\"><br \/>\nDagens Nyheter idag<\/a>:<\/p>\n<blockquote><p>Tre poliser i V\u00e4sterbottens l\u00e4n f\u00f6rbjuds att engagera sig politiskt i sina hemkommuner. Det kan rubba allm\u00e4nhetens f\u00f6rtroende f\u00f6r polisen, menar polismyndigheten.<\/p><\/blockquote>\n<p>S\u00e5 felt\u00e4nkt av polismyndigheterna. Alla medborgare har r\u00e4tt att r\u00f6sta i val, har r\u00e4tt vill valhemlighet, har r\u00e4tt att yttra sig, har r\u00e4tt att engagera sig politiskt. Att sk\u00e4ra ned p\u00e5 dessa r\u00e4ttigheter f\u00f6rbereder v\u00e4gen f\u00f6r diktatur, censur och fascism.<\/p>\n<p>Det \u00e4r tydligt att de demokratiska r\u00e4ttigheterna \u00e4r n\u00e5got vi st\u00e4ndigt m\u00e5ste \u00e5terer\u00f6vra. St\u00e4ndigt k\u00e4mpa f\u00f6r. Angrepp p\u00e5 demokratin sker om och om igen i alla m\u00f6jliga former.<\/p>\n<p><a href=\"http:\/\/arvidfalk.se\/2009\/08\/politiska-uppdrag-ar-en-demokratisk-rattighet-att-inneha\/\">Erik har kommenterat detta p\u00e5 Arvid Falk ocks\u00e5.<\/a><\/p>\n","protected":false},"excerpt":{"rendered":"<p>Det finns en och annan person inom svenska myndigheter som har noll koll p\u00e5 vad demokrati inneb\u00e4r. Och som inte har n\u00e5gon respekt f\u00f6r de medborgerliga r\u00e4ttigheterna. Dagens Nyheter idag: Tre poliser i V\u00e4sterbottens l\u00e4n f\u00f6rbjuds att engagera sig politiskt i sina hemkommuner. Det kan rubba allm\u00e4nhetens f\u00f6rtroende f\u00f6r polisen, menar polismyndigheten. S\u00e5 felt\u00e4nkt av [&hellip;]<\/p>\n","protected":false},"author":2,"featured_media":0,"comment_status":"open","ping_status":"open","sticky":false,"template":"","format":"standard","meta":{"_genesis_hide_title":false,"_genesis_hide_breadcrumbs":false,"_genesis_hide_singular_image":false,"_genesis_hide_footer_widgets":false,"_genesis_custom_body_class":"","_genesis_custom_post_class":"","_genesis_layout":"","footnotes":""},"categories":[20],"tags":[1214,3897,12284],"class_list":{"0":"post-11693","1":"post","2":"type-post","3":"status-publish","4":"format-standard","6":"category-film","7":"tag-demokrati","8":"tag-manskliga-rattigheter","9":"tag-politik","10":"entry"},"_links":{"self":[{"href":"https:\/\/kulturbloggen.com\/index.php?rest_route=\/wp\/v2\/posts\/11693","targetHints":{"allow":["GET"]}}],"collection":[{"href":"https:\/\/kulturbloggen.com\/index.php?rest_route=\/wp\/v2\/posts"}],"about":[{"href":"https:\/\/kulturbloggen.com\/index.php?rest_route=\/wp\/v2\/types\/post"}],"author":[{"embeddable":true,"href":"https:\/\/kulturbloggen.com\/index.php?rest_route=\/wp\/v2\/users\/2"}],"replies":[{"embeddable":true,"href":"https:\/\/kulturbloggen.com\/index.php?rest_route=%2Fwp%2Fv2%2Fcomments&post=11693"}],"version-history":[{"count":0,"href":"https:\/\/kulturbloggen.com\/index.php?rest_route=\/wp\/v2\/posts\/11693\/revisions"}],"wp:attachment":[{"href":"https:\/\/kulturbloggen.com\/index.php?rest_route=%2Fwp%2Fv2%2Fmedia&parent=11693"}],"wp:term":[{"taxonomy":"category","embeddable":true,"href":"https:\/\/kulturbloggen.com\/index.php?rest_route=%2Fwp%2Fv2%2Fcategories&post=11693"},{"taxonomy":"post_tag","embeddable":true,"href":"https:\/\/kulturbloggen.com\/index.php?rest_route=%2Fwp%2Fv2%2Ftags&post=11693"}],"curies":[{"name":"wp","href":"https:\/\/api.w.org\/{rel}","templated":true}]}}