{"id":116886,"date":"2018-04-03T07:28:15","date_gmt":"2018-04-03T06:28:15","guid":{"rendered":"https:\/\/kulturbloggen.com\/?p=116886"},"modified":"2018-04-03T07:28:15","modified_gmt":"2018-04-03T06:28:15","slug":"livet-som-i-en-bat-musikalverksamhet-som-pedagogisk-utvecklingsmetod","status":"publish","type":"post","link":"https:\/\/kulturbloggen.com\/?p=116886","title":{"rendered":"Livet som i en b\u00e5t &#8211; Musikalverksamhet som pedagogisk utvecklingsmetod"},"content":{"rendered":"<p><img loading=\"lazy\" decoding=\"async\" src=\"https:\/\/kulturbloggen.com\/wp-content\/uploads\/2018\/04\/lottamusikalstor.png\" alt=\"\" width=\"650\" height=\"867\" class=\"aligncenter size-full wp-image-116891\" srcset=\"https:\/\/kulturbloggen.com\/wp-content\/uploads\/2018\/04\/lottamusikalstor.png 650w, https:\/\/kulturbloggen.com\/wp-content\/uploads\/2018\/04\/lottamusikalstor-225x300.png 225w\" sizes=\"auto, (max-width: 650px) 100vw, 650px\" \/><\/p>\n<p>Alla har nog n\u00e5gon g\u00e5ng t\u00e4nkt, \u201d\u00e5hh jag beh\u00f6ver pigga upp mig och g\u00f6ra n\u00e5got skoj\u201d. Det \u00e4r d\u00e5 m\u00e5nga kulturintresserade v\u00e4ljer en h\u00e4rligt och v\u00e4lk\u00e4nd musikal p\u00e5 n\u00e5gon privatteater i n\u00e4rheten, allt f\u00f6r att f\u00e5 bli road, k\u00e4nna l\u00e4ttsamhet och inte beh\u00f6va fundera s\u00e5 mycket. Musikaler kan vara en underbar tillflykt fr\u00e5n v\u00e4rldens krav p\u00e5 att st\u00e4ndigt sj\u00e4lv leverera och vara p\u00e5 topp. F\u00f6r n\u00e4r bryter vi ut i s\u00e5ng och steppar intensivt n\u00e4r livet k\u00e4nns hoppl\u00f6st i v\u00e5r egen v\u00e4rld (man kanske borde?). Det \u00e4r ju inget fel med l\u00e4ttsam underh\u00e5llning, men konstformen kan f\u00e5 betyda s\u00e5 mycket mer f\u00f6r m\u00e4nniskor \u00e4n enbart upplyftandet f\u00f6r en publik som blir styrd att skratta eller tralla med i r\u00e4tt stund. Det kan f\u00e5 bli mer k\u00f6tt p\u00e5 benet om den ges lite st\u00f6rre utrymme och eftertanke.<\/p>\n<p>Vi i Enskede-\u00c5rsta f\u00f6rsamling har m\u00f6jligheten att f\u00e5 lov att anv\u00e4nda musikalkonceptet som ett utvecklingskoncept f\u00f6r barn i junior\u00e5lder (8-12 \u00e5r). Vi jobbar med det p\u00e5 torsdagarskv\u00e4llar fr\u00e5n september till juni. En del av barn \u00e4r med flera \u00e5r i gruppen och andra enbart tv\u00e5 terminer. Det viktigaste med att de \u00e4r d\u00e4r, \u00e4r att de v\u00e4xer med konceptet, manuset och utmaningen i skilda roller p\u00e5 scen. Det \u00e4r ungdomarnas utveckling som \u00e4r po\u00e4ngen och det spelar roll, att spela roll (gruppen heter just \u201dSpela roll\u201d). Att f\u00e5 lov att st\u00e5 p\u00e5 scen f\u00f6r sin egen skull och veta att ens prestation enbart bed\u00f6ms efter ens egna f\u00f6ruts\u00e4ttningar, m\u00e5l och \u00f6nskem\u00e5l \u00e4r en situation jag till\u00f6nskar fler. Man ler alltid en smula n\u00e4r man ser n\u00e5gon v\u00e4xa ur en form, f\u00f6r att ta st\u00f6rre plats i annan skepnad. <\/p>\n<p>Vi kommer att spela en nyskriven musikal som heter Livet som i en b\u00e5t. Genom manuset har vi jobbat med metaforer kring hur livet i stort kan gestaltas som en f\u00e4rd i en b\u00e5t. Vi vet ju att livet ofta gungar ordentligt, hur vi tar oss vatten \u00f6ver huvudet och att flyt i tillvaron \u00e4r det som naturligtvis efterstr\u00e4vas. Dessutom har vi lagt in lite teologiska begrepp i handlingen f\u00f6r att p\u00e5visa tro, hopp och k\u00e4rlek som en drivkraft och som ett moment med ro inf\u00f6r framtiden.<br \/>\nAlla barnen i gruppen fick under h\u00f6sten hj\u00e4lpa till att arbeta grundligt kring dessa metaforer. Dessutom fick kidsen sj\u00e4lva v\u00e4lja vilken typ av roll\/roller de trodde att de v\u00e5gade spela, men ocks\u00e5 hur stor den kunde f\u00e5 lov att vara. N\u00e5gra av juniorerna kunde vi motivera till st\u00f6rre ansvar, medan andra kunde vi styra in p\u00e5 nya v\u00e4gar. I en musikalgrupp \u00e4r det alltid viktigast att jobba med gruppens behov och hur viktigt det \u00e4r att vi tillsammans ska g\u00f6ra det h\u00e4r ihop. Min n\u00e4rmaste kollega Jonathan Poll s\u00e4ger alltid \u201dGruppen, gruppen, gruppen\u201d och kidsen f\u00f6rst\u00e5r precis, att det \u00e4r den man m\u00e5ste ta h\u00e4nsyn till f\u00f6rst. N\u00e4r vi st\u00e4rker och hj\u00e4lper varandra p\u00e5 scen och utanf\u00f6r, v\u00e4xer vi automatiskt sj\u00e4lva av bara farten. Man blir alltid lika glad \u00f6ver att se hur de unga utvecklas ihop f\u00f6r att de ser till allas b\u00e4sta lika mycket som sitt eget. Det \u00e4r n\u00e5got som vi vuxna skulle beh\u00f6va ocks\u00e5 i v\u00e5r egoistiska v\u00e4rld som kr\u00e4ver ett st\u00f6rre \u201djag\u201d av oss \u00e4n vad som alltid \u00e4r h\u00e4lsosamt f\u00f6r n\u00e5gon part.<\/p>\n<p><img loading=\"lazy\" decoding=\"async\" src=\"https:\/\/kulturbloggen.com\/wp-content\/uploads\/2018\/04\/lottamusikal-212x300.jpg\" alt=\"\" width=\"212\" height=\"300\" class=\"alignright size-medium wp-image-116893\" srcset=\"https:\/\/kulturbloggen.com\/wp-content\/uploads\/2018\/04\/lottamusikal-212x300.jpg 212w, https:\/\/kulturbloggen.com\/wp-content\/uploads\/2018\/04\/lottamusikal.jpg 650w\" sizes=\"auto, (max-width: 212px) 100vw, 212px\" \/>I \u00e5r har gruppen ocks\u00e5 ett sp\u00e4nnande och annorlunda samarbete med gospelk\u00f6ren Overjoyed. Det h\u00e4nder n\u00e5got extra ordin\u00e4rt n\u00e4r vuxna och barn jobbar tillsammans och f\u00e5r liknande utrymme med ett gemensamt m\u00e5l. Kanske tror man att det \u00e4r de vuxna som styr eller l\u00e4r sig minst, men s\u00e5 \u00e4r det sannerligen inte. I \u00e5r har k\u00f6ren blivit tilldelade 10 stycken etablerade s\u00e5nger som hj\u00e4lper till att f\u00f6ra musikalens handling fram\u00e5t f\u00f6r de unga akt\u00f6rerna. F\u00f6r det \u00e4r med hj\u00e4lp av olika rytmer och mimik som Overjoyed g\u00f6r sina egna tolkningar av text och musik f\u00f6r att berika barnens framtr\u00e4dande.<\/p>\n<p>Barn och vuxna ger och tar och tillsammans blir det en musikal med havsdjup, tilltro och \u201dsitt ned i b\u00e5ten med flytv\u00e4sten p\u00e5\u201d under stormen. <\/p>\n<p><strong>Livet som i en b\u00e5t<\/strong><br \/>\nManus och regi Lotta Altner<br \/>\nScenografi och rekvisita Jonathan Poll (och f\u00f6rsamlingens grupper \u201dDrama och skoj\u201d och \u201dSpela roll\u201d)<br \/>\nKapellm\u00e4stare och k\u00f6rledare Camilla Stenman<br \/>\nMed p\u00e5 scen F\u00f6rsamlingens musikalgrupp \u201dSpela roll\u201d, kollegor i samlingen och Overjoyed Gospel<br \/>\nPremi\u00e4r l\u00f6rdagen den 26 maj 2018, kl.15 och f\u00f6rest\u00e4llning s\u00f6ndagen den 27 maj 2018, kl.15<\/p>\n","protected":false},"excerpt":{"rendered":"<p>Alla har nog n\u00e5gon g\u00e5ng t\u00e4nkt, \u201d\u00e5hh jag beh\u00f6ver pigga upp mig och g\u00f6ra n\u00e5got skoj\u201d. Det \u00e4r d\u00e5 m\u00e5nga kulturintresserade v\u00e4ljer en h\u00e4rligt och v\u00e4lk\u00e4nd musikal p\u00e5 n\u00e5gon privatteater i n\u00e4rheten, allt f\u00f6r att f\u00e5 bli road, k\u00e4nna l\u00e4ttsamhet och inte beh\u00f6va fundera s\u00e5 mycket. Musikaler kan vara en underbar tillflykt fr\u00e5n v\u00e4rldens krav [&hellip;]<\/p>\n","protected":false},"author":32,"featured_media":0,"comment_status":"open","ping_status":"open","sticky":false,"template":"","format":"standard","meta":{"_genesis_hide_title":false,"_genesis_hide_breadcrumbs":false,"_genesis_hide_singular_image":false,"_genesis_hide_footer_widgets":false,"_genesis_custom_body_class":"","_genesis_custom_post_class":"","_genesis_layout":"","footnotes":""},"categories":[44,62,20,13624],"tags":[],"class_list":{"0":"post-116886","1":"post","2":"type-post","3":"status-publish","4":"format-standard","6":"category-chadie","7":"category-medie-och-kulturpolitik","8":"category-film","9":"category-toppnytt","10":"entry"},"_links":{"self":[{"href":"https:\/\/kulturbloggen.com\/index.php?rest_route=\/wp\/v2\/posts\/116886","targetHints":{"allow":["GET"]}}],"collection":[{"href":"https:\/\/kulturbloggen.com\/index.php?rest_route=\/wp\/v2\/posts"}],"about":[{"href":"https:\/\/kulturbloggen.com\/index.php?rest_route=\/wp\/v2\/types\/post"}],"author":[{"embeddable":true,"href":"https:\/\/kulturbloggen.com\/index.php?rest_route=\/wp\/v2\/users\/32"}],"replies":[{"embeddable":true,"href":"https:\/\/kulturbloggen.com\/index.php?rest_route=%2Fwp%2Fv2%2Fcomments&post=116886"}],"version-history":[{"count":5,"href":"https:\/\/kulturbloggen.com\/index.php?rest_route=\/wp\/v2\/posts\/116886\/revisions"}],"predecessor-version":[{"id":116894,"href":"https:\/\/kulturbloggen.com\/index.php?rest_route=\/wp\/v2\/posts\/116886\/revisions\/116894"}],"wp:attachment":[{"href":"https:\/\/kulturbloggen.com\/index.php?rest_route=%2Fwp%2Fv2%2Fmedia&parent=116886"}],"wp:term":[{"taxonomy":"category","embeddable":true,"href":"https:\/\/kulturbloggen.com\/index.php?rest_route=%2Fwp%2Fv2%2Fcategories&post=116886"},{"taxonomy":"post_tag","embeddable":true,"href":"https:\/\/kulturbloggen.com\/index.php?rest_route=%2Fwp%2Fv2%2Ftags&post=116886"}],"curies":[{"name":"wp","href":"https:\/\/api.w.org\/{rel}","templated":true}]}}