{"id":116727,"date":"2018-03-23T13:15:27","date_gmt":"2018-03-23T12:15:27","guid":{"rendered":"https:\/\/kulturbloggen.com\/?p=116727"},"modified":"2018-03-23T13:15:27","modified_gmt":"2018-03-23T12:15:27","slug":"lyssna-kajsa-grytt-har-och-nu","status":"publish","type":"post","link":"https:\/\/kulturbloggen.com\/?p=116727","title":{"rendered":"Lyssna: Kajsa Grytt &#8211; H\u00e4r och nu"},"content":{"rendered":"<p><img loading=\"lazy\" decoding=\"async\" src=\"https:\/\/kulturbloggen.com\/wp-content\/uploads\/2018\/03\/unnamed-2.jpg\" alt=\"\" width=\"479\" height=\"337\" class=\"aligncenter size-full wp-image-116735\" srcset=\"https:\/\/kulturbloggen.com\/wp-content\/uploads\/2018\/03\/unnamed-2.jpg 479w, https:\/\/kulturbloggen.com\/wp-content\/uploads\/2018\/03\/unnamed-2-300x211.jpg 300w\" sizes=\"auto, (max-width: 479px) 100vw, 479px\" \/><\/p>\n<p>Kajsa Grytt sl\u00e4pper singeln &#8221;H\u00e4r Nu&#8221; och \u00e5ker p\u00e5 turn\u00e9, ber\u00e4ttar ett pressmeddelande:<br \/>\nMed uppm\u00e4rksammade sl\u00e4ppen av Bron, den feministiska kamps\u00e5ngen Mina Girls och albumtitelsp\u00e5ret Kniven i Hj\u00e4rtat gav Kajsa Grytt en stark f\u00f6rsmak av vad som komma skall. Albumet sl\u00e4pps den 13 april och nu kommer singeln &#8221;H\u00e4r Nu. Hon ger ocks\u00e5 en rad konserter.<\/p>\n<p>Det kommande albumets tema \u00e4r hela det universum av bilder, k\u00e4nslor och l\u00e4ngtan som samlats i kroppen n\u00e4r en levt l\u00e4nge. Att \u00e5ren g\u00f6r m\u00e5nga teman mycket r\u00e5are. S\u00e5nt som kunde vara r\u00f6rande men konventionellt att skriva om som ung, k\u00e4nns nu utmanande och n\u00e4stan farligt att s\u00e4tta ord p\u00e5 och sjunga i l\u00e5tar. Som l\u00e4ngtan h\u00e4rifr\u00e5n, eller b\u00f6nen om att aldrig d\u00f6, den stora k\u00e4rleken man aldrig fick, eller h\u00e4rlig utlevande sex. Samma sak med politisk ilska och feministisk kaxighet.<\/p>\n<p>Kniven i hj\u00e4rtat sl\u00e4pps 13 april digitalt och p\u00e5 vinyl genom Kajsas egna bolag. Det \u00e4r f\u00f6rsta g\u00e5ngen Kajsa, som snart firar 40 \u00e5r som artist, sl\u00e4pper i egen regi och p\u00e5 helt egna villkor.<\/p>\n<p>Kort d\u00e4refter, den 26 april, sl\u00e4pps \u00e4ven Kajsas tredje roman. Boken handlar om ett \u00e4mne som verkligen ber\u00f6r, om en kvinna som \u00f6vergett sitt barn. En vacker och sm\u00e4rtsam skildring av f\u00f6rlust och frihet, skuld och tillh\u00f6righet.<\/p>\n<p>H\u00e4r kan du se Kajsa Grytt live:<br \/>\n30\/8 G\u00f6teborg, Nefertiti<br \/>\n31\/8 Halmstad, Kajskjulet<br \/>\n1\/9 Stockholm, Nalen<\/p>\n<p>Fler datum tillkommer<\/p>\n<p><iframe loading=\"lazy\" src=\"https:\/\/open.spotify.com\/embed\/album\/5bydo0D7eXRpfM4x3Cppw4\" width=\"300\" height=\"380\" frameborder=\"0\" allowtransparency=\"true\"><\/iframe><\/p>\n","protected":false},"excerpt":{"rendered":"<p>Kajsa Grytt sl\u00e4pper singeln &#8221;H\u00e4r Nu&#8221; och \u00e5ker p\u00e5 turn\u00e9, ber\u00e4ttar ett pressmeddelande: Med uppm\u00e4rksammade sl\u00e4ppen av Bron, den feministiska kamps\u00e5ngen Mina Girls och albumtitelsp\u00e5ret Kniven i Hj\u00e4rtat gav Kajsa Grytt en stark f\u00f6rsmak av vad som komma skall. Albumet sl\u00e4pps den 13 april och nu kommer singeln &#8221;H\u00e4r Nu. Hon ger ocks\u00e5 en rad [&hellip;]<\/p>\n","protected":false},"author":13,"featured_media":0,"comment_status":"open","ping_status":"open","sticky":false,"template":"","format":"standard","meta":{"_genesis_hide_title":false,"_genesis_hide_breadcrumbs":false,"_genesis_hide_singular_image":false,"_genesis_hide_footer_widgets":false,"_genesis_custom_body_class":"","_genesis_custom_post_class":"","_genesis_layout":"","footnotes":""},"categories":[7],"tags":[],"class_list":{"0":"post-116727","1":"post","2":"type-post","3":"status-publish","4":"format-standard","6":"category-musik","7":"entry"},"_links":{"self":[{"href":"https:\/\/kulturbloggen.com\/index.php?rest_route=\/wp\/v2\/posts\/116727","targetHints":{"allow":["GET"]}}],"collection":[{"href":"https:\/\/kulturbloggen.com\/index.php?rest_route=\/wp\/v2\/posts"}],"about":[{"href":"https:\/\/kulturbloggen.com\/index.php?rest_route=\/wp\/v2\/types\/post"}],"author":[{"embeddable":true,"href":"https:\/\/kulturbloggen.com\/index.php?rest_route=\/wp\/v2\/users\/13"}],"replies":[{"embeddable":true,"href":"https:\/\/kulturbloggen.com\/index.php?rest_route=%2Fwp%2Fv2%2Fcomments&post=116727"}],"version-history":[{"count":3,"href":"https:\/\/kulturbloggen.com\/index.php?rest_route=\/wp\/v2\/posts\/116727\/revisions"}],"predecessor-version":[{"id":116736,"href":"https:\/\/kulturbloggen.com\/index.php?rest_route=\/wp\/v2\/posts\/116727\/revisions\/116736"}],"wp:attachment":[{"href":"https:\/\/kulturbloggen.com\/index.php?rest_route=%2Fwp%2Fv2%2Fmedia&parent=116727"}],"wp:term":[{"taxonomy":"category","embeddable":true,"href":"https:\/\/kulturbloggen.com\/index.php?rest_route=%2Fwp%2Fv2%2Fcategories&post=116727"},{"taxonomy":"post_tag","embeddable":true,"href":"https:\/\/kulturbloggen.com\/index.php?rest_route=%2Fwp%2Fv2%2Ftags&post=116727"}],"curies":[{"name":"wp","href":"https:\/\/api.w.org\/{rel}","templated":true}]}}