{"id":11664,"date":"2009-08-10T16:52:44","date_gmt":"2009-08-10T14:52:44","guid":{"rendered":"http:\/\/kulturbloggen.com\/?p=11664"},"modified":"2009-08-10T16:52:44","modified_gmt":"2009-08-10T14:52:44","slug":"albin-ndoja-prislander-presenterar-sig","status":"publish","type":"post","link":"https:\/\/kulturbloggen.com\/?p=11664","title":{"rendered":"Albin Ndoja Prislander presenterar sig"},"content":{"rendered":"<p><img loading=\"lazy\" decoding=\"async\" src=\"http:\/\/sodergren.com\/kulturbloggen\/wp-content\/uploads\/2009\/08\/albinndoja-270x300.jpg\" alt=\"albinndoja\" title=\"albinndoja\" width=\"270\" height=\"300\" class=\"aligncenter size-medium wp-image-11665\" \/><br \/>\nEn ung artist p\u00e5 uppg\u00e5ng ber\u00e4ttar sj\u00e4lv om sig sj\u00e4lv och sitt liv som artist:<\/p>\n<p>Albin Ndoja Prislander heter jag, 24 \u00e5r ung och bor i Stockholm.<br \/>\nJag f\u00f6ddes i Italien 1986 men b\u00e5da mina f\u00f6r\u00e4ldrar \u00e4r ursprungligen fr\u00e5n Kosovo. Jag kom till Sverige vid tv\u00e5 \u00e5rs \u00e5lder och sedan dess har mitt liv rullat p\u00e5. Idag jobbar jag som projektledare &#038; IT-tekniker. Men musik karri\u00e4ren \u00e4r det jag vill leva p\u00e5 och ber\u00f6ra andra genom.<\/p>\n<p>N\u00e4r jag var 6 \u00e5r fick jag min f\u00f6rsta synth som jag klinkade p\u00e5, l\u00e4rde mig olika l\u00e5tar genom att bara lyssna. Jag l\u00e4rde mig aldrig noter, liten som \u00e4ldre utan har alltid utg\u00e5tt fr\u00e5n geh\u00f6r.<br \/>\nJag spelade piano\/synth v\u00e4ldigt l\u00e4nge till jag b\u00f6rjade h\u00f6gstadiet d\u00e5 jag b\u00f6rjade med hiphop musik och blev en rapp- artist samt hiphop producent. Jag och mina b\u00e4sta v\u00e4nner d\u00e5 spelade in l\u00e5tar och t\u00e4vla runt om i landet inom olika forum och t\u00e4vlingar, bland annat UKM. Vi splittrades dock eftersom alla flyttade fr\u00e5n varandra p\u00e5 grund av jobb och skola.<\/p>\n<p>N\u00e4r jag var 19 \u00e5r s\u00e5 b\u00f6rjade jag sjunga vilket var en ytterligare talang jag inte riktigt f\u00f6rstod att jag hade, \u00e4ven om jag sj\u00e4lv alltid har tyckt att jag sj\u00f6ng bra, s\u00e5 hade jag aldrig f\u00e5tt feedback p\u00e5 att det faktiskt l\u00e4t bra. Till en dag n\u00e4r jag skulle rappa p\u00e5 en vers p\u00e5 Kristianstads dagarna (festival) och min tjejkompis skulle sjunga p\u00e5 refr\u00e4ngen. Hon hade gl\u00f6mt bort sin refr\u00e4ng precis innan upptr\u00e4dandet och jag b\u00f6rja sjunga p\u00e5 den. Till hennes och andras f\u00f6rv\u00e5ning s\u00e5 tyckte dom att jag sj\u00f6ng j\u00e4tte bra vilket d\u00e5 slog mig. Sedan dess har min s\u00e5ng karri\u00e4r bara g\u00e5tt fram\u00e5t, med m\u00e5nga cover inspelade l\u00e5tar samt egna l\u00e5tar.<\/p>\n<p>Idag har jag tre producenter fr\u00e5n Kristianstad \/ uppsala &#038; Stockholm som jag samarbetar med. De k\u00e4mpar f\u00f6r mig och f\u00f6r sig sj\u00e4lva och genom detta kommer vi att sl\u00e4ppa bra och nya samt egna l\u00e5tar f\u00f6r er alla! Jag tillh\u00f6r Genr\u00e9 Rnb, ballad samt pop och det \u00e4r den musik jag kommer att profilera mig inom.<\/p>\n<p>Hoppas ni gillar det ni h\u00f6r!<\/p>\n<p><a href=\"http:\/\/www.albinndoja.com\/info.htm\">H\u00e4r \u00e4r Albin Ndoja Prislanders hemsida.<\/a><\/p>\n<p>Albin Ndoja Stand by me Live Home video<\/p>\n<p><object width=\"425\" height=\"344\"><param name=\"movie\" value=\"http:\/\/www.youtube.com\/v\/xVsNAvr87ko&#038;hl=sv&#038;fs=1&#038;\"><\/param><param name=\"allowFullScreen\" value=\"true\"><\/param><param name=\"allowscriptaccess\" value=\"always\"><\/param><embed src=\"http:\/\/www.youtube.com\/v\/xVsNAvr87ko&#038;hl=sv&#038;fs=1&#038;\" type=\"application\/x-shockwave-flash\" allowscriptaccess=\"always\" allowfullscreen=\"true\" width=\"425\" height=\"344\"><\/embed><\/object><\/p>\n<p>L\u00e4s \u00e4ven andra bloggares \u00e5sikter om <a href=\"http:\/\/bloggar.se\/om\/musik\" rel=\"tag\">musik<\/a>, <a href=\"http:\/\/bloggar.se\/om\/rnb\" rel=\"tag\">rnb<\/a>, <a href=\"http:\/\/bloggar.se\/om\/Albin+Ndoja\" rel=\"tag\">Albin Ndoja<\/a><\/p>\n","protected":false},"excerpt":{"rendered":"<p>En ung artist p\u00e5 uppg\u00e5ng ber\u00e4ttar sj\u00e4lv om sig sj\u00e4lv och sitt liv som artist: Albin Ndoja Prislander heter jag, 24 \u00e5r ung och bor i Stockholm. Jag f\u00f6ddes i Italien 1986 men b\u00e5da mina f\u00f6r\u00e4ldrar \u00e4r ursprungligen fr\u00e5n Kosovo. Jag kom till Sverige vid tv\u00e5 \u00e5rs \u00e5lder och sedan dess har mitt liv rullat [&hellip;]<\/p>\n","protected":false},"author":13,"featured_media":0,"comment_status":"open","ping_status":"open","sticky":false,"template":"","format":"standard","meta":{"_genesis_hide_title":false,"_genesis_hide_breadcrumbs":false,"_genesis_hide_singular_image":false,"_genesis_hide_footer_widgets":false,"_genesis_custom_body_class":"","_genesis_custom_post_class":"","_genesis_layout":"","footnotes":""},"categories":[7],"tags":[12282,4770],"class_list":{"0":"post-11664","1":"post","2":"type-post","3":"status-publish","4":"format-standard","6":"category-musik","7":"tag-musik","8":"tag-rnb","9":"entry"},"_links":{"self":[{"href":"https:\/\/kulturbloggen.com\/index.php?rest_route=\/wp\/v2\/posts\/11664","targetHints":{"allow":["GET"]}}],"collection":[{"href":"https:\/\/kulturbloggen.com\/index.php?rest_route=\/wp\/v2\/posts"}],"about":[{"href":"https:\/\/kulturbloggen.com\/index.php?rest_route=\/wp\/v2\/types\/post"}],"author":[{"embeddable":true,"href":"https:\/\/kulturbloggen.com\/index.php?rest_route=\/wp\/v2\/users\/13"}],"replies":[{"embeddable":true,"href":"https:\/\/kulturbloggen.com\/index.php?rest_route=%2Fwp%2Fv2%2Fcomments&post=11664"}],"version-history":[{"count":0,"href":"https:\/\/kulturbloggen.com\/index.php?rest_route=\/wp\/v2\/posts\/11664\/revisions"}],"wp:attachment":[{"href":"https:\/\/kulturbloggen.com\/index.php?rest_route=%2Fwp%2Fv2%2Fmedia&parent=11664"}],"wp:term":[{"taxonomy":"category","embeddable":true,"href":"https:\/\/kulturbloggen.com\/index.php?rest_route=%2Fwp%2Fv2%2Fcategories&post=11664"},{"taxonomy":"post_tag","embeddable":true,"href":"https:\/\/kulturbloggen.com\/index.php?rest_route=%2Fwp%2Fv2%2Ftags&post=11664"}],"curies":[{"name":"wp","href":"https:\/\/api.w.org\/{rel}","templated":true}]}}