{"id":116614,"date":"2018-03-19T15:20:32","date_gmt":"2018-03-19T14:20:32","guid":{"rendered":"https:\/\/kulturbloggen.com\/?p=116614"},"modified":"2018-03-19T15:20:32","modified_gmt":"2018-03-19T14:20:32","slug":"graveyard-oppnar-for-guns-nroses","status":"publish","type":"post","link":"https:\/\/kulturbloggen.com\/?p=116614","title":{"rendered":"Graveyard \u00f6ppnar f\u00f6r Guns n\u00b4Roses"},"content":{"rendered":"<p><img loading=\"lazy\" decoding=\"async\" src=\"https:\/\/kulturbloggen.com\/wp-content\/uploads\/2018\/03\/graveyardullevi.jpg\" alt=\"\" width=\"600\" height=\"289\" class=\"aligncenter size-full wp-image-116615\" srcset=\"https:\/\/kulturbloggen.com\/wp-content\/uploads\/2018\/03\/graveyardullevi.jpg 600w, https:\/\/kulturbloggen.com\/wp-content\/uploads\/2018\/03\/graveyardullevi-300x145.jpg 300w\" sizes=\"auto, (max-width: 600px) 100vw, 600px\" \/><\/p>\n<p>L\u00f6rdagen den 21 juli 2018 kliver Guns N\u2019 Roses upp p\u00e5 Ullevis scen inf\u00f6r fullsatta l\u00e4ktare. Nu kom besked att svenska Graveyard agerar support denna kv\u00e4ll och innan Graveyard ser vi Tyler Bryant &#038; The Shakedown.<\/p>\n<p>Ett pressmeddelande:<br \/>\nSvenska h\u00e5rdrockshj\u00e4ltarna i Graveyard har vunnit grammisar, P3 Guld och hyllats av b\u00e5de fans och kritiker i m\u00e5nga \u00e5r nu. Nu har de precis avslutat studioinspelningarna av det nya femte albumet som kommer sl\u00e4ppas innan sommaren, och redan i april kommer vi f\u00e5 ett f\u00f6rsta smakprov i form av en ny singel.<\/p>\n<p>Med nytt f\u00e4rskt material fr\u00e5n detta G\u00f6teborgsband k\u00e4nns det otroligt kul att kunna h\u00e4lsa dem v\u00e4lkomna till en redan p\u00e5 pappret legendarisk konsertkv\u00e4ll p\u00e5 Ullevi.<\/p>\n<p>F\u00f6rst ut denna kv\u00e4ll ser vi ocks\u00e5 grymma Tyler Bryant &#038; The Shakedown fr\u00e5n Nashville. Bandet som debuterade med fantastiska \u201dWild Child\u201d 2013 \u00e4r nu aktuella med sitta andra och sj\u00e4lvbetitlade album fr\u00e5n november f\u00f6rra \u00e5ret. En perfekt inledning p\u00e5 konserten p\u00e5 Ullevi.<\/p>\n<p><strong>DATUM<br \/>\n21\/7 &#8211; Ullevi, G\u00f6teborg<\/strong><\/p>\n","protected":false},"excerpt":{"rendered":"<p>L\u00f6rdagen den 21 juli 2018 kliver Guns N\u2019 Roses upp p\u00e5 Ullevis scen inf\u00f6r fullsatta l\u00e4ktare. Nu kom besked att svenska Graveyard agerar support denna kv\u00e4ll och innan Graveyard ser vi Tyler Bryant &#038; The Shakedown. Ett pressmeddelande: Svenska h\u00e5rdrockshj\u00e4ltarna i Graveyard har vunnit grammisar, P3 Guld och hyllats av b\u00e5de fans och kritiker i [&hellip;]<\/p>\n","protected":false},"author":13,"featured_media":0,"comment_status":"open","ping_status":"open","sticky":false,"template":"","format":"standard","meta":{"_genesis_hide_title":false,"_genesis_hide_breadcrumbs":false,"_genesis_hide_singular_image":false,"_genesis_hide_footer_widgets":false,"_genesis_custom_body_class":"","_genesis_custom_post_class":"","_genesis_layout":"","footnotes":""},"categories":[7],"tags":[],"class_list":{"0":"post-116614","1":"post","2":"type-post","3":"status-publish","4":"format-standard","6":"category-musik","7":"entry"},"_links":{"self":[{"href":"https:\/\/kulturbloggen.com\/index.php?rest_route=\/wp\/v2\/posts\/116614","targetHints":{"allow":["GET"]}}],"collection":[{"href":"https:\/\/kulturbloggen.com\/index.php?rest_route=\/wp\/v2\/posts"}],"about":[{"href":"https:\/\/kulturbloggen.com\/index.php?rest_route=\/wp\/v2\/types\/post"}],"author":[{"embeddable":true,"href":"https:\/\/kulturbloggen.com\/index.php?rest_route=\/wp\/v2\/users\/13"}],"replies":[{"embeddable":true,"href":"https:\/\/kulturbloggen.com\/index.php?rest_route=%2Fwp%2Fv2%2Fcomments&post=116614"}],"version-history":[{"count":1,"href":"https:\/\/kulturbloggen.com\/index.php?rest_route=\/wp\/v2\/posts\/116614\/revisions"}],"predecessor-version":[{"id":116616,"href":"https:\/\/kulturbloggen.com\/index.php?rest_route=\/wp\/v2\/posts\/116614\/revisions\/116616"}],"wp:attachment":[{"href":"https:\/\/kulturbloggen.com\/index.php?rest_route=%2Fwp%2Fv2%2Fmedia&parent=116614"}],"wp:term":[{"taxonomy":"category","embeddable":true,"href":"https:\/\/kulturbloggen.com\/index.php?rest_route=%2Fwp%2Fv2%2Fcategories&post=116614"},{"taxonomy":"post_tag","embeddable":true,"href":"https:\/\/kulturbloggen.com\/index.php?rest_route=%2Fwp%2Fv2%2Ftags&post=116614"}],"curies":[{"name":"wp","href":"https:\/\/api.w.org\/{rel}","templated":true}]}}