{"id":11661,"date":"2009-08-10T16:26:16","date_gmt":"2009-08-10T14:26:16","guid":{"rendered":"http:\/\/kulturbloggen.com\/?p=11661"},"modified":"2009-08-10T16:26:16","modified_gmt":"2009-08-10T14:26:16","slug":"my-chemical-romance-i-studion-med-brendan-obrien","status":"publish","type":"post","link":"https:\/\/kulturbloggen.com\/?p=11661","title":{"rendered":"My Chemical Romance i studion med Brendan O&#8217;Brien"},"content":{"rendered":"<p><img loading=\"lazy\" decoding=\"async\" src=\"http:\/\/sodergren.com\/kulturbloggen\/wp-content\/uploads\/2009\/08\/mychemicalromance-300x242.jpg\" alt=\"mychemicalromance\" title=\"mychemicalromance\" width=\"300\" height=\"242\" class=\"aligncenter size-medium wp-image-11662\" \/><br \/>\nMy Chemical Romance spelar in nytt album f\u00f6r att f\u00f6lja upp succ\u00e9n med platinas\u00e4ljande &#8221;Black Parade&#8221;. Det efterl\u00e4ngtade fj\u00e4rdealbumet med My Chemical Romance \u00e4r allts\u00e5 under inspelning i Los Angeles. Till sin hj\u00e4lp har bandet kallat in producenten Brendan O\u00b4Brien som tidigare jobbat med Pearl Jam, Stone Temple Pilots, Bruce Springsteen och Aerosmith.<\/p>\n<p>Bandet b\u00f6rjade skapandeproceccen redan i maj f\u00f6rra \u00e5ret, en vecka efter att de kommit hem fr\u00e5n sin v\u00e4rldsomfattande &#8221;The Black Parade&#8221; turn\u00e9.  S\u00e5ngaren Gerard Way ber\u00e4ttar att detta \u00e4r det f\u00f6rsta album som bandet sl\u00e4pper som inte \u00e4r ett konceptalbum.<\/p>\n<p>&#8221;At this point, the best way to describe the new album is My Chemical Romance being the purest, most distilled version of itself,&#8221; ber\u00e4ttar Way.<\/p>\n<p>F\u00f6rra albumet &#8221;The Black Parade&#8221; gick r\u00e4tt in p\u00e5 #2 p\u00e5 Billboard listan, och s\u00e5lde n\u00e4ra en kvarts miljon ex bara under f\u00f6rsta veckan. Albumet hyllades av kritikerna och genererade inte mindre \u00e4n fyra moderna rock hits! My Chemical Romance turn\u00e9rade v\u00e4rlden runt och avslutade med en of\u00f6rgl\u00f6mlig show i hemstaden New York&#8217;s Madison Square Garden i maj f\u00f6rra \u00e5ret.<\/p>\n<p>Till det nya albumet tar de med sig den kreativa gnista som Black Parade l\u00e4mnade i deras hj\u00e4rtan. Toro ber\u00e4ttar att detta kommer att bli deras b\u00e4sta album hittils, l\u00e5tarna \u00e4r direkta, texterna genomarbetade och under tre och en halv minut f\u00f6rmedlar My Chemical Romance att allt faktiskt \u00e4r m\u00f6jligt.<\/p>\n<p>I detta \u00f6gonblick \u00e4r My Chemical Romance p\u00e5 v\u00e4g till Japan f\u00f6r att headlina helgens &#8221;Summer Sonic Festival&#8221;.<\/p>\n<p><a href=\"http:\/\/ www.mychemicalromance.com\">Film som visar n\u00e4r My Chemical Romance bandet arbetar i studion finns p\u00e5 deras hemsida<\/a>.<\/p>\n<p>I Don&#8217;t Love You-My Chemical Romance[HQ]<br \/>\n<object width=\"425\" height=\"344\"><param name=\"movie\" value=\"http:\/\/www.youtube.com\/v\/ghOqudYGhnk&#038;hl=sv&#038;fs=1&#038;\"><\/param><param name=\"allowFullScreen\" value=\"true\"><\/param><param name=\"allowscriptaccess\" value=\"always\"><\/param><embed src=\"http:\/\/www.youtube.com\/v\/ghOqudYGhnk&#038;hl=sv&#038;fs=1&#038;\" type=\"application\/x-shockwave-flash\" allowscriptaccess=\"always\" allowfullscreen=\"true\" width=\"425\" height=\"344\"><\/embed><\/object><\/p>\n<p>L\u00e4s \u00e4ven andra bloggares \u00e5sikter om <a href=\"http:\/\/bloggar.se\/om\/musik\" rel=\"tag\">musik<\/a>, <a href=\"http:\/\/bloggar.se\/om\/skivnytt\" rel=\"tag\">skivnytt<\/a>, <a href=\"http:\/\/bloggar.se\/om\/My+chemical+romance\" rel=\"tag\">My chemical romance<\/a><\/p>\n","protected":false},"excerpt":{"rendered":"<p>My Chemical Romance spelar in nytt album f\u00f6r att f\u00f6lja upp succ\u00e9n med platinas\u00e4ljande &#8221;Black Parade&#8221;. Det efterl\u00e4ngtade fj\u00e4rdealbumet med My Chemical Romance \u00e4r allts\u00e5 under inspelning i Los Angeles. Till sin hj\u00e4lp har bandet kallat in producenten Brendan O\u00b4Brien som tidigare jobbat med Pearl Jam, Stone Temple Pilots, Bruce Springsteen och Aerosmith. Bandet b\u00f6rjade [&hellip;]<\/p>\n","protected":false},"author":13,"featured_media":0,"comment_status":"open","ping_status":"open","sticky":false,"template":"","format":"standard","meta":{"_genesis_hide_title":false,"_genesis_hide_breadcrumbs":false,"_genesis_hide_singular_image":false,"_genesis_hide_footer_widgets":false,"_genesis_custom_body_class":"","_genesis_custom_post_class":"","_genesis_layout":"","footnotes":""},"categories":[7],"tags":[12282,5121],"class_list":{"0":"post-11661","1":"post","2":"type-post","3":"status-publish","4":"format-standard","6":"category-musik","7":"tag-musik","8":"tag-skivnytt","9":"entry"},"_links":{"self":[{"href":"https:\/\/kulturbloggen.com\/index.php?rest_route=\/wp\/v2\/posts\/11661","targetHints":{"allow":["GET"]}}],"collection":[{"href":"https:\/\/kulturbloggen.com\/index.php?rest_route=\/wp\/v2\/posts"}],"about":[{"href":"https:\/\/kulturbloggen.com\/index.php?rest_route=\/wp\/v2\/types\/post"}],"author":[{"embeddable":true,"href":"https:\/\/kulturbloggen.com\/index.php?rest_route=\/wp\/v2\/users\/13"}],"replies":[{"embeddable":true,"href":"https:\/\/kulturbloggen.com\/index.php?rest_route=%2Fwp%2Fv2%2Fcomments&post=11661"}],"version-history":[{"count":0,"href":"https:\/\/kulturbloggen.com\/index.php?rest_route=\/wp\/v2\/posts\/11661\/revisions"}],"wp:attachment":[{"href":"https:\/\/kulturbloggen.com\/index.php?rest_route=%2Fwp%2Fv2%2Fmedia&parent=11661"}],"wp:term":[{"taxonomy":"category","embeddable":true,"href":"https:\/\/kulturbloggen.com\/index.php?rest_route=%2Fwp%2Fv2%2Fcategories&post=11661"},{"taxonomy":"post_tag","embeddable":true,"href":"https:\/\/kulturbloggen.com\/index.php?rest_route=%2Fwp%2Fv2%2Ftags&post=11661"}],"curies":[{"name":"wp","href":"https:\/\/api.w.org\/{rel}","templated":true}]}}