{"id":11651,"date":"2009-08-10T11:56:15","date_gmt":"2009-08-10T09:56:15","guid":{"rendered":"http:\/\/kulturbloggen.com\/?p=11651"},"modified":"2009-08-10T11:56:15","modified_gmt":"2009-08-10T09:56:15","slug":"pacifics-skapar-ett-allkonstverk","status":"publish","type":"post","link":"https:\/\/kulturbloggen.com\/?p=11651","title":{"rendered":"Pacifics! skapar ett allkonstverk"},"content":{"rendered":"<p><img loading=\"lazy\" decoding=\"async\" src=\"http:\/\/sodergren.com\/kulturbloggen\/wp-content\/uploads\/2009\/08\/narciss-300x58.jpg\" alt=\"narciss\" title=\"narciss\" width=\"300\" height=\"58\" class=\"aligncenter size-medium wp-image-11652\" \/><br \/>\nEviga myter i ny tappning \u00e4r rubriken p\u00e5 ett mail vi fick idag. Det var s\u00e5 intressant att jag vidarebefordrar det i sin helhet:<\/p>\n<p>G\u00f6teborgska Pacific! tar ut sv\u00e4ngarna rej\u00e4lt i sitt nya projekt Narcissus. Det \u00e4r inte romantisk electropop eller avantgarde-balett: det \u00e4r b\u00e5de och.<\/p>\n<p>Efter kritikerrosade albumet Reveries (2008) funderade Daniel H\u00f6gberg och Bj\u00f6rn Synneby p\u00e5 vilken v\u00e4g man ville g\u00e5. Med inspiration fr\u00e5n Paris tidiga 1900-tal och dess kreativa anda av konstant nyskapande och starka k\u00e4nslor, besl\u00f6t man att ta sats ur utmanande m\u00f6ten mellan konstn\u00e4rliga genrer.<\/p>\n<p>Tillsammans med koreografen Olof Persson och dansarna Rebecca Evanne och Lina R\u00e4fteg\u00e5rd kommer Pacific! i Narcissus bjuda klubbpubliken p\u00e5 en helt ny upplevelse. Med en scenografi som bygger p\u00e5 spegling i h\u00f6gblank yta, kommer bandet och dansarna framf\u00f6ra den tidl\u00f6sa historien om nymfen Echo och hennes \u00e4lskade Narcissus. Deras relation tar upp m\u00e5nga av de problem m\u00e4nniskor st\u00e4lls inf\u00f6r \u00e4ven idag: ytlighetens lockelse, r\u00e4dslan f\u00f6r att sticka ut och vara sig sj\u00e4lv, den tillr\u00e4ttalagda sj\u00e4lvbildens f\u00f6rtrollning o.s.v.<\/p>\n<p>\u2013 Det h\u00e4r handlar oerh\u00f6rt mycket om aktuella fr\u00e5gest\u00e4llningar, f\u00f6rklarar Daniel. Det \u00e4r en gammal myt men den \u00e4r samtidigt helt tidl\u00f6s. Den speglar perfekt den tid vi lever i och de utmaningar unga m\u00e4nniskor st\u00e5r inf\u00f6r.<\/p>\n<p>Under en ambiti\u00f6s klubbturn\u00e9 h\u00f6sten 2009 kommer Pacific! m\u00f6ta sin publik med stort mod. Att ta det hela fr\u00e5n \u201dvanliga\u201d spelningar till en crossover-f\u00f6rest\u00e4llning med inslag av dans och teater kr\u00e4ver starkt sj\u00e4lvf\u00f6rtroende.<\/p>\n<p>Vi \u00e4r helt s\u00e4kra p\u00e5 vad vi g\u00f6r, forts\u00e4tter Bj\u00f6rn. Vi vet att materialet h\u00e5ller. Myten har fascinerat i flera tusen \u00e5r. Att jobba med Olof Persson och dansarna \u00e4r dessutom att kunna njuta av ett skapande som \u00e4r totalt gr\u00e4ns\u00f6verskridande. Vi har dessutom h\u00e4mtat inspiration i den modernistiska milj\u00f6n i Paris, med Salvador Dali, Coco Chanel, Satie, Ravel och D\u00e9bussy. Vi \u00e4r helt \u00f6vertygade om att publiken kommer att uppskatta det h\u00e4r. Det \u00e4r ett allkonstverk.<\/p>\n<p>Pacifics! moderna electropop har redan f\u00e5ngat sin publik i ett soligt och k\u00e4rleksfullt grepp. Med Narcissus kommer bandet att kunna knyta nya fans till sig.<\/p>\n<p>\u2013 Vi vet att vi \u00e4r romantiskt lagda och det \u00e4r v\u00e4l det v\u00e5ra fans gillar, avslutar Daniel. Nu f\u00e5r vi chansen att skapa nya synteser av gammalt och nytt p\u00e5 v\u00e5rt eget s\u00e4tt. Musik, ljus, dans, r\u00f6relse, k\u00e4nslor och en fantastisk ber\u00e4ttelse. B\u00e4ttre \u00e4n s\u00e5 kan det nog inte bli. Pacific! \u00e4r skivaktuella till v\u00e5ren 2010 p\u00e5 EMI, med Narcissus i albumform. <\/p>\n<p>18\/9 Malm\u00f6 KB<br \/>\nwww.kulturbolaget.se<\/p>\n<p>25\/9 Stockholm Debaser Medis<br \/>\nwww.debaser.se<\/p>\n<p>27\/9 G\u00f6teborg Tr\u00e4dg\u00e5rden<br \/>\nwww.pusterviksbiljetter.se<\/p>\n<p>L\u00e4s \u00e4ven andra bloggares \u00e5sikter om <a href=\"http:\/\/bloggar.se\/om\/musik\" rel=\"tag\">musik<\/a>, <a href=\"http:\/\/bloggar.se\/om\/dans\" rel=\"tag\">dans<\/a>, <a href=\"http:\/\/bloggar.se\/om\/konst\" rel=\"tag\">konst<\/a>, <a href=\"http:\/\/bloggar.se\/om\/G%F6teborg\" rel=\"tag\">G\u00f6teborg<\/a>, <a href=\"http:\/\/bloggar.se\/om\/Pacifik%21\" rel=\"tag\">Pacifik!<\/a><\/p>\n","protected":false},"excerpt":{"rendered":"<p>Eviga myter i ny tappning \u00e4r rubriken p\u00e5 ett mail vi fick idag. Det var s\u00e5 intressant att jag vidarebefordrar det i sin helhet: G\u00f6teborgska Pacific! tar ut sv\u00e4ngarna rej\u00e4lt i sitt nya projekt Narcissus. Det \u00e4r inte romantisk electropop eller avantgarde-balett: det \u00e4r b\u00e5de och. Efter kritikerrosade albumet Reveries (2008) funderade Daniel H\u00f6gberg och [&hellip;]<\/p>\n","protected":false},"author":13,"featured_media":0,"comment_status":"open","ping_status":"open","sticky":false,"template":"","format":"standard","meta":{"_genesis_hide_title":false,"_genesis_hide_breadcrumbs":false,"_genesis_hide_singular_image":false,"_genesis_hide_footer_widgets":false,"_genesis_custom_body_class":"","_genesis_custom_post_class":"","_genesis_layout":"","footnotes":""},"categories":[7],"tags":[1128,2159,3009,12282],"class_list":{"0":"post-11651","1":"post","2":"type-post","3":"status-publish","4":"format-standard","6":"category-musik","7":"tag-dans","8":"tag-goteborg","9":"tag-konst","10":"tag-musik","11":"entry"},"_links":{"self":[{"href":"https:\/\/kulturbloggen.com\/index.php?rest_route=\/wp\/v2\/posts\/11651","targetHints":{"allow":["GET"]}}],"collection":[{"href":"https:\/\/kulturbloggen.com\/index.php?rest_route=\/wp\/v2\/posts"}],"about":[{"href":"https:\/\/kulturbloggen.com\/index.php?rest_route=\/wp\/v2\/types\/post"}],"author":[{"embeddable":true,"href":"https:\/\/kulturbloggen.com\/index.php?rest_route=\/wp\/v2\/users\/13"}],"replies":[{"embeddable":true,"href":"https:\/\/kulturbloggen.com\/index.php?rest_route=%2Fwp%2Fv2%2Fcomments&post=11651"}],"version-history":[{"count":0,"href":"https:\/\/kulturbloggen.com\/index.php?rest_route=\/wp\/v2\/posts\/11651\/revisions"}],"wp:attachment":[{"href":"https:\/\/kulturbloggen.com\/index.php?rest_route=%2Fwp%2Fv2%2Fmedia&parent=11651"}],"wp:term":[{"taxonomy":"category","embeddable":true,"href":"https:\/\/kulturbloggen.com\/index.php?rest_route=%2Fwp%2Fv2%2Fcategories&post=11651"},{"taxonomy":"post_tag","embeddable":true,"href":"https:\/\/kulturbloggen.com\/index.php?rest_route=%2Fwp%2Fv2%2Ftags&post=11651"}],"curies":[{"name":"wp","href":"https:\/\/api.w.org\/{rel}","templated":true}]}}