{"id":116365,"date":"2018-03-09T08:38:09","date_gmt":"2018-03-09T07:38:09","guid":{"rendered":"https:\/\/kulturbloggen.com\/?p=116365"},"modified":"2018-03-09T08:38:09","modified_gmt":"2018-03-09T07:38:09","slug":"lyssna-staffan-hellstrand-nan-som-kor","status":"publish","type":"post","link":"https:\/\/kulturbloggen.com\/?p=116365","title":{"rendered":"Lyssna: Staffan Hellstrand &#8211; N\u00e5n som k\u00f6r"},"content":{"rendered":"<figure id=\"attachment_116366\" aria-describedby=\"caption-attachment-116366\" style=\"width: 240px\" class=\"wp-caption aligncenter\"><img loading=\"lazy\" decoding=\"async\" src=\"https:\/\/kulturbloggen.com\/wp-content\/uploads\/2018\/03\/staffanhellstrand2018.jpg\" alt=\"\" width=\"240\" height=\"266\" class=\"size-full wp-image-116366\" \/><figcaption id=\"caption-attachment-116366\" class=\"wp-caption-text\">Foto: Patrik Sventelius.<\/figcaption><\/figure>\n<p>Staffan Hellstrands karri\u00e4r str\u00e4cker sig \u00f6ver snart 30 \u00e5r. Nu har Staffan f\u00e4rdigst\u00e4llt sitt 16:e album, \u201dSvaret p\u00e5 allt\u201d.<br \/>\nFr\u00e5n albumet, som sl\u00e4pps 20 april, kommer h\u00e4r det f\u00f6rsta smakprovet &#8211; \u201dN\u00e5n som k\u00f6r\u201d.<br \/>\nMed inspiration av samtida pop- och rockmusik visar de nya l\u00e5tarna upp en ny sida av en artist som aldrig stannar. <\/p>\n<p><iframe loading=\"lazy\" src=\"https:\/\/open.spotify.com\/embed\/album\/4EUqk3PLyPei9AsurWoikA\" width=\"300\" height=\"380\" frameborder=\"0\" allowtransparency=\"true\"><\/iframe><\/p>\n","protected":false},"excerpt":{"rendered":"<p>Staffan Hellstrands karri\u00e4r str\u00e4cker sig \u00f6ver snart 30 \u00e5r. Nu har Staffan f\u00e4rdigst\u00e4llt sitt 16:e album, \u201dSvaret p\u00e5 allt\u201d. Fr\u00e5n albumet, som sl\u00e4pps 20 april, kommer h\u00e4r det f\u00f6rsta smakprovet &#8211; \u201dN\u00e5n som k\u00f6r\u201d. Med inspiration av samtida pop- och rockmusik visar de nya l\u00e5tarna upp en ny sida av en artist som aldrig stannar.<\/p>\n","protected":false},"author":13,"featured_media":0,"comment_status":"open","ping_status":"open","sticky":false,"template":"","format":"standard","meta":{"_genesis_hide_title":false,"_genesis_hide_breadcrumbs":false,"_genesis_hide_singular_image":false,"_genesis_hide_footer_widgets":false,"_genesis_custom_body_class":"","_genesis_custom_post_class":"","_genesis_layout":"","footnotes":""},"categories":[7,13624],"tags":[3387,12282,4436,5324,7310],"class_list":{"0":"post-116365","1":"post","2":"type-post","3":"status-publish","4":"format-standard","6":"category-musik","7":"category-toppnytt","8":"tag-lyssna","9":"tag-musik","10":"tag-popmusik","11":"tag-spotify","12":"tag-staffan-hellstrand","13":"entry"},"_links":{"self":[{"href":"https:\/\/kulturbloggen.com\/index.php?rest_route=\/wp\/v2\/posts\/116365","targetHints":{"allow":["GET"]}}],"collection":[{"href":"https:\/\/kulturbloggen.com\/index.php?rest_route=\/wp\/v2\/posts"}],"about":[{"href":"https:\/\/kulturbloggen.com\/index.php?rest_route=\/wp\/v2\/types\/post"}],"author":[{"embeddable":true,"href":"https:\/\/kulturbloggen.com\/index.php?rest_route=\/wp\/v2\/users\/13"}],"replies":[{"embeddable":true,"href":"https:\/\/kulturbloggen.com\/index.php?rest_route=%2Fwp%2Fv2%2Fcomments&post=116365"}],"version-history":[{"count":1,"href":"https:\/\/kulturbloggen.com\/index.php?rest_route=\/wp\/v2\/posts\/116365\/revisions"}],"predecessor-version":[{"id":116367,"href":"https:\/\/kulturbloggen.com\/index.php?rest_route=\/wp\/v2\/posts\/116365\/revisions\/116367"}],"wp:attachment":[{"href":"https:\/\/kulturbloggen.com\/index.php?rest_route=%2Fwp%2Fv2%2Fmedia&parent=116365"}],"wp:term":[{"taxonomy":"category","embeddable":true,"href":"https:\/\/kulturbloggen.com\/index.php?rest_route=%2Fwp%2Fv2%2Fcategories&post=116365"},{"taxonomy":"post_tag","embeddable":true,"href":"https:\/\/kulturbloggen.com\/index.php?rest_route=%2Fwp%2Fv2%2Ftags&post=116365"}],"curies":[{"name":"wp","href":"https:\/\/api.w.org\/{rel}","templated":true}]}}