{"id":116182,"date":"2018-03-02T10:21:49","date_gmt":"2018-03-02T09:21:49","guid":{"rendered":"https:\/\/kulturbloggen.com\/?p=116182"},"modified":"2018-03-02T10:21:49","modified_gmt":"2018-03-02T09:21:49","slug":"tomas-andersson-wij-inleder-sommarkonserterna-pa-mosebacketerrassen","status":"publish","type":"post","link":"https:\/\/kulturbloggen.com\/?p=116182","title":{"rendered":"Tomas Andersson Wij inleder sommarkonserterna p\u00e5 Mosebacketerrassen"},"content":{"rendered":"<p><img loading=\"lazy\" decoding=\"async\" src=\"https:\/\/kulturbloggen.com\/wp-content\/uploads\/2018\/03\/mosebacke2018.jpg\" alt=\"\" width=\"650\" height=\"434\" class=\"aligncenter size-full wp-image-116183\" srcset=\"https:\/\/kulturbloggen.com\/wp-content\/uploads\/2018\/03\/mosebacke2018.jpg 650w, https:\/\/kulturbloggen.com\/wp-content\/uploads\/2018\/03\/mosebacke2018-300x200.jpg 300w\" sizes=\"auto, (max-width: 650px) 100vw, 650px\" \/><\/p>\n<p>S\u00f6dra Teaterns konsertsommar 2018 p\u00e5 Mosebacketerrassen s\u00e4tter nya rekord. Fler \u00e4n 20 sommarkv\u00e4llar med Sveriges mest folkk\u00e4ra artister v\u00e4ntar \u2013 och \u00e5rets f\u00f6rsta konsert \u00e4r med ingen mindre \u00e4n Tomas Andersson Wij, den 12 juni 2018.<\/p>\n<p>Ett pressmeddelande:<br \/>\nMed drygt 20.000 konsertbes\u00f6kare och 14 konserter satte S\u00f6dra Teaterns konsertsommar 2017 p\u00e5 Mosebacketerrassen nytt personb\u00e4sta. Eric Gadd firade 30 \u00e5r som artist, Magnus Carlson f\u00f6ljde upp en sluts\u00e5ld v\u00e5rturn\u00e9 med tv\u00e5 lika sluts\u00e5lda terrassenkonserter och Veronica Maggio bevisade varf\u00f6r hon \u00e4r Sveriges livedrottning med fem exklusiva konserter p\u00e5 raken.<\/p>\n<p>2018 p\u00e5 Mosebacketerrassen blir \u00e4nnu en rekordsommar f\u00f6r S\u00f6dra Teatern med fler konserter \u00e4n n\u00e5gonsin. F\u00f6rst ut \u00e4r Tomas Andersson Wij, som f\u00f6rra \u00e5ret stod p\u00e5 Mosebacketerrassens scen tillsammans med Helene Sj\u00f6holm. I \u00e5r kommer han tillbaka med sitt tionde album Avs\u00e4ndare ok\u00e4nd, som gick rakt in p\u00e5 albumlistans andra plats n\u00e4r det sl\u00e4pptes i februari.<\/p>\n<p>I samband med albumsl\u00e4ppet gav Tomas Andersson Wij sig ut p\u00e5 sin st\u00f6rsta rikst\u00e4ckande turn\u00e9 hittills. Premi\u00e4ren i J\u00f6nk\u00f6ping bel\u00f6nades med str\u00e5lande recensioner fr\u00e5n s\u00e5v\u00e4l press som publik.<\/p>\n","protected":false},"excerpt":{"rendered":"<p>S\u00f6dra Teaterns konsertsommar 2018 p\u00e5 Mosebacketerrassen s\u00e4tter nya rekord. Fler \u00e4n 20 sommarkv\u00e4llar med Sveriges mest folkk\u00e4ra artister v\u00e4ntar \u2013 och \u00e5rets f\u00f6rsta konsert \u00e4r med ingen mindre \u00e4n Tomas Andersson Wij, den 12 juni 2018. Ett pressmeddelande: Med drygt 20.000 konsertbes\u00f6kare och 14 konserter satte S\u00f6dra Teaterns konsertsommar 2017 p\u00e5 Mosebacketerrassen nytt personb\u00e4sta. Eric [&hellip;]<\/p>\n","protected":false},"author":13,"featured_media":0,"comment_status":"open","ping_status":"open","sticky":false,"template":"","format":"standard","meta":{"_genesis_hide_title":false,"_genesis_hide_breadcrumbs":false,"_genesis_hide_singular_image":false,"_genesis_hide_footer_widgets":false,"_genesis_custom_body_class":"","_genesis_custom_post_class":"","_genesis_layout":"","footnotes":""},"categories":[7],"tags":[2467,3004,11220,12282,4436,5894],"class_list":{"0":"post-116182","1":"post","2":"type-post","3":"status-publish","4":"format-standard","6":"category-musik","7":"tag-indie","8":"tag-konserter","9":"tag-mosebacketerrassen","10":"tag-musik","11":"tag-popmusik","12":"tag-tomas-andersson-wij","13":"entry"},"_links":{"self":[{"href":"https:\/\/kulturbloggen.com\/index.php?rest_route=\/wp\/v2\/posts\/116182","targetHints":{"allow":["GET"]}}],"collection":[{"href":"https:\/\/kulturbloggen.com\/index.php?rest_route=\/wp\/v2\/posts"}],"about":[{"href":"https:\/\/kulturbloggen.com\/index.php?rest_route=\/wp\/v2\/types\/post"}],"author":[{"embeddable":true,"href":"https:\/\/kulturbloggen.com\/index.php?rest_route=\/wp\/v2\/users\/13"}],"replies":[{"embeddable":true,"href":"https:\/\/kulturbloggen.com\/index.php?rest_route=%2Fwp%2Fv2%2Fcomments&post=116182"}],"version-history":[{"count":1,"href":"https:\/\/kulturbloggen.com\/index.php?rest_route=\/wp\/v2\/posts\/116182\/revisions"}],"predecessor-version":[{"id":116184,"href":"https:\/\/kulturbloggen.com\/index.php?rest_route=\/wp\/v2\/posts\/116182\/revisions\/116184"}],"wp:attachment":[{"href":"https:\/\/kulturbloggen.com\/index.php?rest_route=%2Fwp%2Fv2%2Fmedia&parent=116182"}],"wp:term":[{"taxonomy":"category","embeddable":true,"href":"https:\/\/kulturbloggen.com\/index.php?rest_route=%2Fwp%2Fv2%2Fcategories&post=116182"},{"taxonomy":"post_tag","embeddable":true,"href":"https:\/\/kulturbloggen.com\/index.php?rest_route=%2Fwp%2Fv2%2Ftags&post=116182"}],"curies":[{"name":"wp","href":"https:\/\/api.w.org\/{rel}","templated":true}]}}