{"id":116157,"date":"2018-03-01T15:57:49","date_gmt":"2018-03-01T14:57:49","guid":{"rendered":"https:\/\/kulturbloggen.com\/?p=116157"},"modified":"2018-03-01T15:57:56","modified_gmt":"2018-03-01T14:57:56","slug":"filmrecension-cest-la-vie-satir-med-hjarta","status":"publish","type":"post","link":"https:\/\/kulturbloggen.com\/?p=116157","title":{"rendered":"Filmrecension: C\u00b4est la Vie &#8211; satir med hj\u00e4rta"},"content":{"rendered":"<p><img loading=\"lazy\" decoding=\"async\" src=\"https:\/\/kulturbloggen.com\/wp-content\/uploads\/2018\/03\/unnamed-211x300.jpg\" alt=\"\" width=\"211\" height=\"300\" class=\"aligncenter size-medium wp-image-116159\" srcset=\"https:\/\/kulturbloggen.com\/wp-content\/uploads\/2018\/03\/unnamed-211x300.jpg 211w, https:\/\/kulturbloggen.com\/wp-content\/uploads\/2018\/03\/unnamed-768x1090.jpg 768w, https:\/\/kulturbloggen.com\/wp-content\/uploads\/2018\/03\/unnamed-721x1024.jpg 721w, https:\/\/kulturbloggen.com\/wp-content\/uploads\/2018\/03\/unnamed.jpg 820w\" sizes=\"auto, (max-width: 211px) 100vw, 211px\" \/><\/p>\n<p>C\u00b4est la Vie<br \/>\nBetyg 4<br \/>\nSvensk biopremi\u00e4r 9 mars 2018<\/p>\n<p>&#8221;S\u00e5nt \u00e4r livet&#8221; eller &#8221;det \u00e4r livet&#8221; \u00e4r filmtiteln p\u00e5 svenska. I en normal filml\u00e4ngd har livet skildrats i denna franska film genom att vi f\u00e5r f\u00f6lja Max som sk\u00f6ter ett catering-f\u00f6retag som specialiserat sig p\u00e5 att arrangera br\u00f6llop och andra storslagna fester. Nu \u00e4r uppdraget att h\u00e5lla i tr\u00e5darna f\u00f6r en st\u00e5tlig br\u00f6llopsfest p\u00e5 ett extravagant 1600-talsslott. <\/p>\n<p>Vi f\u00e5r f\u00f6lja den n\u00e5got sj\u00e4lvgoda brudgummen Pierre och hans betydligt mindre egofixerade brud Helena och vi f\u00e5r f\u00f6lja den personal som stor del m\u00e5ste jobba svart. Dessa svartjobbare som med os\u00e4kra arbetsf\u00f6rh\u00e5llanden f\u00e5r slita f\u00f6r att den v\u00e4lb\u00e4rgade eliten ska f\u00e5 sina sagolika magiska tillst\u00e4llningar.<\/p>\n<p>Filmen beskrivs av distribut\u00f6ren som <em>en hyllning till livet, k\u00e4rleken och all kalabalik d\u00e4remellan<\/em>. Det \u00e4r en tr\u00e4ffande beskrivning. Den \u00e4r komisk och satirisk men samtidigt skildras alla dessa m\u00e4nniskor p\u00e5 ett varmt s\u00e4tt, det finns ett hj\u00e4rta f\u00f6r m\u00e4nniskor p\u00e5 registolen och bakom kameran. Alla dessa m\u00e4nniskor som alla dr\u00f6mmer om att m\u00f6ta k\u00f6rlek och som v\u00e4ver in sig i sina livsl\u00f6gner och ibland v\u00e5gar se sanningen men oftast lever med halvsanningar. <\/p>\n<p>Max \u00e4r en \u00e4ldre man som n\u00e4rmar sig pensions\u00e5ldern. Han \u00e4r gift med Nicole men han har samtidigt en relation sedan l\u00e5ng tid tillbaka med en annan kvinna. N\u00e4r denna kvinna st\u00e4ller ultimatum: antingen separerar han p\u00e5 allvar fr\u00e5n sin fru eller s\u00e5 g\u00f6r hon slut p\u00e5 deras relation, d\u00e5 blir det jobbigt f\u00f6r Max. Han vill ha kvar b\u00e5da kvinnorna. Trots att hans \u00e4ktenskap \u00e4r \u00f6ver f\u00f6r l\u00e4nge sedan egentligen. <\/p>\n<p>Vi f\u00e5r f\u00f6lja flera sidokarakt\u00e4rer. Det \u00e4r som sj\u00e4lva livet. Allt bubblar p\u00e5, \u00e4n h\u00e4r, \u00e4n d\u00e4r &#8211; och de flesta sm\u00e5ljuger f\u00f6r att h\u00e5lla skenet upp. Vi f\u00e5r f\u00f6lja fotografen Guy som hatar alla som fotar med mobiltelefon, men det han innerst inne egentligen s\u00f6ker \u00e4r n\u00e5gon att vara k\u00e4r i.<\/p>\n<p>Kanske \u00e4r livet inte fullt s\u00e5 enkelt som filmens budskap, men samtidigt \u00e4r den v\u00e4lgjord, varm och fylld av k\u00e4rlek till m\u00e4nskligheten och samtidigt \u00e4r den mellan raderna en satir \u00f6ver klyftorna i samh\u00e4llet. Men den delen av filmen skulle jag vilja se mer av. Om det samh\u00e4llskritiska hade v\u00e4ssats att filmen f\u00e5tt \u00e4nnu h\u00f6gre betyg.<\/p>\n<p>Bakom filmen ligger duon skrev och regisserade &#8221;En ov\u00e4ntad v\u00e4nskap&#8221;. C\u00b4est la Vie har setts av \u00f6ver 3 miljoner biobes\u00f6kare i Frankrike och s\u00e5lde snabbt slut p\u00e5 alla visningar under G\u00f6teborg Film Festival.<\/p>\n<p><iframe loading=\"lazy\" width=\"560\" height=\"315\" src=\"https:\/\/www.youtube.com\/embed\/ErV26mIdEvU\" frameborder=\"0\" allow=\"autoplay; encrypted-media\" allowfullscreen><\/iframe> <\/p>\n","protected":false},"excerpt":{"rendered":"<p>C\u00b4est la Vie Betyg 4 Svensk biopremi\u00e4r 9 mars 2018 &#8221;S\u00e5nt \u00e4r livet&#8221; eller &#8221;det \u00e4r livet&#8221; \u00e4r filmtiteln p\u00e5 svenska. I en normal filml\u00e4ngd har livet skildrats i denna franska film genom att vi f\u00e5r f\u00f6lja Max som sk\u00f6ter ett catering-f\u00f6retag som specialiserat sig p\u00e5 att arrangera br\u00f6llop och andra storslagna fester. Nu \u00e4r [&hellip;]<\/p>\n","protected":false},"author":2,"featured_media":0,"comment_status":"open","ping_status":"open","sticky":false,"template":"","format":"standard","meta":{"_genesis_hide_title":false,"_genesis_hide_breadcrumbs":false,"_genesis_hide_singular_image":false,"_genesis_hide_footer_widgets":false,"_genesis_custom_body_class":"","_genesis_custom_post_class":"","_genesis_layout":"","footnotes":""},"categories":[50,51,16,20,13624],"tags":[1738,1858,12285,12286],"class_list":{"0":"post-116157","1":"post","2":"type-post","3":"status-publish","4":"format-standard","6":"category-filmfilm","7":"category-filmer","8":"category-recension","9":"category-film","10":"category-toppnytt","11":"tag-filmrecension","12":"tag-frankrike","13":"tag-recension","14":"tag-film","15":"entry"},"_links":{"self":[{"href":"https:\/\/kulturbloggen.com\/index.php?rest_route=\/wp\/v2\/posts\/116157","targetHints":{"allow":["GET"]}}],"collection":[{"href":"https:\/\/kulturbloggen.com\/index.php?rest_route=\/wp\/v2\/posts"}],"about":[{"href":"https:\/\/kulturbloggen.com\/index.php?rest_route=\/wp\/v2\/types\/post"}],"author":[{"embeddable":true,"href":"https:\/\/kulturbloggen.com\/index.php?rest_route=\/wp\/v2\/users\/2"}],"replies":[{"embeddable":true,"href":"https:\/\/kulturbloggen.com\/index.php?rest_route=%2Fwp%2Fv2%2Fcomments&post=116157"}],"version-history":[{"count":3,"href":"https:\/\/kulturbloggen.com\/index.php?rest_route=\/wp\/v2\/posts\/116157\/revisions"}],"predecessor-version":[{"id":116161,"href":"https:\/\/kulturbloggen.com\/index.php?rest_route=\/wp\/v2\/posts\/116157\/revisions\/116161"}],"wp:attachment":[{"href":"https:\/\/kulturbloggen.com\/index.php?rest_route=%2Fwp%2Fv2%2Fmedia&parent=116157"}],"wp:term":[{"taxonomy":"category","embeddable":true,"href":"https:\/\/kulturbloggen.com\/index.php?rest_route=%2Fwp%2Fv2%2Fcategories&post=116157"},{"taxonomy":"post_tag","embeddable":true,"href":"https:\/\/kulturbloggen.com\/index.php?rest_route=%2Fwp%2Fv2%2Ftags&post=116157"}],"curies":[{"name":"wp","href":"https:\/\/api.w.org\/{rel}","templated":true}]}}