{"id":115911,"date":"2018-02-21T14:11:24","date_gmt":"2018-02-21T13:11:24","guid":{"rendered":"https:\/\/kulturbloggen.com\/?p=115911"},"modified":"2018-02-21T14:11:24","modified_gmt":"2018-02-21T13:11:24","slug":"van-morrison-och-graham-nash-ger-konsert-tillsammans-i-goteborg-sommaren-2018","status":"publish","type":"post","link":"https:\/\/kulturbloggen.com\/?p=115911","title":{"rendered":"Van Morrison och Graham Nash ger konsert tillsammans i G\u00f6teborg sommaren 2018"},"content":{"rendered":"<p><img loading=\"lazy\" decoding=\"async\" src=\"https:\/\/kulturbloggen.com\/wp-content\/uploads\/2018\/02\/vanmorrisonochgrahamnash.jpg\" alt=\"\" width=\"600\" height=\"289\" class=\"aligncenter size-full wp-image-115912\" srcset=\"https:\/\/kulturbloggen.com\/wp-content\/uploads\/2018\/02\/vanmorrisonochgrahamnash.jpg 600w, https:\/\/kulturbloggen.com\/wp-content\/uploads\/2018\/02\/vanmorrisonochgrahamnash-300x145.jpg 300w\" sizes=\"auto, (max-width: 600px) 100vw, 600px\" \/><\/p>\n<p>Den levande legenden \u2013 den nordirl\u00e4ndska s\u00e5ngaren och l\u00e5tskrivaren Van Morrison &#8211; kommer till Sverige i sommar. Den 16 juli 2018 intar han Tr\u00e4dg\u00e5rdsf\u00f6reningen i G\u00f6teborg och som Special Guest har han med sig ingen mindre \u00e4n Graham Nash.<\/p>\n<p>Ett pressmeddelande ber\u00e4ttar:<br \/>\nMed n\u00e4ra 60 \u00e5r som artist i bagaget och efter att ha sl\u00e4ppt otroliga 38 studioalbum och 6 livealbum \u00e4r det helt rimligt att s\u00e4ga att Van Morrison \u00e4r en av det senaste halvseklets mest flitiga och erfarna l\u00e5tskrivare och artister. Han f\u00f6r\u00e4rar oss inte j\u00e4tteofta med Sverigebes\u00f6k vilket g\u00f6r att sommarens konsert i G\u00f6teborg k\u00e4nns extra kul och speciell.<\/p>\n<p>\u201dVan the Man\u201d, som han ocks\u00e5 kallas, blev s\u00e5 sent som 2016 adlad i hemlandet b\u00e5de f\u00f6r sina musikaliska framg\u00e5ngar men \u00e4ven f\u00f6r hans insatser f\u00f6r turism och v\u00e4lg\u00f6renhet p\u00e5 Nordirland.<\/p>\n<p>Efter att ha spelat i olika band och konstellationer fr\u00e5n sent 50-tal till mitten av 60-talet var det 1967 han slog igenom p\u00e5 riktigt med superhiten \u201dBrown Eyed Girl\u201d. N\u00e4r han sedan 1970 sl\u00e4ppte milstolpe-albumet \u201dMoondance\u201d 1970 tog han ytterligare ett kliv mot att bli en v\u00e4rldsartist som skulle komma att leva kvar l\u00e4nge. Under hela 70-talet gjorde han sig k\u00e4nd som en helt otrolig liveartist, och det \u00e4r s\u00e5 vi ha l\u00e4rt k\u00e4nna honom n\u00e4r han bes\u00f6kt Sverige genom \u00e5ren.<\/p>\n<p>Det f\u00f6rtj\u00e4nar n\u00e4mnas ocks\u00e5 att 2018 \u00e4r ett viktigt \u00e5r i Van Morrisons karri\u00e4r. Det \u00e4r d\u00e5 50 \u00e5r sedan det ikoniska albumet \u201dAstral Weeks\u201d sl\u00e4pptes.<\/p>\n<p>Att han nu dessutom har med sig Graham Nash, den legendariska ikonen med den signifikanta tenorst\u00e4mman fr\u00e5n Crosby, Stills, Nash &#038; Young g\u00f6r denna konsertkv\u00e4ll till en av sommarens absoluta h\u00f6jdpunkter. <\/p>\n<p><strong>DATUM<br \/>\n16\/7 &#8211; Tr\u00e4dg\u00e5rdsf\u00f6reningen, G\u00f6teborg<br \/>\nVAN MORRISON KOMMER TILL SVERIGE \u2013 Special Guest \u00e4r GRAHAM NASH!<\/strong><\/p>\n","protected":false},"excerpt":{"rendered":"<p>Den levande legenden \u2013 den nordirl\u00e4ndska s\u00e5ngaren och l\u00e5tskrivaren Van Morrison &#8211; kommer till Sverige i sommar. Den 16 juli 2018 intar han Tr\u00e4dg\u00e5rdsf\u00f6reningen i G\u00f6teborg och som Special Guest har han med sig ingen mindre \u00e4n Graham Nash. Ett pressmeddelande ber\u00e4ttar: Med n\u00e4ra 60 \u00e5r som artist i bagaget och efter att ha sl\u00e4ppt [&hellip;]<\/p>\n","protected":false},"author":13,"featured_media":0,"comment_status":"open","ping_status":"open","sticky":false,"template":"","format":"standard","meta":{"_genesis_hide_title":false,"_genesis_hide_breadcrumbs":false,"_genesis_hide_singular_image":false,"_genesis_hide_footer_widgets":false,"_genesis_custom_body_class":"","_genesis_custom_post_class":"","_genesis_layout":"","footnotes":""},"categories":[7],"tags":[2159,12282],"class_list":{"0":"post-115911","1":"post","2":"type-post","3":"status-publish","4":"format-standard","6":"category-musik","7":"tag-goteborg","8":"tag-musik","9":"entry"},"_links":{"self":[{"href":"https:\/\/kulturbloggen.com\/index.php?rest_route=\/wp\/v2\/posts\/115911","targetHints":{"allow":["GET"]}}],"collection":[{"href":"https:\/\/kulturbloggen.com\/index.php?rest_route=\/wp\/v2\/posts"}],"about":[{"href":"https:\/\/kulturbloggen.com\/index.php?rest_route=\/wp\/v2\/types\/post"}],"author":[{"embeddable":true,"href":"https:\/\/kulturbloggen.com\/index.php?rest_route=\/wp\/v2\/users\/13"}],"replies":[{"embeddable":true,"href":"https:\/\/kulturbloggen.com\/index.php?rest_route=%2Fwp%2Fv2%2Fcomments&post=115911"}],"version-history":[{"count":1,"href":"https:\/\/kulturbloggen.com\/index.php?rest_route=\/wp\/v2\/posts\/115911\/revisions"}],"predecessor-version":[{"id":115913,"href":"https:\/\/kulturbloggen.com\/index.php?rest_route=\/wp\/v2\/posts\/115911\/revisions\/115913"}],"wp:attachment":[{"href":"https:\/\/kulturbloggen.com\/index.php?rest_route=%2Fwp%2Fv2%2Fmedia&parent=115911"}],"wp:term":[{"taxonomy":"category","embeddable":true,"href":"https:\/\/kulturbloggen.com\/index.php?rest_route=%2Fwp%2Fv2%2Fcategories&post=115911"},{"taxonomy":"post_tag","embeddable":true,"href":"https:\/\/kulturbloggen.com\/index.php?rest_route=%2Fwp%2Fv2%2Ftags&post=115911"}],"curies":[{"name":"wp","href":"https:\/\/api.w.org\/{rel}","templated":true}]}}