{"id":115908,"date":"2018-02-21T14:06:16","date_gmt":"2018-02-21T13:06:16","guid":{"rendered":"https:\/\/kulturbloggen.com\/?p=115908"},"modified":"2018-02-21T14:06:16","modified_gmt":"2018-02-21T13:06:16","slug":"titta-asta-kask-den-har-ar-till-er","status":"publish","type":"post","link":"https:\/\/kulturbloggen.com\/?p=115908","title":{"rendered":"Titta: Asta Kask &#8211; Den H\u00e4r \u00c4r Till Er"},"content":{"rendered":"<p><img loading=\"lazy\" decoding=\"async\" src=\"https:\/\/kulturbloggen.com\/wp-content\/uploads\/2018\/02\/Askakaskdenharartiller.jpg\" alt=\"\" width=\"624\" height=\"624\" class=\"aligncenter size-full wp-image-115909\" srcset=\"https:\/\/kulturbloggen.com\/wp-content\/uploads\/2018\/02\/Askakaskdenharartiller.jpg 624w, https:\/\/kulturbloggen.com\/wp-content\/uploads\/2018\/02\/Askakaskdenharartiller-150x150.jpg 150w, https:\/\/kulturbloggen.com\/wp-content\/uploads\/2018\/02\/Askakaskdenharartiller-300x300.jpg 300w\" sizes=\"auto, (max-width: 624px) 100vw, 624px\" \/><\/p>\n<p>Bandet Asta Kask  fyller 40 \u00e5r och firar det genom flera musiksl\u00e4pp. H\u00e4r kommer en video med en h\u00e4lsning fr\u00e5n Bonni i Asta Kask:<br \/>\n<em>Medier som h\u00e4mningsl\u00f6st f\u00f6rvanskar sanningen med en h\u00f6gerpopulistisk agenda. Idioter som sv\u00e4ljer och delar skiten. V\u00e4nner som visar sidor man inte trodde fanns d\u00e4r.<br \/>\nN\u00e4ttroll som i skydd av anonymitet f\u00e5r n\u00e4ring av att f\u00f6rminska och trycka ner andra. Politiska partier som gjort maktpositionen till sj\u00e4lv\u00e4ndam\u00e5l. Religi\u00f6sa fanatiker som m\u00f6rdar i sin guds namn. Kr\u00e4nkta och r\u00e4dda m\u00e4nniskor som via sociala medier s\u00f6ker bekr\u00e4ftelser och klamrar sig fast vid f\u00f6rsta b\u00e4sta sanning som ger enkla svar. Listan kan g\u00f6ras l\u00e5ng. R\u00f6r man om i den bl\u00e5bruna s\u00f6rjan flyter skiten upp till ytan. Ligger ni d\u00e4r och flyter? Den h\u00e4r \u00e4r till er!<br \/>\nMed v\u00e4nlig h\u00e4lsning,<\/em><br \/>\nBonni<br \/>\nAsta Kask<\/p>\n<p><strong>H\u00e4r \u00e4r texten till videon:<\/strong><br \/>\nDEN H\u00c4R \u00c4R TILL ER<br \/>\nDet \u00e4r en stj\u00e4rnklar natt och h\u00e4r sitter jag. M\u00e5nen lyser s\u00e5 klar.<br \/>\nJag ser genom glaset med whiskey i min hand och jag vet, visst har jag det bra.<br \/>\nMen det \u00e4r inte l\u00e4tt att bara st\u00e4nga av de m\u00f6rka tankar jag har,<br \/>\natt skita i allt och bara gl\u00f6mma bort f\u00f6r d\u00e4rute finns de j\u00e4vlarna kvar.<br \/>\nDet \u00e4r den insikten som st\u00f6r, att d\u00e4r i v\u00e4rlden utanf\u00f6r,<br \/>\nf\u00f6ds en ny f\u00f6r var idiot som d\u00f6r <\/p>\n<p>Jag ser dem p\u00e5 h\u00e5ll och bland v\u00e4nner ibland och l\u00e5ngt bort i avl\u00e4gsna land<br \/>\nP\u00e5 fejjan, p\u00e5 teven i var tidningstabl\u00e5. Det finns st\u00e4ndigt en l\u00e4gre niv\u00e5.<br \/>\nIlskan som jag b\u00e4r, just nu och h\u00e4r,<br \/>\n\u00e4r f\u00f6r alla j\u00e4vla d\u00e5rar i v\u00e5r v\u00e4rld. <\/p>\n<p>F\u00f6r varje idiot som i mitt liv satt sin fot.<br \/>\nF\u00f6r varje falska svin jag n\u00e5gonsin sl\u00e4ppt in.<br \/>\nJag lovar och jag sv\u00e4r jag minns vilka dom \u00e4r.<br \/>\nDet \u00e4r alla dom som denna handlar om. <\/p>\n<p>Jag \u00e4r tr\u00f6tt p\u00e5 debatter d\u00e4r enfalden r\u00e5r. Jag suckar och g\u00e5r d\u00e4rifr\u00e5n.<br \/>\nKasta p\u00e4rlor till svin \u00e4r bortkastad tid, och t\u00e4r p\u00e5 min energi.<br \/>\nDet finns dom som flyr med droger &#8211; f\u00f6r att orka med.<br \/>\nDet finns dom som ber till gudar &#8211; det finns dom som sk\u00e4r sig med.<br \/>\nMen jag har mitt eget s\u00e4tt att beh\u00e5lla sans och vett.<br \/>\nJag g\u00f6r det med mitt band och min svett . <\/p>\n<p>Till varje idiot som vandrat p\u00e5 v\u00e5r jord.<br \/>\nTill alla falska svin och varje falsk doktrin.<br \/>\nTill varje falsk profet som besudlat v\u00e5r planet.<br \/>\nTill er som \u00e4r f\u00f6rmer. Den h\u00e4r \u00e4r till er. <\/p>\n<p>Till dig som var min v\u00e4n som nu knappt k\u00e4nns igen.<br \/>\nTill er som lovar mer, och du som sparkade och slog ner.<br \/>\nDu som postar all din skit, och varje j\u00e4vla parasit.<br \/>\nTill dig som svek ditt barn, och varje snobb p\u00e5 Stureplan.<br \/>\nTill varje pr\u00e4st och var imam, och varje j\u00e4vla charlatan.<br \/>\nTill h\u00f6gerns Allians, och varje j\u00e4vla brun nyans.<br \/>\nTill IS kalifat, och varje Sverigedemokrat.<br \/>\nTill varje j\u00e4vla svin jag m\u00f6tt, och dom som \u00e4nnu inte f\u00f6tts.<br \/>\n\u2026..den h\u00e4r \u00e4r till er! <\/p>\n<p>Ett pressmeddelande ber\u00e4ttar om 40-\u00e5rsfirandet:<br \/>\nAsta Kask firar sitt 40-\u00e5rs jubileum med att sl\u00e4ppa nya EP\u00b4n \u201dHistorien D\u00f6mer Oss Alla\u201d samt \u00e5tersl\u00e4ppa tre klassiska titlar den 2:e Mars. Skivorna sl\u00e4pps samma dag som bandet startar sin imponerande 15 datum l\u00e5nga v\u00e5rturn\u00e9. Asta Kask har lyckats med det som v\u00e4ldigt f\u00e5 band fr\u00e5n den f\u00f6rsta svenska punkv\u00e5gen lyckats med: Att bevara sin publik och samtidigt forts\u00e4tta n\u00e4stla sig in i nya unga punkhj\u00e4rtan, trots att b\u00e4st-f\u00f6re-datum borde ha passerat. EP\u00b4n \u201dHistorien D\u00f6mer Oss Alla\u201d best\u00e5r av fyra sp\u00e5r som alla tar upp den smygrasism som normaliserats i v\u00e5rt samtida Sverige. P\u00e5 nya EP\u00b4n kombinerar bandet sina styrkor fr\u00e5n hela sin karri\u00e4r med en rej\u00e4l portion j\u00e4vlar anamma. V\u00e5gar man se bortom sin egen nostalgi s\u00e5 finner vi bandets hittills b\u00e4sta och mest kompletta material. <\/p>\n<p>EP\u00b4n \u00e4r inspelad av H\u00e5kan S\u00f6rle i Studio \u00c5rstaberg i slutet av 2017. F\u00f6rutom EP\u00b4n \u00e5tersl\u00e4pper bandet sina tidigare skivor \u201dMed Is I Magen\u201d, \u201dAldrig En LP\u201d, och \u201dEn F\u00f6r Alla Ingen F\u00f6r N\u00e5n\u201d p\u00e5 f\u00e4rgad vinyl. Skivsl\u00e4ppet g\u00f6rs i samarbete mellan Gaphals och bandets egna skivbolag Kloakens Alternativa Anti-Produktion. 2018 firar Asta Kask 40\u00e5r som band <\/p>\n<p>Utgivningar som sker 2:e Mars 2018:<br \/>\nHistorien D\u00f6mer Oss Alla &#8211; 12\u201d vinyl<br \/>\nEn F\u00f6r Alla Ingen F\u00f6r N\u00e5n &#8211; LP<br \/>\nMed Is I Magen &#8211; LP<br \/>\nAldrig En LP &#8211; LP<\/p>\n<p><iframe loading=\"lazy\" width=\"560\" height=\"315\" src=\"https:\/\/www.youtube.com\/embed\/s_AZ-LI5auc\" frameborder=\"0\" allow=\"autoplay; encrypted-media\" allowfullscreen><\/iframe><\/p>\n","protected":false},"excerpt":{"rendered":"<p>Bandet Asta Kask fyller 40 \u00e5r och firar det genom flera musiksl\u00e4pp. H\u00e4r kommer en video med en h\u00e4lsning fr\u00e5n Bonni i Asta Kask: Medier som h\u00e4mningsl\u00f6st f\u00f6rvanskar sanningen med en h\u00f6gerpopulistisk agenda. Idioter som sv\u00e4ljer och delar skiten. V\u00e4nner som visar sidor man inte trodde fanns d\u00e4r. N\u00e4ttroll som i skydd av anonymitet f\u00e5r [&hellip;]<\/p>\n","protected":false},"author":13,"featured_media":0,"comment_status":"open","ping_status":"open","sticky":false,"template":"","format":"standard","meta":{"_genesis_hide_title":false,"_genesis_hide_breadcrumbs":false,"_genesis_hide_singular_image":false,"_genesis_hide_footer_widgets":false,"_genesis_custom_body_class":"","_genesis_custom_post_class":"","_genesis_layout":"","footnotes":""},"categories":[7],"tags":[],"class_list":{"0":"post-115908","1":"post","2":"type-post","3":"status-publish","4":"format-standard","6":"category-musik","7":"entry"},"_links":{"self":[{"href":"https:\/\/kulturbloggen.com\/index.php?rest_route=\/wp\/v2\/posts\/115908","targetHints":{"allow":["GET"]}}],"collection":[{"href":"https:\/\/kulturbloggen.com\/index.php?rest_route=\/wp\/v2\/posts"}],"about":[{"href":"https:\/\/kulturbloggen.com\/index.php?rest_route=\/wp\/v2\/types\/post"}],"author":[{"embeddable":true,"href":"https:\/\/kulturbloggen.com\/index.php?rest_route=\/wp\/v2\/users\/13"}],"replies":[{"embeddable":true,"href":"https:\/\/kulturbloggen.com\/index.php?rest_route=%2Fwp%2Fv2%2Fcomments&post=115908"}],"version-history":[{"count":1,"href":"https:\/\/kulturbloggen.com\/index.php?rest_route=\/wp\/v2\/posts\/115908\/revisions"}],"predecessor-version":[{"id":115910,"href":"https:\/\/kulturbloggen.com\/index.php?rest_route=\/wp\/v2\/posts\/115908\/revisions\/115910"}],"wp:attachment":[{"href":"https:\/\/kulturbloggen.com\/index.php?rest_route=%2Fwp%2Fv2%2Fmedia&parent=115908"}],"wp:term":[{"taxonomy":"category","embeddable":true,"href":"https:\/\/kulturbloggen.com\/index.php?rest_route=%2Fwp%2Fv2%2Fcategories&post=115908"},{"taxonomy":"post_tag","embeddable":true,"href":"https:\/\/kulturbloggen.com\/index.php?rest_route=%2Fwp%2Fv2%2Ftags&post=115908"}],"curies":[{"name":"wp","href":"https:\/\/api.w.org\/{rel}","templated":true}]}}