{"id":115853,"date":"2018-02-19T09:12:42","date_gmt":"2018-02-19T08:12:42","guid":{"rendered":"https:\/\/kulturbloggen.com\/?p=115853"},"modified":"2018-02-19T09:12:42","modified_gmt":"2018-02-19T08:12:42","slug":"politisk-folkfest-med-korsang-om-valfarden-med-riksteatern","status":"publish","type":"post","link":"https:\/\/kulturbloggen.com\/?p=115853","title":{"rendered":"Politisk folkfest med k\u00f6rs\u00e5ng om v\u00e4lf\u00e4rden med Riksteatern"},"content":{"rendered":"<figure id=\"attachment_115854\" aria-describedby=\"caption-attachment-115854\" style=\"width: 500px\" class=\"wp-caption aligncenter\"><img loading=\"lazy\" decoding=\"async\" src=\"https:\/\/kulturbloggen.com\/wp-content\/uploads\/2018\/02\/rikskor500.jpg\" alt=\"\" width=\"500\" height=\"559\" class=\"size-full wp-image-115854\" srcset=\"https:\/\/kulturbloggen.com\/wp-content\/uploads\/2018\/02\/rikskor500.jpg 500w, https:\/\/kulturbloggen.com\/wp-content\/uploads\/2018\/02\/rikskor500-268x300.jpg 268w\" sizes=\"auto, (max-width: 500px) 100vw, 500px\" \/><figcaption id=\"caption-attachment-115854\" class=\"wp-caption-text\">Foto: Patriez Van Der Wens<\/figcaption><\/figure>\n<p>K\u00f6rer fr\u00e5n hela landet tar ton tillsammans med bland annat Lennart J\u00e4hkel f\u00f6r att sjunga om v\u00e4lf\u00e4rden i detta poetiska inslag i valdebatten. Nu \u00e4r det urpremi\u00e4r f\u00f6r Riksteaterns k\u00f6rverk S\u00e5ng till v\u00e4lf\u00e4rden som \u00e4r skapad av Sara Parkman, Alexandra Loonin och Hampus Nor\u00e9n. F\u00f6r regi st\u00e5r Lisa F\u00e4rnstr\u00f6m. <\/p>\n<p>Ett pressmeddelande ber\u00e4ttar:<br \/>\nInom den svenska v\u00e4lf\u00e4rden ryms ber\u00e4ttelser om alltifr\u00e5n gemenskap och framtidstro till ensamhet och besvikelser. Ber\u00e4ttelser som nu blivit till en musikalisk folkfest d\u00e4r publiken f\u00e5r m\u00f6jlighet att b\u00e5de k\u00e4nna och sjunga om den svenska v\u00e4lf\u00e4rden. I centrum st\u00e5r k\u00f6rs\u00e5ngen och f\u00f6r varje ort som f\u00f6rest\u00e4llningen bes\u00f6ker kommer en helt ny lokal k\u00f6r att medverka.<\/p>\n<p>\u2013 K\u00f6ren och v\u00e4lf\u00e4rden speglar varandra &#8211; ett logistiskt helvetesprojekt som f\u00e5r det att pirra i hela kroppen n\u00e4r det klaffar. F\u00f6r k\u00f6rprojektet \u00e4r ett gemenskapsprojekt, precis som v\u00e4lf\u00e4rden. Vi kommer vara \u00f6ver 600 personer som har jobbat med det h\u00e4r projektet n\u00e4r turn\u00e9n \u00e4r \u00f6ver. F\u00f6rst\u00e5r ni vilken logistik? Lite som v\u00e4lf\u00e4rden? Ja, kanske, s\u00e4ger upphovsm\u00e4nnen Alexandra Loonin, Sara Parkman och Hampus Nor\u00e9n.<\/p>\n<p>P\u00e5 scen ser vi, f\u00f6rutom den lokala k\u00f6ren, Lennart J\u00e4hkel, Maurits Elvingsson, Emma<br \/>\nSild\u00e9n, Kaya \u00c5lander samt studenter fr\u00e5n Kungliga Musikh\u00f6gskolan. S\u00e5ng till v\u00e4lf\u00e4rden \u00e4r skriven av Alexandra Loonin och Sara Parkman som tillsammans med Hampus Nor\u00e9n har komponerat den helt nyskrivna musiken. F\u00f6r regin st\u00e5r Lisa F\u00e4rnstr\u00f6m som tidigare bland annat regisserat hyllade F\u00e4boland d\u00e4r \u00e4ven Parkman och Nor\u00e9n medverkade.<\/p>\n<p>\u2013 Nu \u00e4r det val\u00e5r och det \u00e4r viktigt att inte bara t\u00e4nka p\u00e5 det gemensamma, utan ocks\u00e5 att f\u00e5 k\u00e4nna kring det. Det blir sv\u00e4ngigt vemod med en touch av alls\u00e5ng, n\u00e4r skratt och allvar blandas i S\u00e5ng till v\u00e4lf\u00e4rden, s\u00e4ger Lisa F\u00e4rnstr\u00f6m, regiss\u00f6r.<\/p>\n<p>S\u00e5ng till v\u00e4lf\u00e4rden sp\u00e4nner \u00f6ver v\u00e4lf\u00e4rdens historia men tar \u00e4ven upp h\u00f6gaktuella fr\u00e5gor om m\u00f6jligheten till att bra liv i Sverige idag. P\u00e5 vems bekostnad har vi egentligen v\u00e4lf\u00e4rd?  Publiken tas med till alltifr\u00e5n ett v\u00e4ntrum till en presskonferens d\u00e4r de f\u00e5r m\u00f6ta undersk\u00f6terskor, lokalpolitiker, konsulter och gravida kvinnor.<\/p>\n<p>Musiken fr\u00e5n f\u00f6rest\u00e4llningen kommer att sl\u00e4ppas i mitten av mars. <\/p>\n<p>F\u00f6rest\u00e4llningen \u00e4r en del av Riksteaterns fler\u00e5riga konstn\u00e4rliga satsning Demokratins gr\u00e4nser. Genom att skapa angel\u00e4gen scenkonst vill Riksteatern bidra till det offentliga samtalet om demokratins m\u00f6jligheter och utmaningar.<\/p>\n<p><strong>Urpremi\u00e4r den 5 mars i Sollefte\u00e5.<\/strong><br \/>\n<strong>Medverkande<\/strong><br \/>\nMaurits Elvingsson, Lennart J\u00e4hkel, Emma Sild\u00e9n och Kaya \u00c5lander.<br \/>\nSamt i par om tv\u00e5 Johan L\u00e5ng och Kristina Leesik eller Vega Nordkvist och Anton Larsson. De fyra sistn\u00e4mnda \u00e4r studenter fr\u00e5n Kungliga Musikh\u00f6gskolan.<\/p>\n<p>Manus Alexandra Loonin &#038; Sara Parkman<br \/>\nKomposition Hampus Nor\u00e9n &#038; Sara Parkman<br \/>\nL\u00e5ttexter Alexandra Loonin, Hampus Nor\u00e9n, Sara Parkman<br \/>\nRegi Lisa F\u00e4rnstr\u00f6m<br \/>\nScenografi och kostymdesign Josefina Bj\u00f6rk<br \/>\nLjusdesign Johan Alm<\/p>\n","protected":false},"excerpt":{"rendered":"<p>K\u00f6rer fr\u00e5n hela landet tar ton tillsammans med bland annat Lennart J\u00e4hkel f\u00f6r att sjunga om v\u00e4lf\u00e4rden i detta poetiska inslag i valdebatten. Nu \u00e4r det urpremi\u00e4r f\u00f6r Riksteaterns k\u00f6rverk S\u00e5ng till v\u00e4lf\u00e4rden som \u00e4r skapad av Sara Parkman, Alexandra Loonin och Hampus Nor\u00e9n. F\u00f6r regi st\u00e5r Lisa F\u00e4rnstr\u00f6m. Ett pressmeddelande ber\u00e4ttar: Inom den svenska [&hellip;]<\/p>\n","protected":false},"author":13,"featured_media":0,"comment_status":"open","ping_status":"open","sticky":false,"template":"","format":"standard","meta":{"_genesis_hide_title":false,"_genesis_hide_breadcrumbs":false,"_genesis_hide_singular_image":false,"_genesis_hide_footer_widgets":false,"_genesis_custom_body_class":"","_genesis_custom_post_class":"","_genesis_layout":"","footnotes":""},"categories":[62,13624],"tags":[3192,12284,4756],"class_list":{"0":"post-115853","1":"post","2":"type-post","3":"status-publish","4":"format-standard","6":"category-medie-och-kulturpolitik","7":"category-toppnytt","8":"tag-korsang","9":"tag-politik","10":"tag-riksteatern","11":"entry"},"_links":{"self":[{"href":"https:\/\/kulturbloggen.com\/index.php?rest_route=\/wp\/v2\/posts\/115853","targetHints":{"allow":["GET"]}}],"collection":[{"href":"https:\/\/kulturbloggen.com\/index.php?rest_route=\/wp\/v2\/posts"}],"about":[{"href":"https:\/\/kulturbloggen.com\/index.php?rest_route=\/wp\/v2\/types\/post"}],"author":[{"embeddable":true,"href":"https:\/\/kulturbloggen.com\/index.php?rest_route=\/wp\/v2\/users\/13"}],"replies":[{"embeddable":true,"href":"https:\/\/kulturbloggen.com\/index.php?rest_route=%2Fwp%2Fv2%2Fcomments&post=115853"}],"version-history":[{"count":1,"href":"https:\/\/kulturbloggen.com\/index.php?rest_route=\/wp\/v2\/posts\/115853\/revisions"}],"predecessor-version":[{"id":115855,"href":"https:\/\/kulturbloggen.com\/index.php?rest_route=\/wp\/v2\/posts\/115853\/revisions\/115855"}],"wp:attachment":[{"href":"https:\/\/kulturbloggen.com\/index.php?rest_route=%2Fwp%2Fv2%2Fmedia&parent=115853"}],"wp:term":[{"taxonomy":"category","embeddable":true,"href":"https:\/\/kulturbloggen.com\/index.php?rest_route=%2Fwp%2Fv2%2Fcategories&post=115853"},{"taxonomy":"post_tag","embeddable":true,"href":"https:\/\/kulturbloggen.com\/index.php?rest_route=%2Fwp%2Fv2%2Ftags&post=115853"}],"curies":[{"name":"wp","href":"https:\/\/api.w.org\/{rel}","templated":true}]}}