{"id":115794,"date":"2018-02-16T20:44:18","date_gmt":"2018-02-16T19:44:18","guid":{"rendered":"https:\/\/kulturbloggen.com\/?p=115794"},"modified":"2018-02-16T20:44:18","modified_gmt":"2018-02-16T19:44:18","slug":"haim-till-sverige-i-sommar","status":"publish","type":"post","link":"https:\/\/kulturbloggen.com\/?p=115794","title":{"rendered":"Haim till Sverige i sommar"},"content":{"rendered":"<p><img loading=\"lazy\" decoding=\"async\" src=\"https:\/\/kulturbloggen.com\/wp-content\/uploads\/2018\/02\/haimtillsverige.jpg\" alt=\"\" width=\"650\" height=\"650\" class=\"aligncenter size-full wp-image-115795\" srcset=\"https:\/\/kulturbloggen.com\/wp-content\/uploads\/2018\/02\/haimtillsverige.jpg 650w, https:\/\/kulturbloggen.com\/wp-content\/uploads\/2018\/02\/haimtillsverige-150x150.jpg 150w, https:\/\/kulturbloggen.com\/wp-content\/uploads\/2018\/02\/haimtillsverige-300x300.jpg 300w\" sizes=\"auto, (max-width: 650px) 100vw, 650px\" \/><\/p>\n<p>Haim kommer till Sverige i sommar f\u00f6r en konsert den 20 juni i Annexet i Stockholm.<\/p>\n<p>Ett pressmeddelande ber\u00e4ttar:<br \/>\nSedan 2012 har Haim varit musikv\u00e4rldens coolaste efternamn. Genom att blanda slick softrock al\u00e1 70-talet, dansant nutida R&#038;B och en stor dos Kalifornien har systrarna Este, Danielle och Alana skapat ett helt eget genrel\u00f6st musikaliskt universum. F\u00f6rra \u00e5ret sl\u00e4ppte gruppen sin andra kritikerhyllade platta \u201dSomething to Tell You\u201d \u2013 en i stort sett full\u00e4ndad uppf\u00f6ljare till den redan klassikerst\u00e4mplade debuten. Haim \u00e4r en av v\u00e4rldens b\u00e4sta powertrios och har ett rykte om sig att vara en \u00e4nnu b\u00e4ttre och mer explosiv liveakt. Vi \u00e4r d\u00e4rf\u00f6r glada att kunna meddela att Haim \u00e5terv\u00e4nder till Stockholm f\u00f6r ett framtr\u00e4dande p\u00e5 Annexet den 20 juni.<\/p>\n<p>Att bara kalla systrarna Haim samspelta \u00e4r en underdrift. Barndomen tillbringade man spelandes tillsammans i familjecoverbandet Rockinhaim, och d\u00e4refter utgjorde Danielle och Este tv\u00e5 delar av popgruppen Valli Girls. Projektet Haim har existerat sedan 2007, men det var f\u00f6rst 2012 och med sl\u00e4ppet av EP:n \u201dForever\u201d som saker tog fart p\u00e5 allvar. Debutalbumet &#8221;Days Are Gone&#8221; kr\u00f6ntes till ett av 2013 \u00e5rs b\u00e4sta, och Haim hade helt pl\u00f6tsligt blivit ett av v\u00e4rldens mest sp\u00e4nnande band. Priserna och utm\u00e4rkelserna har sedan starten regnat in, och bara h\u00e4romdagen kammade man hem priset f\u00f6r b\u00e4sta internationella band p\u00e5 NME-galan \u2013 ett pris som man \u00e4ven vann 2014. Gruppens senaste album \u201dSomething to Tell You\u201d sl\u00e4pptes i juli f\u00f6rra \u00e5ret och bel\u00f6nades bland annat med full pott av Gaffa, 4\/5 av The Guardian och lika mycket av NME. <\/p>\n<p><iframe loading=\"lazy\" width=\"560\" height=\"315\" src=\"https:\/\/www.youtube.com\/embed\/yPQfcG-eimk\" frameborder=\"0\" allow=\"autoplay; encrypted-media\" allowfullscreen><\/iframe><\/p>\n","protected":false},"excerpt":{"rendered":"<p>Haim kommer till Sverige i sommar f\u00f6r en konsert den 20 juni i Annexet i Stockholm. Ett pressmeddelande ber\u00e4ttar: Sedan 2012 har Haim varit musikv\u00e4rldens coolaste efternamn. Genom att blanda slick softrock al\u00e1 70-talet, dansant nutida R&#038;B och en stor dos Kalifornien har systrarna Este, Danielle och Alana skapat ett helt eget genrel\u00f6st musikaliskt universum. [&hellip;]<\/p>\n","protected":false},"author":13,"featured_media":0,"comment_status":"open","ping_status":"open","sticky":false,"template":"","format":"standard","meta":{"_genesis_hide_title":false,"_genesis_hide_breadcrumbs":false,"_genesis_hide_singular_image":false,"_genesis_hide_footer_widgets":false,"_genesis_custom_body_class":"","_genesis_custom_post_class":"","_genesis_layout":"","footnotes":""},"categories":[7],"tags":[],"class_list":{"0":"post-115794","1":"post","2":"type-post","3":"status-publish","4":"format-standard","6":"category-musik","7":"entry"},"_links":{"self":[{"href":"https:\/\/kulturbloggen.com\/index.php?rest_route=\/wp\/v2\/posts\/115794","targetHints":{"allow":["GET"]}}],"collection":[{"href":"https:\/\/kulturbloggen.com\/index.php?rest_route=\/wp\/v2\/posts"}],"about":[{"href":"https:\/\/kulturbloggen.com\/index.php?rest_route=\/wp\/v2\/types\/post"}],"author":[{"embeddable":true,"href":"https:\/\/kulturbloggen.com\/index.php?rest_route=\/wp\/v2\/users\/13"}],"replies":[{"embeddable":true,"href":"https:\/\/kulturbloggen.com\/index.php?rest_route=%2Fwp%2Fv2%2Fcomments&post=115794"}],"version-history":[{"count":1,"href":"https:\/\/kulturbloggen.com\/index.php?rest_route=\/wp\/v2\/posts\/115794\/revisions"}],"predecessor-version":[{"id":115796,"href":"https:\/\/kulturbloggen.com\/index.php?rest_route=\/wp\/v2\/posts\/115794\/revisions\/115796"}],"wp:attachment":[{"href":"https:\/\/kulturbloggen.com\/index.php?rest_route=%2Fwp%2Fv2%2Fmedia&parent=115794"}],"wp:term":[{"taxonomy":"category","embeddable":true,"href":"https:\/\/kulturbloggen.com\/index.php?rest_route=%2Fwp%2Fv2%2Fcategories&post=115794"},{"taxonomy":"post_tag","embeddable":true,"href":"https:\/\/kulturbloggen.com\/index.php?rest_route=%2Fwp%2Fv2%2Ftags&post=115794"}],"curies":[{"name":"wp","href":"https:\/\/api.w.org\/{rel}","templated":true}]}}