{"id":115788,"date":"2018-02-16T20:31:27","date_gmt":"2018-02-16T19:31:27","guid":{"rendered":"https:\/\/kulturbloggen.com\/?p=115788"},"modified":"2018-02-16T20:31:27","modified_gmt":"2018-02-16T19:31:27","slug":"lyssna-hanna-jarver-javla-80-tal","status":"publish","type":"post","link":"https:\/\/kulturbloggen.com\/?p=115788","title":{"rendered":"Lyssna: Hanna J\u00e4rver &#8211; J\u00e4vla 80-tal"},"content":{"rendered":"<p><img loading=\"lazy\" decoding=\"async\" src=\"https:\/\/kulturbloggen.com\/wp-content\/uploads\/2018\/02\/Hanna-J\u00e4rver-J\u00e4vla-80tal-300x300.jpg\" alt=\"\" width=\"300\" height=\"300\" class=\"aligncenter size-medium wp-image-115789\" srcset=\"https:\/\/kulturbloggen.com\/wp-content\/uploads\/2018\/02\/Hanna-J\u00e4rver-J\u00e4vla-80tal-300x300.jpg 300w, https:\/\/kulturbloggen.com\/wp-content\/uploads\/2018\/02\/Hanna-J\u00e4rver-J\u00e4vla-80tal-150x150.jpg 150w, https:\/\/kulturbloggen.com\/wp-content\/uploads\/2018\/02\/Hanna-J\u00e4rver-J\u00e4vla-80tal-768x768.jpg 768w, https:\/\/kulturbloggen.com\/wp-content\/uploads\/2018\/02\/Hanna-J\u00e4rver-J\u00e4vla-80tal-1024x1024.jpg 1024w\" sizes=\"auto, (max-width: 300px) 100vw, 300px\" \/><\/p>\n<p>Hanna J\u00e4rver har sl\u00e4ppt en ny singel, &#8221;J\u00e4vla 80-tal&#8221;. <\/p>\n<p>Ett pressmeddelande ber\u00e4ttar:<br \/>\nMed kritikerrosade EP:n N\u00e4rke fr\u00e5n 2015 fick hon sitt genombrott som bland annat ledde till dubbla P3 Guld-nomineringar. Nu \u00e4r Hanna J\u00e4rver verkligen tillbaka. I april sl\u00e4pper hon sitt debutalbum och \u00e5ker d\u00e4refter p\u00e5 en efterf\u00f6ljande turn\u00e9 med stopp i G\u00f6teborg, \u00d6rebro, Stockholm och V\u00e4xj\u00f6<br \/>\nN\u00e4sta singel, J\u00e4vla 80-tal, sl\u00e4pptes  den 16:e februari.<\/p>\n<p><em>s\u00e5 du \u00e4 cool men gammal<br \/>\njag \u00e4 ung men har ingen koll<br \/>\nmen du kan leva kvar<br \/>\ni ditt j\u00e4vla 80-tal<\/em><\/p>\n<p>P\u00e5 Hanna J\u00e4rvers nya singel visar hon \u00e5terigen varf\u00f6r hon blivit prisad och hyllats som en av v\u00e5ra mest sp\u00e4nnande nya textf\u00f6rfattare. Hon \u00e4r b\u00e5de hudl\u00f6s och r\u00e4ttfram, s\u00e5rbar och uppk\u00e4ftig. I vardagsn\u00e4ra scener beskriver hon k\u00e4nslor och situationer med en precision som m\u00e5nga av oss kan k\u00e4nna igen sig i.  Eller som SKAP- juryn uttryckte det i samband med att de gjorde Hanna till en av \u00e5rets stipendiater 2017: \u201dEn electropopm\u00e4starinna som alltid \u00e4r utl\u00e4mnande men aldrig l\u00e4mnar n\u00e5gon utanf\u00f6r.\u201d<\/p>\n<p>S\u00e5 h\u00e4r s\u00e4ger Hanna sj\u00e4lv om l\u00e5ten:<br \/>\n\u201dJ\u00e4vla 80-tal \u00e4r en sv\u00e4ngig, sitt-dansant suck \u00f6ver folk som tycker att Telefonplan ligger p\u00e5 landet.\u201d<\/p>\n<p>De ljudlandskap som b\u00e4r Hanna J\u00e4rvers omissk\u00e4nnliga pr\u00e4gel \u00e4r en f\u00f6runderlig omgivning att vistas i. Mjuka synthmattor byggs p\u00e5 med lager p\u00e5 lager-k\u00f6rer och gitarrslingor som tornar upp sig mot himlen.<br \/>\nJ\u00e4vla 80-tal \u00e4r den andra singeln fr\u00e5n hennes debutalbum som sl\u00e4pps i april 2018. <\/p>\n<p><strong>Turn\u00e9datum v\u00e5ren 2018:<\/strong><br \/>\n11 maj, G\u00f6teborg, Oceanen.<br \/>\n12 maj, \u00d6rebro, \u00d6rebro konserthus (Klubb Mono)<br \/>\n19 maj, Stockholm, Debaser Strand<br \/>\n25 maj, V\u00e4xj\u00f6, Kaf\u00e9 de Luxe<\/p>\n<p><iframe loading=\"lazy\" src=\"https:\/\/open.spotify.com\/embed\/track\/7dTkqz2GdWgmfQo0bwitnB\" width=\"300\" height=\"380\" frameborder=\"0\" allowtransparency=\"true\"><\/iframe><\/p>\n","protected":false},"excerpt":{"rendered":"<p>Hanna J\u00e4rver har sl\u00e4ppt en ny singel, &#8221;J\u00e4vla 80-tal&#8221;. Ett pressmeddelande ber\u00e4ttar: Med kritikerrosade EP:n N\u00e4rke fr\u00e5n 2015 fick hon sitt genombrott som bland annat ledde till dubbla P3 Guld-nomineringar. Nu \u00e4r Hanna J\u00e4rver verkligen tillbaka. I april sl\u00e4pper hon sitt debutalbum och \u00e5ker d\u00e4refter p\u00e5 en efterf\u00f6ljande turn\u00e9 med stopp i G\u00f6teborg, \u00d6rebro, Stockholm [&hellip;]<\/p>\n","protected":false},"author":13,"featured_media":0,"comment_status":"open","ping_status":"open","sticky":false,"template":"","format":"standard","meta":{"_genesis_hide_title":false,"_genesis_hide_breadcrumbs":false,"_genesis_hide_singular_image":false,"_genesis_hide_footer_widgets":false,"_genesis_custom_body_class":"","_genesis_custom_post_class":"","_genesis_layout":"","footnotes":""},"categories":[7],"tags":[3387,12282],"class_list":{"0":"post-115788","1":"post","2":"type-post","3":"status-publish","4":"format-standard","6":"category-musik","7":"tag-lyssna","8":"tag-musik","9":"entry"},"_links":{"self":[{"href":"https:\/\/kulturbloggen.com\/index.php?rest_route=\/wp\/v2\/posts\/115788","targetHints":{"allow":["GET"]}}],"collection":[{"href":"https:\/\/kulturbloggen.com\/index.php?rest_route=\/wp\/v2\/posts"}],"about":[{"href":"https:\/\/kulturbloggen.com\/index.php?rest_route=\/wp\/v2\/types\/post"}],"author":[{"embeddable":true,"href":"https:\/\/kulturbloggen.com\/index.php?rest_route=\/wp\/v2\/users\/13"}],"replies":[{"embeddable":true,"href":"https:\/\/kulturbloggen.com\/index.php?rest_route=%2Fwp%2Fv2%2Fcomments&post=115788"}],"version-history":[{"count":1,"href":"https:\/\/kulturbloggen.com\/index.php?rest_route=\/wp\/v2\/posts\/115788\/revisions"}],"predecessor-version":[{"id":115790,"href":"https:\/\/kulturbloggen.com\/index.php?rest_route=\/wp\/v2\/posts\/115788\/revisions\/115790"}],"wp:attachment":[{"href":"https:\/\/kulturbloggen.com\/index.php?rest_route=%2Fwp%2Fv2%2Fmedia&parent=115788"}],"wp:term":[{"taxonomy":"category","embeddable":true,"href":"https:\/\/kulturbloggen.com\/index.php?rest_route=%2Fwp%2Fv2%2Fcategories&post=115788"},{"taxonomy":"post_tag","embeddable":true,"href":"https:\/\/kulturbloggen.com\/index.php?rest_route=%2Fwp%2Fv2%2Ftags&post=115788"}],"curies":[{"name":"wp","href":"https:\/\/api.w.org\/{rel}","templated":true}]}}