{"id":11566,"date":"2009-08-05T22:56:14","date_gmt":"2009-08-05T20:56:14","guid":{"rendered":"http:\/\/kulturbloggen.com\/?p=11566"},"modified":"2009-08-05T22:56:14","modified_gmt":"2009-08-05T20:56:14","slug":"sommaren-med-goran","status":"publish","type":"post","link":"https:\/\/kulturbloggen.com\/?p=11566","title":{"rendered":"Sommaren med G\u00f6ran"},"content":{"rendered":"<p><img loading=\"lazy\" decoding=\"async\" src=\"http:\/\/sodergren.com\/kulturbloggen\/wp-content\/uploads\/2009\/08\/sommaren_med_goran-300x140.jpg\" alt=\"sommaren_med_goran\" title=\"sommaren_med_goran\" width=\"300\" height=\"140\" class=\"aligncenter size-medium wp-image-11574\" \/><br \/>\nVanligtvis brukar svenska komedifilmer g\u00e5 i samma f\u00e4lla men i det h\u00e4r fallet blir det faktiskt r\u00e4tt s\u00e5 lyckat. Sommaren med G\u00f6ran, fr\u00e5n g\u00e4nget bakom en rad humorprogram p\u00e5 TV4, \u00e4r en bra mix av ramla-p\u00e5-bananskalhumor och relationsskildring.<\/p>\n<p>G\u00f6ran \u00e4r en lite misslyckad person. Han trivs inte p\u00e5 jobbet och n\u00e4r han friar till sin flickv\u00e4n g\u00e5r allting fel. Av n\u00e5gon eller massa anledningar \u00e5ker han till V\u00e4stkusten f\u00f6r att fira midsommar.<\/p>\n<p>Att g\u00e5 ifr\u00e5n att g\u00f6ra parodier en kv\u00e4ll i veckan till bioformatet borde vara ett stort steg men det verkar ha varit en bra \u00f6vning. Det \u00e4r h\u00f6gt tempo filmen igenom och de lyckas verkligen spegla vissa typer av personers mest extrema sidor p\u00e5 ett (i alla fall i genren) briljant s\u00e4tt.<\/p>\n<p><a href=\"http:\/\/www.sommarenmedgoran.se\/\">H\u00e4r \u00e4r filmens hemsida.<\/a><\/p>\n<p>S\u00e5 h\u00e4r har <a href=\"http:\/\/www.aftonbladet.se\/nojesbladet\/film\/recensioner\/article5586436.ab\">Aftonbladet<\/a>, <a href=\"http:\/\/www.expressen.se\/noje\/1.1654218\/sommaren-med-goran#\">Expressen<\/a> + <a href=\"http:\/\/www.dn.se\/kultur-noje\/filmrecensioner\/sommaren-med-goran-1.921890\">DN<\/a> skrivit om filmen.<\/p>\n<p>L\u00e4s \u00e4ven andra bloggares \u00e5sikter om <a href=\"http:\/\/bloggar.se\/om\/film\" rel=\"tag\">film<\/a>, <a href=\"http:\/\/bloggar.se\/om\/komedi\" rel=\"tag\">komedi<\/a>, <a href=\"http:\/\/bloggar.se\/om\/recension\" rel=\"tag\">recension<\/a>, <a href=\"http:\/\/bloggar.se\/om\/Sommaren+med+G%F6ran\" rel=\"tag\">Sommaren med G\u00f6ran<\/a>, <a href=\"http:\/\/bloggar.se\/om\/svensk+film\" rel=\"tag\">svensk film<\/a><\/p>\n","protected":false},"excerpt":{"rendered":"<p>Vanligtvis brukar svenska komedifilmer g\u00e5 i samma f\u00e4lla men i det h\u00e4r fallet blir det faktiskt r\u00e4tt s\u00e5 lyckat. Sommaren med G\u00f6ran, fr\u00e5n g\u00e4nget bakom en rad humorprogram p\u00e5 TV4, \u00e4r en bra mix av ramla-p\u00e5-bananskalhumor och relationsskildring. G\u00f6ran \u00e4r en lite misslyckad person. Han trivs inte p\u00e5 jobbet och n\u00e4r han friar till sin [&hellip;]<\/p>\n","protected":false},"author":3,"featured_media":0,"comment_status":"open","ping_status":"open","sticky":false,"template":"","format":"standard","meta":{"_genesis_hide_title":false,"_genesis_hide_breadcrumbs":false,"_genesis_hide_singular_image":false,"_genesis_hide_footer_widgets":false,"_genesis_custom_body_class":"","_genesis_custom_post_class":"","_genesis_layout":"","footnotes":""},"categories":[16,20],"tags":[2984,12285,12286],"class_list":{"0":"post-11566","1":"post","2":"type-post","3":"status-publish","4":"format-standard","6":"category-recension","7":"category-film","8":"tag-komedi","9":"tag-recension","10":"tag-film","11":"entry"},"_links":{"self":[{"href":"https:\/\/kulturbloggen.com\/index.php?rest_route=\/wp\/v2\/posts\/11566","targetHints":{"allow":["GET"]}}],"collection":[{"href":"https:\/\/kulturbloggen.com\/index.php?rest_route=\/wp\/v2\/posts"}],"about":[{"href":"https:\/\/kulturbloggen.com\/index.php?rest_route=\/wp\/v2\/types\/post"}],"author":[{"embeddable":true,"href":"https:\/\/kulturbloggen.com\/index.php?rest_route=\/wp\/v2\/users\/3"}],"replies":[{"embeddable":true,"href":"https:\/\/kulturbloggen.com\/index.php?rest_route=%2Fwp%2Fv2%2Fcomments&post=11566"}],"version-history":[{"count":0,"href":"https:\/\/kulturbloggen.com\/index.php?rest_route=\/wp\/v2\/posts\/11566\/revisions"}],"wp:attachment":[{"href":"https:\/\/kulturbloggen.com\/index.php?rest_route=%2Fwp%2Fv2%2Fmedia&parent=11566"}],"wp:term":[{"taxonomy":"category","embeddable":true,"href":"https:\/\/kulturbloggen.com\/index.php?rest_route=%2Fwp%2Fv2%2Fcategories&post=11566"},{"taxonomy":"post_tag","embeddable":true,"href":"https:\/\/kulturbloggen.com\/index.php?rest_route=%2Fwp%2Fv2%2Ftags&post=11566"}],"curies":[{"name":"wp","href":"https:\/\/api.w.org\/{rel}","templated":true}]}}