{"id":115606,"date":"2018-02-09T13:33:38","date_gmt":"2018-02-09T12:33:38","guid":{"rendered":"https:\/\/kulturbloggen.com\/?p=115606"},"modified":"2018-02-10T12:12:13","modified_gmt":"2018-02-10T11:12:13","slug":"fatta-med-cleo-och-juck-maktig-dans-och-sanguppsattning-som-aldrig-riktigt-lyfter","status":"publish","type":"post","link":"https:\/\/kulturbloggen.com\/?p=115606","title":{"rendered":"Fatta med Cleo och Juck &#8211; M\u00e4ktig s\u00e5ng- och dansshow som aldrig riktigt lyfter"},"content":{"rendered":"<p><span style=\"font-weight: 400;\">Fatta med Cleo och Juck \u00e4r en kraftfull dans- och musikuppvisning som visar styrkan i Metoo och ger syre \u00e5t kvinnors kamp mot en patriarkal bransch, men en kort speltid och viss feghet i utf\u00f6randet g\u00f6r att det aldrig riktigt lyfter.<\/span><\/p>\n<p><span style=\"font-weight: 400;\"><a href=\"https:\/\/kulturbloggen.com\/wp-content\/uploads\/2018\/02\/FATTA_med_Cleo_och_JUCK_press6-768x512.jpg\"><img loading=\"lazy\" decoding=\"async\" class=\"alignnone size-medium wp-image-115609\" src=\"https:\/\/kulturbloggen.com\/wp-content\/uploads\/2018\/02\/FATTA_med_Cleo_och_JUCK_press6-768x512-300x200.jpg\" alt=\"\" width=\"300\" height=\"200\" srcset=\"https:\/\/kulturbloggen.com\/wp-content\/uploads\/2018\/02\/FATTA_med_Cleo_och_JUCK_press6-768x512-300x200.jpg 300w, https:\/\/kulturbloggen.com\/wp-content\/uploads\/2018\/02\/FATTA_med_Cleo_och_JUCK_press6-768x512.jpg 768w\" sizes=\"auto, (max-width: 300px) 100vw, 300px\" \/><\/a>\u00a0<a href=\"https:\/\/kulturbloggen.com\/wp-content\/uploads\/2018\/02\/FATTA_med_Cleo_och_JUCK_press12-768x512.jpg\"><img loading=\"lazy\" decoding=\"async\" class=\"alignnone size-medium wp-image-115610\" src=\"https:\/\/kulturbloggen.com\/wp-content\/uploads\/2018\/02\/FATTA_med_Cleo_och_JUCK_press12-768x512-300x200.jpg\" alt=\"\" width=\"300\" height=\"200\" srcset=\"https:\/\/kulturbloggen.com\/wp-content\/uploads\/2018\/02\/FATTA_med_Cleo_och_JUCK_press12-768x512-300x200.jpg 300w, https:\/\/kulturbloggen.com\/wp-content\/uploads\/2018\/02\/FATTA_med_Cleo_och_JUCK_press12-768x512.jpg 768w\" sizes=\"auto, (max-width: 300px) 100vw, 300px\" \/><\/a>\u00a0<a href=\"https:\/\/kulturbloggen.com\/wp-content\/uploads\/2018\/02\/FATTA_med_Cleo_och_JUCK_press13-768x512.jpg\"><img loading=\"lazy\" decoding=\"async\" class=\"alignnone size-medium wp-image-115611\" src=\"https:\/\/kulturbloggen.com\/wp-content\/uploads\/2018\/02\/FATTA_med_Cleo_och_JUCK_press13-768x512-300x200.jpg\" alt=\"\" width=\"300\" height=\"200\" srcset=\"https:\/\/kulturbloggen.com\/wp-content\/uploads\/2018\/02\/FATTA_med_Cleo_och_JUCK_press13-768x512-300x200.jpg 300w, https:\/\/kulturbloggen.com\/wp-content\/uploads\/2018\/02\/FATTA_med_Cleo_och_JUCK_press13-768x512.jpg 768w\" sizes=\"auto, (max-width: 300px) 100vw, 300px\" \/>\u00a0<\/a><a href=\"https:\/\/kulturbloggen.com\/wp-content\/uploads\/2018\/02\/FATTA_med_Cleo_och_JUCK_press1-768x512-1.jpg\"><img loading=\"lazy\" decoding=\"async\" class=\"alignnone size-medium wp-image-115621\" src=\"https:\/\/kulturbloggen.com\/wp-content\/uploads\/2018\/02\/FATTA_med_Cleo_och_JUCK_press1-768x512-1-300x200.jpg\" alt=\"\" width=\"300\" height=\"200\" srcset=\"https:\/\/kulturbloggen.com\/wp-content\/uploads\/2018\/02\/FATTA_med_Cleo_och_JUCK_press1-768x512-1-300x200.jpg 300w, https:\/\/kulturbloggen.com\/wp-content\/uploads\/2018\/02\/FATTA_med_Cleo_och_JUCK_press1-768x512-1.jpg 768w\" sizes=\"auto, (max-width: 300px) 100vw, 300px\" \/><\/a><br \/>\n<\/span><\/p>\n<p>Medverkande: Cleo, Emelie Enlund, Shirley Harthey Ubilla, Madeleine Ngoma, Tarika Wahlberg,<br \/>\nBessem Bedziri<br \/>\nId\u00e9 och koncept: Cleo och JUCK<br \/>\nMusik: Cleo, Broke &#8217;N Tipsy, Eric Sj\u00f6gren, Johan B\u00e4ckstr\u00f6m, Ayla Adams<br \/>\nKoreografi: JUCK (Shirley Harthey Ubilla, Tarika Wahlberg, Madeleine Ngoma, Emelie \u201dEmpo\u201d Enlund, Feyona Naluzzi och Cajsa God\u00e9e<br \/>\nKostymdesign: Hanna Kisch<br \/>\nLjusdesign och scenbild: Tobias Hallgren, Lumination of Sweden<br \/>\nVideodesign: Con Leche<br \/>\nRegi: Lo Kauppi<br \/>\nR\u00e5dgivare Fatta: Isabell Stolt<br \/>\nProducent: Riksteatern<\/p>\n<p><span style=\"font-weight: 400;\"><br \/>\nIg\u00e5r \u00e4gde\u00a0musikgalan Grammis rum. Bland nominerade utm\u00e4rker sig kvinnliga artister som Vaz, Fever Ray och Zara Larsson. Men av kandidater dominerar de manliga akterna. Fatta med Cleo och Juck \u00e4r ett svar p\u00e5 den strukturella makten. Det \u00e4r en k\u00e4ftsm\u00e4ll mot den mansdominerade bransch som varje dag trycker ner och osynligg\u00f6r kvinnor. <\/span><\/p>\n<p><span style=\"font-weight: 400;\">Den ideella f\u00f6reningen Fatta bildades utifr\u00e5n en frustration. I Ume\u00e5 v\u00e5ldtog tre killar en 15-\u00e5rig tjej med en trasig vinflaska och i r\u00e4tten friades m\u00e4nnen. Organisationerna &#8221;Make Equal&#8221; och &#8221;Femtastic&#8221; gick samman f\u00f6r att bilda FATTA,\u00a0en f\u00f6rening vars syfte \u00e4r att driva fram en samtyckeslag, n\u00e5got som snart \u00e4r en realitet n\u00e4r f\u00f6rslaget kan klubbas igenom\u00a0i riksdagen i v\u00e5r. <\/span><\/p>\n<p><span style=\"font-weight: 400;\">Fatta med Cleo och Juck \u00e4r en respons p\u00e5 den ilska m\u00e5nga k\u00e4nner. Sj\u00e4lvs\u00e4kert st\u00e5r danskollektivet Juck p\u00e5 scen och juckar. Med sm\u00e5 best\u00e4mda r\u00f6relser, fysisk n\u00e4rhet och kaxiga poser visar de p\u00e5 ett stort mod. Ikv\u00e4ll \u00e4r det dem som\u00a0\u00e4ger sina\u00a0kroppar.\u00a0<\/span> <span style=\"font-weight: 400;\">Cleo svarar upp med s\u00e5ng och energisk rap. Till bakgrunden av tunga basg\u00e5ngar och tr\u00e4der hon fram och framf\u00f6r sina \u00f6vertydliga texter om m\u00e4n som f\u00f6rtrycker. Via videoprojektioner ser vi intervjuer med icke-m\u00e4n som delar med sig av sina erfarenheter och p\u00e5 digitala sk\u00e4rmar lyser med stora bokst\u00e4ver hashtags som #Tystnadtagning, #sistaspikenikistan, #<\/span>visjungerut, #medvilkenr\u00e4tt, #n\u00e4rmusikentystnar, #imaktenskorridorer, #vardeljus, #deadline, #utanskyddsn\u00e4t<span style=\"font-weight: 400;\"> och #timeout. <\/span><span style=\"font-weight: 400;\"><br \/>\n<\/span><span style=\"font-weight: 400;\"><br \/>\n<\/span><span style=\"font-weight: 400;\">Budskapet i Make Equal och Fattas kampanjer \u00e4r &#8211; r\u00e4tten att f\u00e5 best\u00e4mma \u00f6ver sin egen kropp och r\u00e4tten att f\u00e5 vara sig sj\u00e4lv. Cleo talar om hur vi i samma stund vi f\u00f6ds blir placerade in i boxar &#8211; man och kvinna. Hon ser musikscenen som en frizon, en plats d\u00e4r hon som kvinna kan och v\u00e5gar vara sig sj\u00e4lv. Och en plats d\u00e4r hon kan ta plats. Med tryck bakom varje ordstavelse framf\u00f6r hon sina l\u00e5tar.<\/span><i><span style=\"font-weight: 400;\"> Jag t\u00e4nker alltid se mig \u00f6ver axeln. Ensam. Nedsmutsad. Helt naken. Jag s\u00e4tter min hand mot din hand och lovar; jag t\u00e4nker aldrig mer vara r\u00e4dd f\u00f6r en man.<\/span><\/i><span style=\"font-weight: 400;\"> Jag vill dansa och skaka rumpa. Men S\u00f6dra Teaterns rustika inramning till\u00e5ter inte det. Det \u00e4r trist. Ett kraftpaket som detta hade beh\u00f6vt ett bra dansgolv f\u00f6r att f\u00e5nga upp artisternas energi.<\/span><\/p>\n<p><span style=\"font-weight: 400;\">Musiken engagerar, men vad tillf\u00f6r Cleo och Juck egentligen till debatten? Adderar artisterna nya raster till fenomenet m\u00e4ns kontroll \u00f6ver kvinnor? Nja. Men vi st\u00e4rks i v\u00e5r \u00f6vertygelse om att forts\u00e4tta k\u00e4mpa f\u00f6r ett mer j\u00e4mst\u00e4llt samh\u00e4lle. Arrangemangets korta speltid p\u00e5verkar ocks\u00e5 bredden p\u00e5 de tematiska ing\u00e5ngarna. Knappt har vi hunnit tinas upp av den stundande vinterkylan n\u00e4r Cleo och co vinkar oss farv\u00e4l. Mer blod hade g\u00e5tt att pumpa in i det pulserande hj\u00e4rtat.<\/span><\/p>\n<p><span style=\"font-weight: 400;\">Jag fr\u00e5gar mig vart de verkliga s\u00e5rskorporna g\u00f6mmer sig? .Som man k\u00e4nner jag mig f\u00f6rv\u00e5nansv\u00e4rt ober\u00f6rd. Showens peak kommer n\u00e4r Juck ikl\u00e4dd skoluniformer st\u00e4ller sig bredbenta och stirrar ut tv\u00e5 vita medel\u00e5lders m\u00e4n i det b\u00f6ljande publikhavet. Mer inslag av den kalibern som skakar om och provocerar hade beh\u00f6vts f\u00f6r att f\u00e5 arrangemanget att riktigt lyfta. Som avslut l\u00e4ser Cleo och Juck tillsammans med publiken ur ett kontrakt d\u00e4r vi fr\u00e5ns\u00e4ger oss r\u00e4tten \u00f6ver att best\u00e4mma \u00f6ver andras kroppar. Det \u00e4r ett avslut som snyggt avrundar och inramar den musikaliska upplevelsen. <\/span><span style=\"font-weight: 400;\"><br \/>\n<\/span><span style=\"font-weight: 400;\"><br \/>\n<\/span><span style=\"font-weight: 400;\">Trots uteblivet m\u00e4sterverk \u00e4r Fatta med Cleo och Juck v\u00e4l v\u00e4rd sin biljett. Succ\u00e9n visas \u00e5ter p\u00e5 S\u00f6dra teatern i mars. S\u00e5 passa p\u00e5 att se detta styrkeprov, en feministisk revolution d\u00e4r rytmer och melodier blir till vapen i ett krig som m\u00e5ste f\u00e5 ett slut. Och det \u00e4r nu!<\/span><\/p>\n<p><a href=\"https:\/\/kulturbloggen.com\/wp-content\/uploads\/2018\/02\/FATTA-med-Cleo-och-JUCK-foto-Saga-Berlin-768x1083.jpg\"><img loading=\"lazy\" decoding=\"async\" class=\"alignnone size-medium wp-image-115608\" src=\"https:\/\/kulturbloggen.com\/wp-content\/uploads\/2018\/02\/FATTA-med-Cleo-och-JUCK-foto-Saga-Berlin-768x1083-213x300.jpg\" alt=\"\" width=\"213\" height=\"300\" srcset=\"https:\/\/kulturbloggen.com\/wp-content\/uploads\/2018\/02\/FATTA-med-Cleo-och-JUCK-foto-Saga-Berlin-768x1083-213x300.jpg 213w, https:\/\/kulturbloggen.com\/wp-content\/uploads\/2018\/02\/FATTA-med-Cleo-och-JUCK-foto-Saga-Berlin-768x1083.jpg 768w, https:\/\/kulturbloggen.com\/wp-content\/uploads\/2018\/02\/FATTA-med-Cleo-och-JUCK-foto-Saga-Berlin-768x1083-726x1024.jpg 726w\" sizes=\"auto, (max-width: 213px) 100vw, 213px\" \/><\/a><\/p>\n<p><a href=\"https:\/\/kulturbloggen.com\/wp-content\/uploads\/2018\/02\/FATTA_med_Cleo_och_JUCK_press12-768x512.jpg\"><img loading=\"lazy\" decoding=\"async\" class=\"alignnone size-medium wp-image-115610\" src=\"https:\/\/kulturbloggen.com\/wp-content\/uploads\/2018\/02\/FATTA_med_Cleo_och_JUCK_press12-768x512-300x200.jpg\" alt=\"\" width=\"300\" height=\"200\" srcset=\"https:\/\/kulturbloggen.com\/wp-content\/uploads\/2018\/02\/FATTA_med_Cleo_och_JUCK_press12-768x512-300x200.jpg 300w, https:\/\/kulturbloggen.com\/wp-content\/uploads\/2018\/02\/FATTA_med_Cleo_och_JUCK_press12-768x512.jpg 768w\" sizes=\"auto, (max-width: 300px) 100vw, 300px\" \/><\/a><\/p>\n<p><a href=\"https:\/\/kulturbloggen.com\/wp-content\/uploads\/2018\/02\/FATTA_med_Cleo_och_JUCK_press2-768x512.jpg\"><img loading=\"lazy\" decoding=\"async\" class=\"alignnone size-medium wp-image-115623\" src=\"https:\/\/kulturbloggen.com\/wp-content\/uploads\/2018\/02\/FATTA_med_Cleo_och_JUCK_press2-768x512-300x200.jpg\" alt=\"\" width=\"300\" height=\"200\" srcset=\"https:\/\/kulturbloggen.com\/wp-content\/uploads\/2018\/02\/FATTA_med_Cleo_och_JUCK_press2-768x512-300x200.jpg 300w, https:\/\/kulturbloggen.com\/wp-content\/uploads\/2018\/02\/FATTA_med_Cleo_och_JUCK_press2-768x512.jpg 768w\" sizes=\"auto, (max-width: 300px) 100vw, 300px\" \/><\/a><\/p>\n<p><a href=\"https:\/\/kulturbloggen.com\/wp-content\/uploads\/2018\/02\/FATTA_med_Cleo_och_JUCK_press11-768x512.jpg\"><img loading=\"lazy\" decoding=\"async\" class=\"alignnone size-medium wp-image-115616\" src=\"https:\/\/kulturbloggen.com\/wp-content\/uploads\/2018\/02\/FATTA_med_Cleo_och_JUCK_press11-768x512-300x200.jpg\" alt=\"\" width=\"300\" height=\"200\" srcset=\"https:\/\/kulturbloggen.com\/wp-content\/uploads\/2018\/02\/FATTA_med_Cleo_och_JUCK_press11-768x512-300x200.jpg 300w, https:\/\/kulturbloggen.com\/wp-content\/uploads\/2018\/02\/FATTA_med_Cleo_och_JUCK_press11-768x512.jpg 768w\" sizes=\"auto, (max-width: 300px) 100vw, 300px\" \/><\/a> <span style=\"font-weight: 400;\"><br \/>\n<\/span><\/p>\n","protected":false},"excerpt":{"rendered":"<p>Fatta med Cleo och Juck \u00e4r en kraftfull dans- och musikuppvisning som visar styrkan i Metoo och ger syre \u00e5t kvinnors kamp mot en patriarkal bransch, men en kort speltid och viss feghet i utf\u00f6randet g\u00f6r att det aldrig riktigt lyfter. \u00a0\u00a0\u00a0 Medverkande: Cleo, Emelie Enlund, Shirley Harthey Ubilla, Madeleine Ngoma, Tarika Wahlberg, Bessem Bedziri [&hellip;]<\/p>\n","protected":false},"author":40,"featured_media":0,"comment_status":"open","ping_status":"open","sticky":false,"template":"","format":"standard","meta":{"_genesis_hide_title":false,"_genesis_hide_breadcrumbs":false,"_genesis_hide_singular_image":false,"_genesis_hide_footer_widgets":false,"_genesis_custom_body_class":"","_genesis_custom_post_class":"","_genesis_layout":"","footnotes":""},"categories":[7,20],"tags":[],"class_list":{"0":"post-115606","1":"post","2":"type-post","3":"status-publish","4":"format-standard","6":"category-musik","7":"category-film","8":"entry"},"_links":{"self":[{"href":"https:\/\/kulturbloggen.com\/index.php?rest_route=\/wp\/v2\/posts\/115606","targetHints":{"allow":["GET"]}}],"collection":[{"href":"https:\/\/kulturbloggen.com\/index.php?rest_route=\/wp\/v2\/posts"}],"about":[{"href":"https:\/\/kulturbloggen.com\/index.php?rest_route=\/wp\/v2\/types\/post"}],"author":[{"embeddable":true,"href":"https:\/\/kulturbloggen.com\/index.php?rest_route=\/wp\/v2\/users\/40"}],"replies":[{"embeddable":true,"href":"https:\/\/kulturbloggen.com\/index.php?rest_route=%2Fwp%2Fv2%2Fcomments&post=115606"}],"version-history":[{"count":11,"href":"https:\/\/kulturbloggen.com\/index.php?rest_route=\/wp\/v2\/posts\/115606\/revisions"}],"predecessor-version":[{"id":115639,"href":"https:\/\/kulturbloggen.com\/index.php?rest_route=\/wp\/v2\/posts\/115606\/revisions\/115639"}],"wp:attachment":[{"href":"https:\/\/kulturbloggen.com\/index.php?rest_route=%2Fwp%2Fv2%2Fmedia&parent=115606"}],"wp:term":[{"taxonomy":"category","embeddable":true,"href":"https:\/\/kulturbloggen.com\/index.php?rest_route=%2Fwp%2Fv2%2Fcategories&post=115606"},{"taxonomy":"post_tag","embeddable":true,"href":"https:\/\/kulturbloggen.com\/index.php?rest_route=%2Fwp%2Fv2%2Ftags&post=115606"}],"curies":[{"name":"wp","href":"https:\/\/api.w.org\/{rel}","templated":true}]}}