{"id":115573,"date":"2018-02-08T10:24:03","date_gmt":"2018-02-08T09:24:03","guid":{"rendered":"https:\/\/kulturbloggen.com\/?p=115573"},"modified":"2018-02-08T10:24:03","modified_gmt":"2018-02-08T09:24:03","slug":"thastrom-och-the-hellacopters-till-huskvarna-folkets-park","status":"publish","type":"post","link":"https:\/\/kulturbloggen.com\/?p=115573","title":{"rendered":"Th\u00e5str\u00f6m och The Hellacopters till Huskvarna Folkets Park"},"content":{"rendered":"<p><img loading=\"lazy\" decoding=\"async\" src=\"https:\/\/kulturbloggen.com\/wp-content\/uploads\/2018\/02\/unnamed-12-300x212.jpg\" alt=\"\" width=\"300\" height=\"212\" class=\"aligncenter size-medium wp-image-115575\" srcset=\"https:\/\/kulturbloggen.com\/wp-content\/uploads\/2018\/02\/unnamed-12-300x212.jpg 300w, https:\/\/kulturbloggen.com\/wp-content\/uploads\/2018\/02\/unnamed-12-768x542.jpg 768w, https:\/\/kulturbloggen.com\/wp-content\/uploads\/2018\/02\/unnamed-12.jpg 1004w\" sizes=\"auto, (max-width: 300px) 100vw, 300px\" \/><\/p>\n<p>Th\u00e5str\u00f6m och The Hellacopters spelar p\u00e5 <strong><a href=\"https:\/\/huskvarnafolketspark.se\">Huskvarna Folkets Park<\/a><\/strong> i sommar.<\/p>\n<p>Ett pressmeddelande:<br \/>\nTv\u00e5 av Sveriges absolut mest v\u00e4lrenommerade liveakter sl\u00e5r sig samman f\u00f6r en gemensam konsertkv\u00e4ll i Huskvarna Folkets Park 24 augusti. The Hellacopters och Th\u00e5str\u00f6m \u00e4r ohotat tv\u00e5 av landets st\u00f6rsta liveakter, n\u00e5gonsin, och kommer kv\u00e4llen till \u00e4ra spela varsitt fullt set efter varandra.<\/p>\n<p>Th\u00e5str\u00f6m har ett f\u00f6rflutet i \u200bbland annat Ebba Gr\u00f6n och Imperiet, och har varit h\u00f6gaktuell i fyra decennier. Med lika delar vacker poesi som manglande industriella texturer har Th\u00e5str\u00f6m etablerat solokarri\u00e4ren som sin mest sp\u00e4nnande och kreativa era. I h\u00f6stas sl\u00e4pptes det nya albumet \u201dCentralmassivet&#8221; \u2013 till st\u00f6rsta del inspelat i legendariska Hansa Tonstudio i Berlin \u2013 och dundrade med detta direkt in som #1 p\u00e5 albumlistan. I samband med det var Th\u00e5str\u00f6m \u00e4ven ute p\u00e5 en totalhyllad h\u00f6stturn\u00e9 som genererade n\u00e4stan 100 000 s\u00e5lda biljetter, och som str\u00e4ckte sig fr\u00e5n Lule\u00e5 i norr till Malm\u00f6 i s\u00f6der. Under sommaren 2018 g\u00f6r han endast ett f\u00e5tal utvalda spelningar i Skandinavien.  <\/p>\n<p>Utan Hellacopters hade den svenska rockmusiken varit fan s\u00e5 mycket tr\u00e5kigare. Med plattor som \u201dHigh Visibility\u201d, \u201dBy the Grace of God\u201d och \u201dRock &#038; Roll is Dead\u201d har kvintetten visat varf\u00f6r de \u00e4r en v\u00e5r tids mest inflytelserika akter. \u00c5r 2008 drog de sig tempor\u00e4rt tillbaka med v\u00e4l utr\u00e4ttat f\u00f6rv\u00e4rv, bara f\u00f6r att 2016 \u00e5terv\u00e4nda med full kraft. 2017 rekryterades basisten Sami Yaffa fr\u00e5n det legendariska bandet Hanoi Rocks, och p\u00e5 de efterf\u00f6ljande spelningarna var det tydligt att The Hellacopters var tillbaka med besked. Med The Hellacopters p\u00e5 scen \u00e4r rock\u2019n\u2019roll \u00e5terigen underh\u00e5llande, \u00e4kta och kaxig.<\/p>\n","protected":false},"excerpt":{"rendered":"<p>Th\u00e5str\u00f6m och The Hellacopters spelar p\u00e5 Huskvarna Folkets Park i sommar. Ett pressmeddelande: Tv\u00e5 av Sveriges absolut mest v\u00e4lrenommerade liveakter sl\u00e5r sig samman f\u00f6r en gemensam konsertkv\u00e4ll i Huskvarna Folkets Park 24 augusti. The Hellacopters och Th\u00e5str\u00f6m \u00e4r ohotat tv\u00e5 av landets st\u00f6rsta liveakter, n\u00e5gonsin, och kommer kv\u00e4llen till \u00e4ra spela varsitt fullt set efter [&hellip;]<\/p>\n","protected":false},"author":13,"featured_media":0,"comment_status":"open","ping_status":"open","sticky":false,"template":"","format":"standard","meta":{"_genesis_hide_title":false,"_genesis_hide_breadcrumbs":false,"_genesis_hide_singular_image":false,"_genesis_hide_footer_widgets":false,"_genesis_custom_body_class":"","_genesis_custom_post_class":"","_genesis_layout":"","footnotes":""},"categories":[7],"tags":[12282,3844,4803,5850,12818],"class_list":{"0":"post-115573","1":"post","2":"type-post","3":"status-publish","4":"format-standard","6":"category-musik","7":"tag-musik","8":"tag-musikfestival","9":"tag-rockmusik","10":"tag-thastrom","11":"tag-the-hellacopters","12":"entry"},"_links":{"self":[{"href":"https:\/\/kulturbloggen.com\/index.php?rest_route=\/wp\/v2\/posts\/115573","targetHints":{"allow":["GET"]}}],"collection":[{"href":"https:\/\/kulturbloggen.com\/index.php?rest_route=\/wp\/v2\/posts"}],"about":[{"href":"https:\/\/kulturbloggen.com\/index.php?rest_route=\/wp\/v2\/types\/post"}],"author":[{"embeddable":true,"href":"https:\/\/kulturbloggen.com\/index.php?rest_route=\/wp\/v2\/users\/13"}],"replies":[{"embeddable":true,"href":"https:\/\/kulturbloggen.com\/index.php?rest_route=%2Fwp%2Fv2%2Fcomments&post=115573"}],"version-history":[{"count":3,"href":"https:\/\/kulturbloggen.com\/index.php?rest_route=\/wp\/v2\/posts\/115573\/revisions"}],"predecessor-version":[{"id":115577,"href":"https:\/\/kulturbloggen.com\/index.php?rest_route=\/wp\/v2\/posts\/115573\/revisions\/115577"}],"wp:attachment":[{"href":"https:\/\/kulturbloggen.com\/index.php?rest_route=%2Fwp%2Fv2%2Fmedia&parent=115573"}],"wp:term":[{"taxonomy":"category","embeddable":true,"href":"https:\/\/kulturbloggen.com\/index.php?rest_route=%2Fwp%2Fv2%2Fcategories&post=115573"},{"taxonomy":"post_tag","embeddable":true,"href":"https:\/\/kulturbloggen.com\/index.php?rest_route=%2Fwp%2Fv2%2Ftags&post=115573"}],"curies":[{"name":"wp","href":"https:\/\/api.w.org\/{rel}","templated":true}]}}