{"id":115360,"date":"2018-01-28T18:33:21","date_gmt":"2018-01-28T17:33:21","guid":{"rendered":"https:\/\/kulturbloggen.com\/?p=115360"},"modified":"2018-01-28T18:33:21","modified_gmt":"2018-01-28T17:33:21","slug":"lyssna-kajsa-grytt-kniven-i-hjartat","status":"publish","type":"post","link":"https:\/\/kulturbloggen.com\/?p=115360","title":{"rendered":"Lyssna: Kajsa Grytt &#8211; Kniven i hj\u00e4rtat"},"content":{"rendered":"<p><img loading=\"lazy\" decoding=\"async\" src=\"https:\/\/kulturbloggen.com\/wp-content\/uploads\/2018\/01\/kajsagryttknivenihjartat.jpg\" alt=\"\" width=\"650\" height=\"457\" class=\"aligncenter size-full wp-image-115361\" srcset=\"https:\/\/kulturbloggen.com\/wp-content\/uploads\/2018\/01\/kajsagryttknivenihjartat.jpg 650w, https:\/\/kulturbloggen.com\/wp-content\/uploads\/2018\/01\/kajsagryttknivenihjartat-300x211.jpg 300w\" sizes=\"auto, (max-width: 650px) 100vw, 650px\" \/><\/p>\n<p>Kajsa Grytt aktuell med Kniven i hj\u00e4rtat \u2013 titelsp\u00e5ret fr\u00e5n kommande albumet.<\/p>\n<p>Ett pressmeddelande:<br \/>\nMed uppm\u00e4rksammade sl\u00e4ppen av \u201cBron\u201d och den feministiska kamps\u00e5ngen \u201cMina girls\u201d gav Kajsa Grytt en stark f\u00f6rsmak av vad som komma skall. Idag sl\u00e4pps det kommande albumets titelsp\u00e5r \u201cKniven i hj\u00e4rtat\u201d &#8211; skriven till \u201den v\u00e4n som fallit ihop av svek i k\u00e4rlek\u201d.<\/p>\n<p>I maktl\u00f6shetens land d\u00e4r inga ord n\u00e5r fram skrev Kajsa den finst\u00e4mda och tr\u00f6strika \u201cKniven i hj\u00e4rtat\u201d och skickade till sin v\u00e4n. Genom en karakt\u00e4ristiskt r\u00e5, men k\u00e4nslosam text uppbackat av ett finst\u00e4mt str\u00e5karrangemang signerat Martin \u201dKonie\u201d Ehrencrona har Kajsa Grytt med Kniven i Hj\u00e4rtat skapat ett verk om svek och det kanske viktigaste av allt &#8211; att ta sig vidare. <\/p>\n<p>Den 13 april 2018 sl\u00e4pps albumet Kniven i hj\u00e4rtat, genom Kajsas egna bolag.<\/p>\n<p>Kajsa beskriver hur hon med detta album l\u00e5ter historierna st\u00e5 i fokus och f\u00f6rst\u00e4rkas av musiken och melodierna. \u201cS\u00e5ngen \u00e4r t\u00e4nkt som en karakt\u00e4r i en filmscen, d\u00e4r musiken utg\u00f6r milj\u00f6n och scenografin\u201d ber\u00e4ttar Kajsa.<\/p>\n<p><iframe loading=\"lazy\" src=\"https:\/\/open.spotify.com\/embed\/album\/2OZToGe2Z7F9NM8dnN4AoT\" width=\"300\" height=\"380\" frameborder=\"0\" allowtransparency=\"true\"><\/iframe><\/p>\n","protected":false},"excerpt":{"rendered":"<p>Kajsa Grytt aktuell med Kniven i hj\u00e4rtat \u2013 titelsp\u00e5ret fr\u00e5n kommande albumet. Ett pressmeddelande: Med uppm\u00e4rksammade sl\u00e4ppen av \u201cBron\u201d och den feministiska kamps\u00e5ngen \u201cMina girls\u201d gav Kajsa Grytt en stark f\u00f6rsmak av vad som komma skall. Idag sl\u00e4pps det kommande albumets titelsp\u00e5r \u201cKniven i hj\u00e4rtat\u201d &#8211; skriven till \u201den v\u00e4n som fallit ihop av svek [&hellip;]<\/p>\n","protected":false},"author":13,"featured_media":0,"comment_status":"open","ping_status":"open","sticky":false,"template":"","format":"standard","meta":{"_genesis_hide_title":false,"_genesis_hide_breadcrumbs":false,"_genesis_hide_singular_image":false,"_genesis_hide_footer_widgets":false,"_genesis_custom_body_class":"","_genesis_custom_post_class":"","_genesis_layout":"","footnotes":""},"categories":[7,13624],"tags":[3387,12282],"class_list":{"0":"post-115360","1":"post","2":"type-post","3":"status-publish","4":"format-standard","6":"category-musik","7":"category-toppnytt","8":"tag-lyssna","9":"tag-musik","10":"entry"},"_links":{"self":[{"href":"https:\/\/kulturbloggen.com\/index.php?rest_route=\/wp\/v2\/posts\/115360","targetHints":{"allow":["GET"]}}],"collection":[{"href":"https:\/\/kulturbloggen.com\/index.php?rest_route=\/wp\/v2\/posts"}],"about":[{"href":"https:\/\/kulturbloggen.com\/index.php?rest_route=\/wp\/v2\/types\/post"}],"author":[{"embeddable":true,"href":"https:\/\/kulturbloggen.com\/index.php?rest_route=\/wp\/v2\/users\/13"}],"replies":[{"embeddable":true,"href":"https:\/\/kulturbloggen.com\/index.php?rest_route=%2Fwp%2Fv2%2Fcomments&post=115360"}],"version-history":[{"count":1,"href":"https:\/\/kulturbloggen.com\/index.php?rest_route=\/wp\/v2\/posts\/115360\/revisions"}],"predecessor-version":[{"id":115362,"href":"https:\/\/kulturbloggen.com\/index.php?rest_route=\/wp\/v2\/posts\/115360\/revisions\/115362"}],"wp:attachment":[{"href":"https:\/\/kulturbloggen.com\/index.php?rest_route=%2Fwp%2Fv2%2Fmedia&parent=115360"}],"wp:term":[{"taxonomy":"category","embeddable":true,"href":"https:\/\/kulturbloggen.com\/index.php?rest_route=%2Fwp%2Fv2%2Fcategories&post=115360"},{"taxonomy":"post_tag","embeddable":true,"href":"https:\/\/kulturbloggen.com\/index.php?rest_route=%2Fwp%2Fv2%2Ftags&post=115360"}],"curies":[{"name":"wp","href":"https:\/\/api.w.org\/{rel}","templated":true}]}}