{"id":11503,"date":"2009-08-03T13:04:17","date_gmt":"2009-08-03T11:04:17","guid":{"rendered":"http:\/\/kulturbloggen.com\/?p=11503"},"modified":"2009-08-03T13:04:17","modified_gmt":"2009-08-03T11:04:17","slug":"jobben-ingen-viktig-fraga-for-hogerbloggarna-undrar-varfor","status":"publish","type":"post","link":"https:\/\/kulturbloggen.com\/?p=11503","title":{"rendered":"Jobben ingen viktig fr\u00e5ga f\u00f6r h\u00f6gerbloggarna, undrar varf\u00f6r?"},"content":{"rendered":"<p><img loading=\"lazy\" decoding=\"async\" src=\"http:\/\/sodergren.com\/kulturbloggen\/wp-content\/uploads\/2009\/08\/silence-300x147.jpg\" alt=\"silence\" title=\"silence\" width=\"300\" height=\"147\" class=\"aligncenter size-medium wp-image-11506\" \/><br \/>\nAlla som har med ungdomar att g\u00f6ra vet att ungdomsarbetsl\u00f6sheten \u00e4r ett gissel. Det handlar b\u00e5de om de unga m\u00e4nniskor som vill arbeta heltid och de som vill komplettera studier med extrajobb. Jag har sj\u00e4lv kontakt med massor av ungdomar &#8211; och det \u00e4r f\u00e5 som lyckats f\u00e5 ett sommarjobb.<br \/>\nAtt inte kunna f\u00f6rs\u00f6rja sig \u00e4r ett gissel. Att inte kunna skaffa eget boende, inte kunna st\u00e5 p\u00e5 egna ben.<br \/>\nJag minns det glasklart: nuvarande h\u00f6gerregering gick till val p\u00e5 jobbfr\u00e5gan. Det lovades att alla skulle kunna f\u00e5 jobb och kunna komma ut ur utanf\u00f6rskapet.<\/p>\n<p>Av detta bidde ingenting.<\/p>\n<p>Det \u00e4r l\u00e5gkonjunktur och det \u00e4r finanskris. S\u00e4gs det. Jag tror att det \u00e4r flera saker p\u00e5 en g\u00e5ng: v\u00e4stv\u00e4rldens l\u00e4nder st\u00e5r inf\u00f6r en strukturf\u00f6rvandling och m\u00e5ste satsa p\u00e5 r\u00e4tt slags jobb. Och det \u00e4r finanskris inom vissa omr\u00e5den, men inte inom andra. <a href=\"http:\/\/www.dn.se\/ekonomi\/minskade-oljereserver-hammar-aterhamtningen-1.923366\">Oljekris kan vara p\u00e5 v\u00e4g,<\/a> och det kan stoppa upp ekonomin. Men \u00e5 andra sidan: Det finns en miljard att spendera p\u00e5 en f\u00f6rs\u00e4kring p\u00e5 en fotbollsspelare, till exempel. Finanskris? Kanske lika mycket kris i f\u00f6rdelning av finanser?<\/p>\n<p>Jag t\u00e4nker inte f\u00f6renkla denna sv\u00e5ra ekonomiska problematik: det finns m\u00e5nga delar som samverkar och skapat detta sv\u00e5ra ekonomiska l\u00e4ge. Men det skr\u00e4mmande \u00e4r att s\u00e5 f\u00e5 h\u00f6gerbloggare ens verkar bry sig om jobbfr\u00e5gan. Vad beror det p\u00e5? Vill de att en stor grupp ska vara utan jobb f\u00f6r att klyftorna ska \u00f6ka? Eller bryr de sig bara om ifall de sj\u00e4lva och deras n\u00e4rmaste har det bra?<\/p>\n<p>Alliansfritt Sverig<a href=\"http:\/\/www.alliansfrittsverige.nu\/2009\/08\/augusti-3-2009-rapport-locket-pa-en.html\">e har granskat h\u00f6gerbloggarna och kommit fram till att job<\/a>bfr\u00e5gan knappt ber\u00f6rs av h\u00f6gerbloggarna.mAV mer \u00e4n 7.000 inl\u00e4gg har bara en dryg procent handlat om arbetsl\u00f6sheten.<\/p>\n<p>N\u00e4r vi \u00e4nd\u00e5 har h\u00f6germedier p\u00e5 tal och pratar jobbfr\u00e5gan har <a href=\"http:\/\/www.expressen.se\/halsa\/1.1659629\/sa-slipper-du-jobbangesten#\">Expressen en artikel idag<\/a> om jobb\u00e5ngesten och hur man ska hantera det f\u00f6rf\u00e4rliga att g\u00e5 tillbaka till jobbet efter semestern. <\/p>\n<p>Lite absurt och n\u00e4stan rent av osmakligt med tanke p\u00e5 att det \u00e4r m\u00e5nga som varken har jobb ellerl har kommit in p\u00e5 den studieplats de ans\u00f6kt till.<\/p>\n","protected":false},"excerpt":{"rendered":"<p>Alla som har med ungdomar att g\u00f6ra vet att ungdomsarbetsl\u00f6sheten \u00e4r ett gissel. Det handlar b\u00e5de om de unga m\u00e4nniskor som vill arbeta heltid och de som vill komplettera studier med extrajobb. Jag har sj\u00e4lv kontakt med massor av ungdomar &#8211; och det \u00e4r f\u00e5 som lyckats f\u00e5 ett sommarjobb. Att inte kunna f\u00f6rs\u00f6rja sig [&hellip;]<\/p>\n","protected":false},"author":2,"featured_media":0,"comment_status":"open","ping_status":"open","sticky":false,"template":"","format":"standard","meta":{"_genesis_hide_title":false,"_genesis_hide_breadcrumbs":false,"_genesis_hide_singular_image":false,"_genesis_hide_footer_widgets":false,"_genesis_custom_body_class":"","_genesis_custom_post_class":"","_genesis_layout":"","footnotes":""},"categories":[20],"tags":[379,2680,12284,4917,6091],"class_list":{"0":"post-11503","1":"post","2":"type-post","3":"status-publish","4":"format-standard","6":"category-film","7":"tag-arbetsloshet","8":"tag-jobb","9":"tag-politik","10":"tag-samhalle","11":"tag-ungdomar","12":"entry"},"_links":{"self":[{"href":"https:\/\/kulturbloggen.com\/index.php?rest_route=\/wp\/v2\/posts\/11503","targetHints":{"allow":["GET"]}}],"collection":[{"href":"https:\/\/kulturbloggen.com\/index.php?rest_route=\/wp\/v2\/posts"}],"about":[{"href":"https:\/\/kulturbloggen.com\/index.php?rest_route=\/wp\/v2\/types\/post"}],"author":[{"embeddable":true,"href":"https:\/\/kulturbloggen.com\/index.php?rest_route=\/wp\/v2\/users\/2"}],"replies":[{"embeddable":true,"href":"https:\/\/kulturbloggen.com\/index.php?rest_route=%2Fwp%2Fv2%2Fcomments&post=11503"}],"version-history":[{"count":0,"href":"https:\/\/kulturbloggen.com\/index.php?rest_route=\/wp\/v2\/posts\/11503\/revisions"}],"wp:attachment":[{"href":"https:\/\/kulturbloggen.com\/index.php?rest_route=%2Fwp%2Fv2%2Fmedia&parent=11503"}],"wp:term":[{"taxonomy":"category","embeddable":true,"href":"https:\/\/kulturbloggen.com\/index.php?rest_route=%2Fwp%2Fv2%2Fcategories&post=11503"},{"taxonomy":"post_tag","embeddable":true,"href":"https:\/\/kulturbloggen.com\/index.php?rest_route=%2Fwp%2Fv2%2Ftags&post=11503"}],"curies":[{"name":"wp","href":"https:\/\/api.w.org\/{rel}","templated":true}]}}