{"id":115009,"date":"2018-01-14T08:29:40","date_gmt":"2018-01-14T07:29:40","guid":{"rendered":"https:\/\/kulturbloggen.com\/?p=115009"},"modified":"2018-01-14T08:29:40","modified_gmt":"2018-01-14T07:29:40","slug":"lyssna-silvana-imam-bulletproof-baby","status":"publish","type":"post","link":"https:\/\/kulturbloggen.com\/?p=115009","title":{"rendered":"Lyssna: Silvana Imam &#8211; Bulletproof Baby"},"content":{"rendered":"<p><img loading=\"lazy\" decoding=\"async\" src=\"https:\/\/kulturbloggen.com\/wp-content\/uploads\/2018\/01\/Bulletproof_Cover-Final650.jpg\" alt=\"\" width=\"650\" height=\"650\" class=\"aligncenter size-full wp-image-115025\" srcset=\"https:\/\/kulturbloggen.com\/wp-content\/uploads\/2018\/01\/Bulletproof_Cover-Final650.jpg 650w, https:\/\/kulturbloggen.com\/wp-content\/uploads\/2018\/01\/Bulletproof_Cover-Final650-150x150.jpg 150w, https:\/\/kulturbloggen.com\/wp-content\/uploads\/2018\/01\/Bulletproof_Cover-Final650-300x300.jpg 300w\" sizes=\"auto, (max-width: 650px) 100vw, 650px\" \/><\/p>\n<p>Silvana Imam har sl\u00e4ppt en ny singel: \u201dBulletproof Baby\u201d. L\u00e5ten kommer att framf\u00f6ras live p\u00e5 P3 Guld.<\/p>\n<p>Ett pressmail om l\u00e5ten:<\/p>\n<p>Sveriges mest progressiva artist \u00e4r tillbaka med en ny singel, \u201dBulletproof Baby\u201d. L\u00e5ten visar ingen n\u00e5d och ger oss Silvana a\u2019la \u201dI-M-A-M\u201d n\u00e4r hon \u00e4r som hungrigast med vitsiga sanningar insvepta i texter som levereras som ingen annan kan. <\/p>\n<p>Silvana kommer att framf\u00f6ra \u201dBulletproof Baby\u201d under \u00e5rets P3 Guld-gala samtidigt som hon f\u00f6rutsp\u00e5r \u00f6det f\u00f6r n\u00e4sta \u00e5rs galor. <\/p>\n<p>&#8221;hela juryn undra vad som h\u00e4nt<br \/>\nvart e H\u00e5kan vart e Kent<br \/>\nSilvana \u00e4r det v\u00e4rsta som har h\u00e4nt&#8221;<\/p>\n<p><iframe loading=\"lazy\" src=\"https:\/\/open.spotify.com\/embed\/album\/3ah5TyXb1VnXBaYo0P5WjE\" width=\"300\" height=\"380\" frameborder=\"0\" allowtransparency=\"true\"><\/iframe><\/p>\n","protected":false},"excerpt":{"rendered":"<p>Silvana Imam har sl\u00e4ppt en ny singel: \u201dBulletproof Baby\u201d. L\u00e5ten kommer att framf\u00f6ras live p\u00e5 P3 Guld. Ett pressmail om l\u00e5ten: Sveriges mest progressiva artist \u00e4r tillbaka med en ny singel, \u201dBulletproof Baby\u201d. L\u00e5ten visar ingen n\u00e5d och ger oss Silvana a\u2019la \u201dI-M-A-M\u201d n\u00e4r hon \u00e4r som hungrigast med vitsiga sanningar insvepta i texter som [&hellip;]<\/p>\n","protected":false},"author":13,"featured_media":0,"comment_status":"open","ping_status":"open","sticky":false,"template":"","format":"standard","meta":{"_genesis_hide_title":false,"_genesis_hide_breadcrumbs":false,"_genesis_hide_singular_image":false,"_genesis_hide_footer_widgets":false,"_genesis_custom_body_class":"","_genesis_custom_post_class":"","_genesis_layout":"","footnotes":""},"categories":[7],"tags":[],"class_list":{"0":"post-115009","1":"post","2":"type-post","3":"status-publish","4":"format-standard","6":"category-musik","7":"entry"},"_links":{"self":[{"href":"https:\/\/kulturbloggen.com\/index.php?rest_route=\/wp\/v2\/posts\/115009","targetHints":{"allow":["GET"]}}],"collection":[{"href":"https:\/\/kulturbloggen.com\/index.php?rest_route=\/wp\/v2\/posts"}],"about":[{"href":"https:\/\/kulturbloggen.com\/index.php?rest_route=\/wp\/v2\/types\/post"}],"author":[{"embeddable":true,"href":"https:\/\/kulturbloggen.com\/index.php?rest_route=\/wp\/v2\/users\/13"}],"replies":[{"embeddable":true,"href":"https:\/\/kulturbloggen.com\/index.php?rest_route=%2Fwp%2Fv2%2Fcomments&post=115009"}],"version-history":[{"count":2,"href":"https:\/\/kulturbloggen.com\/index.php?rest_route=\/wp\/v2\/posts\/115009\/revisions"}],"predecessor-version":[{"id":115026,"href":"https:\/\/kulturbloggen.com\/index.php?rest_route=\/wp\/v2\/posts\/115009\/revisions\/115026"}],"wp:attachment":[{"href":"https:\/\/kulturbloggen.com\/index.php?rest_route=%2Fwp%2Fv2%2Fmedia&parent=115009"}],"wp:term":[{"taxonomy":"category","embeddable":true,"href":"https:\/\/kulturbloggen.com\/index.php?rest_route=%2Fwp%2Fv2%2Fcategories&post=115009"},{"taxonomy":"post_tag","embeddable":true,"href":"https:\/\/kulturbloggen.com\/index.php?rest_route=%2Fwp%2Fv2%2Ftags&post=115009"}],"curies":[{"name":"wp","href":"https:\/\/api.w.org\/{rel}","templated":true}]}}