{"id":11496,"date":"2009-08-02T13:00:09","date_gmt":"2009-08-02T11:00:09","guid":{"rendered":"http:\/\/kulturbloggen.com\/?p=11496"},"modified":"2009-08-02T13:00:09","modified_gmt":"2009-08-02T11:00:09","slug":"u2-den-andra-konserten","status":"publish","type":"post","link":"https:\/\/kulturbloggen.com\/?p=11496","title":{"rendered":"U2: Den andra konserten"},"content":{"rendered":"<p><img loading=\"lazy\" decoding=\"async\" src=\"http:\/\/sodergren.com\/kulturbloggen\/wp-content\/uploads\/2009\/08\/20090801657-300x225.jpg\" alt=\"20090801657\" title=\"20090801657\" width=\"300\" height=\"225\" class=\"aligncenter size-medium wp-image-11498\" \/><br \/>\nJag vet inte exakt varf\u00f6r men U2:s andra Sverigekonsert slog den f\u00f6rsta p\u00e5 alla t\u00e4nkbara punkter.<!--more--> Inte bara v\u00e4dret var b\u00e4ttre. L\u00e5tlistan. Framf\u00f6randet. Bonos s\u00e5nginsats.<\/p>\n<p>Om vi b\u00f6rjar med l\u00e5tlistan s\u00e5 var det framf\u00f6r allt att de spelade b\u00e5de &#8221;New Year&#8217;s Day&#8221; och &#8221;I Still Haven&#8217;t Found What I&#8217;m Looking for&#8221; som bidrog till st\u00e4mningen. Efter de inledande fyra l\u00e5tarna fr\u00e5n senaste skivan s\u00e5 exploderade bandet och publiken till &#8221;Beautiful Day&#8221;.<\/p>\n<p>H\u00e4r \u00e4r l\u00e5tlistan i sin helhet:<\/p>\n<p><strong>Breathe<br \/>\nNo Lines on the Horizon<br \/>\nGet on Your Boots<br \/>\nMagnificient<br \/>\nBeautiful Day<br \/>\nNew Year&#8217;s Day<br \/>\nI Still Haven&#8217;t Found What I&#8217;m Looking for<br \/>\nStay (Faraway So Close)<br \/>\nUnknown Caller<br \/>\nElectrical Storm<br \/>\nCity of Blinding Lights<br \/>\nVertigo<br \/>\nI&#8217;ll Go Crazy if I Don&#8217;t Go Crazy Tonight<br \/>\nSunday Bloody Sunday<br \/>\nPride (In the Name of Love)<br \/>\nMLK<br \/>\nWalk on<br \/>\nWhere the Streets Have No Name<br \/>\nOne<\/p>\n<p>Ultra Violet (Light My Way)<br \/>\nWith or Without You<br \/>\nMoment of Surrender<\/strong><\/p>\n<p>Att bandet verkligen anstr\u00e4ngde sig lite mer \u00e4n dagen innan m\u00e4rktes under hela konserten men blev kanske som mest tydligt i &#8221;With or Without You&#8221;. L\u00f6rdagens version k\u00e4ndes p\u00e5 n\u00e5got sett betydligt st\u00f6rre.<\/p>\n<p>Vi har n\u00e5gra filmklipp fr\u00e5n den h\u00e4r andra konserten, vi kommer att l\u00e4gga in dem senare idag.<\/p>\n<p>PS: U2 \u00e4r ju ett band som tagit st\u00e4llning i politiska fr\u00e5gor, framf\u00f6r allt med Bono i t\u00e4ten f\u00f6r samh\u00e4llsengagemanget. Men tro inte att han \u00e4r s\u00e4rskilt radikal. Han hyllade det svenska kungahuset under konserten, bugade f\u00f6r prinsessan Madeleine.<br \/>\n<a href=\"http:\/\/www.aftonbladet.se\/nojesbladet\/article5593373.ab\">Aftonbladet:<\/a><\/p>\n<blockquote><p>Innan den tredje versen i hiten \u201dI still haven\u2019t found what I\u2019m looking for\u201d som inleds med textraden \u201dI believe in the Kingdom Come\u201d skickade han en h\u00e4lsning till sin kungliga g\u00e4st.<\/p>\n<p>Bono bockade l\u00e4tt p\u00e5 ryggen och sa:<\/p>\n<p>\u2013 Jag bugar mig f\u00f6r prinsessan Madeleine.<\/p><\/blockquote>\n<p><a href=\"http:\/\/kulturbloggen.com\/?p=11451\">H\u00e4r \u00e4r Kulturbloggens post om den f\u00f6rsta konserten.<\/a><\/p>\n<p>Relaterat:<br \/>\n<a href=\"http:\/\/gp.se\/gp\/jsp\/Crosslink.jsp?d=286&#038;a=509171\">G\u00f6teborgspostens recension av den andra konserten.<\/a><br \/>\n<a href=\"http:\/\/www.expressen.se\/noje\/1.1658484\/magiskt-bono\">Expressen gav betyg 5 och skriver: Magiskt, Bono.<\/a><br \/>\n<a href=\"http:\/\/www.aftonbladet.se\/nyheter\/article5593374.ab\">Aftonbladet gav betyg 4.<\/a><br \/>\n<a href=\"http:\/\/www.aftonbladet.se\/nojesbladet\/supersommar2009\/article5593380.ab\">AB: Hyllade Sverige och sedan stack U2<\/a>.<br \/>\n<a href=\"http:\/\/www.svd.se\/kulturnoje\/scen\/artikel_3291887.svd\">Svenska Dagbladet.<\/a><\/p>\n<p>L\u00e4s \u00e4ven andra bloggares \u00e5sikter om <a href=\"http:\/\/bloggar.se\/om\/rockmusik\" rel=\"tag\">rockmusik<\/a>, <a href=\"http:\/\/bloggar.se\/om\/G%F6teborg\" rel=\"tag\">G\u00f6teborg<\/a>, <a href=\"http:\/\/bloggar.se\/om\/konserter\" rel=\"tag\">konserter<\/a>, <a href=\"http:\/\/bloggar.se\/om\/recension\" rel=\"tag\">recension<\/a>, <a href=\"http:\/\/bloggar.se\/om\/Bono\" rel=\"tag\">Bono<\/a>, <a href=\"http:\/\/bloggar.se\/om\/U2\" rel=\"tag\">U2<\/a>, <a href=\"http:\/\/bloggar.se\/om\/Madeleine\" rel=\"tag\">Madeleine<\/a>, <a href=\"http:\/\/bloggar.se\/om\/prinsessa\" rel=\"tag\">prinsessa<\/a><\/p>\n","protected":false},"excerpt":{"rendered":"<p>Jag vet inte exakt varf\u00f6r men U2:s andra Sverigekonsert slog den f\u00f6rsta p\u00e5 alla t\u00e4nkbara punkter.<\/p>\n","protected":false},"author":3,"featured_media":0,"comment_status":"open","ping_status":"open","sticky":false,"template":"","format":"standard","meta":{"_genesis_hide_title":false,"_genesis_hide_breadcrumbs":false,"_genesis_hide_singular_image":false,"_genesis_hide_footer_widgets":false,"_genesis_custom_body_class":"","_genesis_custom_post_class":"","_genesis_layout":"","footnotes":""},"categories":[7,16],"tags":[802,2159,3000,3004,12282,12285,4803,6060,6071],"class_list":{"0":"post-11496","1":"post","2":"type-post","3":"status-publish","4":"format-standard","6":"category-musik","7":"category-recension","8":"tag-bono","9":"tag-goteborg","10":"tag-konsert","11":"tag-konserter","12":"tag-musik","13":"tag-recension","14":"tag-rockmusik","15":"tag-u2","16":"tag-ullevi","17":"entry"},"_links":{"self":[{"href":"https:\/\/kulturbloggen.com\/index.php?rest_route=\/wp\/v2\/posts\/11496","targetHints":{"allow":["GET"]}}],"collection":[{"href":"https:\/\/kulturbloggen.com\/index.php?rest_route=\/wp\/v2\/posts"}],"about":[{"href":"https:\/\/kulturbloggen.com\/index.php?rest_route=\/wp\/v2\/types\/post"}],"author":[{"embeddable":true,"href":"https:\/\/kulturbloggen.com\/index.php?rest_route=\/wp\/v2\/users\/3"}],"replies":[{"embeddable":true,"href":"https:\/\/kulturbloggen.com\/index.php?rest_route=%2Fwp%2Fv2%2Fcomments&post=11496"}],"version-history":[{"count":0,"href":"https:\/\/kulturbloggen.com\/index.php?rest_route=\/wp\/v2\/posts\/11496\/revisions"}],"wp:attachment":[{"href":"https:\/\/kulturbloggen.com\/index.php?rest_route=%2Fwp%2Fv2%2Fmedia&parent=11496"}],"wp:term":[{"taxonomy":"category","embeddable":true,"href":"https:\/\/kulturbloggen.com\/index.php?rest_route=%2Fwp%2Fv2%2Fcategories&post=11496"},{"taxonomy":"post_tag","embeddable":true,"href":"https:\/\/kulturbloggen.com\/index.php?rest_route=%2Fwp%2Fv2%2Ftags&post=11496"}],"curies":[{"name":"wp","href":"https:\/\/api.w.org\/{rel}","templated":true}]}}