{"id":11464,"date":"2009-08-01T16:46:01","date_gmt":"2009-08-01T14:46:01","guid":{"rendered":"http:\/\/kulturbloggen.com\/?p=11464"},"modified":"2009-08-01T16:46:01","modified_gmt":"2009-08-01T14:46:01","slug":"fler-biljetter-till-u2-slapps-under-lordagen-bra-kamp-mot-svartaborsbiljetter","status":"publish","type":"post","link":"https:\/\/kulturbloggen.com\/?p=11464","title":{"rendered":"Fler biljetter till U2 sl\u00e4pps under l\u00f6rdagen &#8211; bra kamp mot svartab\u00f6rsbiljetter"},"content":{"rendered":"<p><img loading=\"lazy\" decoding=\"async\" class=\"aligncenter size-medium wp-image-11465\" title=\"u2\" src=\"http:\/\/sodergren.com\/kulturbloggen\/wp-content\/uploads\/2009\/08\/u2-300x233.jpg\" alt=\"u2\" width=\"300\" height=\"233\" \/><\/p>\n<p>En positiv sak: f\u00f6re U2-konserten p\u00e5 fredagskv\u00e4llen var det inte s\u00e4rskilt m\u00e5nga f\u00f6rs\u00e4ljare av svartab\u00f6rsbiljetter utanf\u00f6r Ullevi. F\u00f6rmodligen lyckades arrang\u00f6rerna dra undan f\u00f6tterna f\u00f6r dem r\u00e4tt bra i och med att de sl\u00e4ppte fler biljetter under konsertdagen.<br \/>\nNu, l\u00f6rdag 1 augusti, dagen f\u00f6r den andra konserten, sl\u00e4pps fler biljetter igen. Ett mail fr\u00e5n arrang\u00f6ren ber\u00e4ttar:<\/p>\n<blockquote><p>Ytterligare st\u00e5platsbiljetter till dagens U2-konsert finns nu till f\u00f6rs\u00e4ljning!<\/p>\n<p>Ig\u00e5r drog U2-kalaset ig\u00e5ng med ett fullsatt Ullevi. Idag kan Live Nation meddela att ytterligare ett hundratal st\u00e5platsbiljetter sl\u00e4pps till dagens show. Biljetterna finns ute till f\u00f6rs\u00e4ljning nu.<\/p><\/blockquote>\n<p>Kulturbloggen var p\u00e5 plats under fredagens konsert och <a href=\"http:\/\/kulturbloggen.com\/?p=11451\">bloggade om v\u00e5ra intryck<\/a>. Vi ska p\u00e5 l\u00f6rdagens konsert ocks\u00e5, s\u00e5 ett inl\u00e4gg om den kommer f\u00f6rst\u00e5s ocks\u00e5.<br \/>\n<a href=\"http:\/\/gp.se\/gp\/jsp\/Crosslink.jsp?d=286&amp;a=509100\"><br \/>\nG\u00f6teborgsposten har talat med Bono<\/a> som s\u00e4ger att fredagens konsert bara var en uppv\u00e4rmning inf\u00f6r l\u00f6rdagskonserten. Vi hoppas att det \u00e4r s\u00e5.<\/p>\n<p>Och som sagt, \u00e4r du i G\u00f6teborg: dra ner till biljettluckan vid Ullevi, det finns nog chans att f\u00e5 tag p\u00e5 en biljett. Jag vet flera som gjorde s\u00e5 till fredagens konsert. Vi p\u00e5 Kulturbloggen fick tag p\u00e5 en biljett extra p\u00e5 det s\u00e4ttet, bland annat.<\/p>\n<p>Relaterat: <a href=\"http:\/\/www.expressen.se\/noje\/musik\/1.1658117\/har-moter-bono-fansen-i-goteborg#\">H\u00e4r m\u00f6ter Bono svenska fans.<\/a><br \/>\n<a href=\"http:\/\/www.aftonbladet.se\/nojesbladet\/supersommar2009\/article5592311.ab\">Aftonbladet<\/a><\/p>\n<p>L\u00e4s \u00e4ven andra bloggares \u00e5sikter om <a rel=\"tag\" href=\"http:\/\/bloggar.se\/om\/biljetter\">biljetter<\/a>, <a rel=\"tag\" href=\"http:\/\/bloggar.se\/om\/k%E4ndisar\">k\u00e4ndisar<\/a>, <a rel=\"tag\" href=\"http:\/\/bloggar.se\/om\/musik\">musik<\/a>, <a rel=\"tag\" href=\"http:\/\/bloggar.se\/om\/G%F6teborg\">G\u00f6teborg<\/a>, <a rel=\"tag\" href=\"http:\/\/bloggar.se\/om\/rockmusik\">rockmusik<\/a>, <a rel=\"tag\" href=\"http:\/\/bloggar.se\/om\/Bono\">Bono<\/a>, <a rel=\"tag\" href=\"http:\/\/bloggar.se\/om\/Ullevi\">Ullevi<\/a><\/p>\n","protected":false},"excerpt":{"rendered":"<p>En positiv sak: f\u00f6re U2-konserten p\u00e5 fredagskv\u00e4llen var det inte s\u00e4rskilt m\u00e5nga f\u00f6rs\u00e4ljare av svartab\u00f6rsbiljetter utanf\u00f6r Ullevi. F\u00f6rmodligen lyckades arrang\u00f6rerna dra undan f\u00f6tterna f\u00f6r dem r\u00e4tt bra i och med att de sl\u00e4ppte fler biljetter under konsertdagen. Nu, l\u00f6rdag 1 augusti, dagen f\u00f6r den andra konserten, sl\u00e4pps fler biljetter igen. Ett mail fr\u00e5n arrang\u00f6ren ber\u00e4ttar: [&hellip;]<\/p>\n","protected":false},"author":2,"featured_media":0,"comment_status":"open","ping_status":"open","sticky":false,"template":"","format":"standard","meta":{"_genesis_hide_title":false,"_genesis_hide_breadcrumbs":false,"_genesis_hide_singular_image":false,"_genesis_hide_footer_widgets":false,"_genesis_custom_body_class":"","_genesis_custom_post_class":"","_genesis_layout":"","footnotes":""},"categories":[20],"tags":[643,2159,3171,12282,4803],"class_list":{"0":"post-11464","1":"post","2":"type-post","3":"status-publish","4":"format-standard","6":"category-film","7":"tag-biljetter","8":"tag-goteborg","9":"tag-kandisar","10":"tag-musik","11":"tag-rockmusik","12":"entry"},"_links":{"self":[{"href":"https:\/\/kulturbloggen.com\/index.php?rest_route=\/wp\/v2\/posts\/11464","targetHints":{"allow":["GET"]}}],"collection":[{"href":"https:\/\/kulturbloggen.com\/index.php?rest_route=\/wp\/v2\/posts"}],"about":[{"href":"https:\/\/kulturbloggen.com\/index.php?rest_route=\/wp\/v2\/types\/post"}],"author":[{"embeddable":true,"href":"https:\/\/kulturbloggen.com\/index.php?rest_route=\/wp\/v2\/users\/2"}],"replies":[{"embeddable":true,"href":"https:\/\/kulturbloggen.com\/index.php?rest_route=%2Fwp%2Fv2%2Fcomments&post=11464"}],"version-history":[{"count":0,"href":"https:\/\/kulturbloggen.com\/index.php?rest_route=\/wp\/v2\/posts\/11464\/revisions"}],"wp:attachment":[{"href":"https:\/\/kulturbloggen.com\/index.php?rest_route=%2Fwp%2Fv2%2Fmedia&parent=11464"}],"wp:term":[{"taxonomy":"category","embeddable":true,"href":"https:\/\/kulturbloggen.com\/index.php?rest_route=%2Fwp%2Fv2%2Fcategories&post=11464"},{"taxonomy":"post_tag","embeddable":true,"href":"https:\/\/kulturbloggen.com\/index.php?rest_route=%2Fwp%2Fv2%2Ftags&post=11464"}],"curies":[{"name":"wp","href":"https:\/\/api.w.org\/{rel}","templated":true}]}}