{"id":114604,"date":"2018-01-09T00:47:22","date_gmt":"2018-01-08T23:47:22","guid":{"rendered":"http:\/\/kulturbloggen.com\/?p=114604"},"modified":"2018-01-08T13:43:57","modified_gmt":"2018-01-08T12:43:57","slug":"lyssna-maja-karin-fredriksson-stormfagel","status":"publish","type":"post","link":"https:\/\/kulturbloggen.com\/?p=114604","title":{"rendered":"Lyssna:  Maja-Karin Fredriksson &#8211; Stormf\u00e5gel"},"content":{"rendered":"<p><img loading=\"lazy\" decoding=\"async\" class=\"aligncenter size-full wp-image-114608\" src=\"http:\/\/kulturbloggen.com\/wp-content\/uploads\/2017\/12\/singeljanuari.jpg\" alt=\"\" width=\"650\" height=\"433\" srcset=\"https:\/\/kulturbloggen.com\/wp-content\/uploads\/2017\/12\/singeljanuari.jpg 650w, https:\/\/kulturbloggen.com\/wp-content\/uploads\/2017\/12\/singeljanuari-300x200.jpg 300w\" sizes=\"auto, (max-width: 650px) 100vw, 650px\" \/><\/p>\n<p>F\u00f6r femton \u00e5r sedan blev Maja-Karin Fredriksson drabbad av poeten Ebba Lindqvists poesi. Nu g\u00f6r hon pop av hennes texter. Maja-Karin Fredrikssons pop \u00e4r suggestiv och samtidigt of\u00f6rst\u00e4llt rak n\u00e4r den b\u00e4r fram Ebba Lindqvists mer \u00e4n halvsekelgamla texter. Den vittnar om en \u00e5terh\u00e5llen passion, n\u00e5got som lurar under ytan. Trots och melankoli f\u00e4rgar st\u00e4mningen n\u00e4r havet och kastvindarna blir f\u00f6rl\u00f6sande naturkrafter att svepas med i.<\/p>\n<p>Maja-Karin Fredriksson ber\u00e4ttar om sin nysl\u00e4ppta l\u00e5t:<br \/>\nStormf\u00e5gel var den f\u00f6rsta dikten som jag satte musik till. Jag tycker om l\u00e5ten f\u00f6r str\u00e5ket av sv\u00e4rta som finns i b\u00e5de text och musik. Ett m\u00f6rker g\u00f6r sig p\u00e5mint som en kan relatera till p\u00e5 b\u00e5de ett inre och yttre plan. Sofia Mono, min musikaliska partner i Castlewoods, spelar fl\u00f6jt p\u00e5 inspelningen vilket ger den en vild och proggig k\u00e4nsla. Stormf\u00e5gel \u00e4r fr\u00e5n diktsamlingen Fiskl\u00e4ge som blev Ebba Lindqvist genombrott 1939. Musiken kom direkt till mig, blev faktiskt startskottet till att jag b\u00f6rjade s\u00e4tta musik till hennes texter.<\/p>\n<p>Det skiljer sjuttio \u00e5r mellan de b\u00e5da konstn\u00e4rerna och fast den ena uttrycker sig i ord och den andra genom musik, s\u00e5 har de mycket gemensamt. L\u00e4raryrket, l\u00e4ngre utlandsvistelser och uppv\u00e4xten vid havet \u00e4r bara n\u00e5gra av de erfarenheter de delar.<br \/>\n&#8211; F\u00f6rst och fr\u00e4mst k\u00e4nner jag igen en l\u00e4ngtan. Det \u00e4r som att de h\u00e4r texterna manar fram en musik som jag l\u00e4nge velat g\u00f6ra, men inte riktigt till\u00e5tit mig. N\u00e4r texten funnits fr\u00e5n b\u00f6rjan har jag v\u00e5gat ta ut sv\u00e4ngarna med hur musiken f\u00e5tt gestalta inneh\u00e5llet.<\/p>\n<p>Ebba Lindqvist, som var samtida med Karin Boye, ses ibland som en regional f\u00f6rfattare, men det \u00e4r en or\u00e4ttvis f\u00f6rminskning menar Maja-Karin. Lindqvist f\u00f6ddes 1908 och v\u00e4xte upp i Grebbestad. Relationen till havet \u00e5terspeglas visserligen i m\u00e5nga av hennes diktsamlingar, men snarare symboliskt \u00e4r som platsskildring. Hon studerade i Uppsala och arbetade sedan som l\u00e4rare. Genom sin makes yrke och p\u00e5 grund av hans judiska b\u00f6rd kom hon att bo l\u00e4ngre perioder utomlands, p\u00e5 fyrtiotalet i New York och senare i Libanon och Nairobi. Familjeliv och arbete tog en stor del av hennes tid, men totalt 15 dikt- och novellsamlingar hann det bli mellan 1931 och 1966. Sina sista \u00e5r levde Ebba Lindqvist i Varberg, d\u00e4r hon avled 1995, 87 \u00e5r gammal.<\/p>\n<p>&#8211; Jag tror att m\u00e5nga kan k\u00e4nna igen sig i dikterna, eftersom de \u00e4r allm\u00e4ngiltiga och samtidigt v\u00e4ldigt specifika i sina m\u00e5lande beskrivningar. De har en kraft i sig, en tillh\u00f6righet och samtidigt en stark riktning mot n\u00e5got annat.<\/p>\n<p>Lyssna p\u00e5 kommande singeln &#8221;Stormf\u00e5gel&#8221; h\u00e4r: <\/p>\n<p><iframe loading=\"lazy\" src=\"https:\/\/w.soundcloud.com\/player\/?url=https%3A\/\/api.soundcloud.com\/tracks\/283252927%3Fsecret_token%3Ds-SRE9Q&amp;color=%23ff5500&amp;auto_play=false&amp;hide_related=false&amp;show_comments=true&amp;show_user=true&amp;show_reposts=false&amp;show_teaser=true&amp;visual=true\" width=\"100%\" height=\"300\" frameborder=\"no\" scrolling=\"no\"><\/iframe><\/p>\n","protected":false},"excerpt":{"rendered":"<p>F\u00f6r femton \u00e5r sedan blev Maja-Karin Fredriksson drabbad av poeten Ebba Lindqvists poesi. Nu g\u00f6r hon pop av hennes texter. Maja-Karin Fredrikssons pop \u00e4r suggestiv och samtidigt of\u00f6rst\u00e4llt rak n\u00e4r den b\u00e4r fram Ebba Lindqvists mer \u00e4n halvsekelgamla texter. Den vittnar om en \u00e5terh\u00e5llen passion, n\u00e5got som lurar under ytan. Trots och melankoli f\u00e4rgar st\u00e4mningen [&hellip;]<\/p>\n","protected":false},"author":13,"featured_media":0,"comment_status":"open","ping_status":"open","sticky":false,"template":"","format":"standard","meta":{"_genesis_hide_title":false,"_genesis_hide_breadcrumbs":false,"_genesis_hide_singular_image":false,"_genesis_hide_footer_widgets":false,"_genesis_custom_body_class":"","_genesis_custom_post_class":"","_genesis_layout":"","footnotes":""},"categories":[7],"tags":[],"class_list":{"0":"post-114604","1":"post","2":"type-post","3":"status-publish","4":"format-standard","6":"category-musik","7":"entry"},"_links":{"self":[{"href":"https:\/\/kulturbloggen.com\/index.php?rest_route=\/wp\/v2\/posts\/114604","targetHints":{"allow":["GET"]}}],"collection":[{"href":"https:\/\/kulturbloggen.com\/index.php?rest_route=\/wp\/v2\/posts"}],"about":[{"href":"https:\/\/kulturbloggen.com\/index.php?rest_route=\/wp\/v2\/types\/post"}],"author":[{"embeddable":true,"href":"https:\/\/kulturbloggen.com\/index.php?rest_route=\/wp\/v2\/users\/13"}],"replies":[{"embeddable":true,"href":"https:\/\/kulturbloggen.com\/index.php?rest_route=%2Fwp%2Fv2%2Fcomments&post=114604"}],"version-history":[{"count":6,"href":"https:\/\/kulturbloggen.com\/index.php?rest_route=\/wp\/v2\/posts\/114604\/revisions"}],"predecessor-version":[{"id":114933,"href":"https:\/\/kulturbloggen.com\/index.php?rest_route=\/wp\/v2\/posts\/114604\/revisions\/114933"}],"wp:attachment":[{"href":"https:\/\/kulturbloggen.com\/index.php?rest_route=%2Fwp%2Fv2%2Fmedia&parent=114604"}],"wp:term":[{"taxonomy":"category","embeddable":true,"href":"https:\/\/kulturbloggen.com\/index.php?rest_route=%2Fwp%2Fv2%2Fcategories&post=114604"},{"taxonomy":"post_tag","embeddable":true,"href":"https:\/\/kulturbloggen.com\/index.php?rest_route=%2Fwp%2Fv2%2Ftags&post=114604"}],"curies":[{"name":"wp","href":"https:\/\/api.w.org\/{rel}","templated":true}]}}