{"id":114524,"date":"2017-12-17T22:08:39","date_gmt":"2017-12-17T21:08:39","guid":{"rendered":"http:\/\/kulturbloggen.com\/?p=114524"},"modified":"2017-12-17T22:08:39","modified_gmt":"2017-12-17T21:08:39","slug":"mats-basta-album-2017","status":"publish","type":"post","link":"https:\/\/kulturbloggen.com\/?p=114524","title":{"rendered":"Mats b\u00e4sta album 2017"},"content":{"rendered":"<p><a href=\"http:\/\/kulturbloggen.com\/wp-content\/uploads\/2017\/12\/Lisasstor.jpg\"><img loading=\"lazy\" decoding=\"async\" class=\"alignnone size-medium wp-image-114525\" src=\"http:\/\/kulturbloggen.com\/wp-content\/uploads\/2017\/12\/Lisasstor-300x225.jpg\" alt=\"\" width=\"300\" height=\"225\" srcset=\"https:\/\/kulturbloggen.com\/wp-content\/uploads\/2017\/12\/Lisasstor-300x225.jpg 300w, https:\/\/kulturbloggen.com\/wp-content\/uploads\/2017\/12\/Lisasstor-768x576.jpg 768w, https:\/\/kulturbloggen.com\/wp-content\/uploads\/2017\/12\/Lisasstor.jpg 800w\" sizes=\"auto, (max-width: 300px) 100vw, 300px\" \/><\/a><\/p>\n<ol>\n<li>Fiddle &amp; Accordion Conversations &#8211;\u00a0<strong>Lisas<\/strong><\/li>\n<li>Seascapes &#8211;\u00a0<strong>The Gothenburg Combo<\/strong><\/li>\n<li>move &#8211; asjo\u00a0<strong>Ann-Sofi S\u00f6derqvist Jazz Orchestra<\/strong><\/li>\n<li>Chopin Impressions &#8211;\u00a0<strong>Leszek Kulakowski feat Mikael God\u00e9e\/ Ebba Westerberg<\/strong><\/li>\n<li>Potzdamer Platz &#8211;\u00a0<strong>Jan Lundgren<\/strong><\/li>\n<li>Soulfully Yours &#8211;\u00a0<strong>Anders Bergcrantz<\/strong><\/li>\n<li>Pictures in Mind &#8211;\u00a0<strong>Hannah Svensson<\/strong><\/li>\n<li>Centralmassivet &#8211;\u00a0<strong>Th\u00e5str\u00f6m<\/strong><\/li>\n<li>Kungen och Vi &#8211;\u00a0<strong>Fr\u00f6ken Elvis<\/strong><\/li>\n<li>Behind The Mask &#8211;\u00a0<strong>Gunilla Th\u00f6rnfeldt<\/strong><\/li>\n<li>Solid &#8211;\u00a0<strong>Corpo<\/strong><\/li>\n<li>Simple As That &#8211;\u00a0<strong>Karl Olandersson<\/strong><\/li>\n<li>Stockholm Underground &#8211;\u00a0<strong>Magnus Lindgren<\/strong><\/li>\n<li>Traces &#8211;\u00a0<strong>David\u00b4s Angels feat Ingrid Jensen<\/strong><\/li>\n<li>Beches Indian Brew &#8211;\u00a0<strong>Beches Indian Brew<\/strong><\/li>\n<\/ol>\n<p><a href=\"http:\/\/kulturbloggen.com\/wp-content\/uploads\/2017\/12\/astrid1.jpg\"><img loading=\"lazy\" decoding=\"async\" class=\"alignnone size-medium wp-image-114528\" src=\"http:\/\/kulturbloggen.com\/wp-content\/uploads\/2017\/12\/astrid1-300x169.jpg\" alt=\"\" width=\"300\" height=\"169\" srcset=\"https:\/\/kulturbloggen.com\/wp-content\/uploads\/2017\/12\/astrid1-300x169.jpg 300w, https:\/\/kulturbloggen.com\/wp-content\/uploads\/2017\/12\/astrid1.jpg 465w\" sizes=\"auto, (max-width: 300px) 100vw, 300px\" \/> Foto Jerker Andersson\u00a0 &#8211; Gothenburg Combo<\/a><\/p>\n<p><strong><em>F\u00f6rtydligande kommentar: <\/em><\/strong>Jag har alls ingen \u00f6verblick\u00a0 vad betr\u00e4ffar \u00e5rets skivutgivning K\u00f6per v\u00e4ldigt s\u00e4llan nya plattor, inte ens p\u00e5 n\u00e4tet. De g\u00e5nger jag handlar CD sker det oftast i samband med konserter som givit mersmak. Publicerar s\u00e5ledes en mycket selektiv lista, baserad fr\u00e4mst p\u00e5 recensionsex som skickats till mig. Detta \u00e4r huvudsk\u00e4let till att\u00a0 alla skivor p\u00e5 min lista \u00e4r svenska, undantaget utg\u00f6rs av fj\u00e4rderankade polska plattan, inspelad i samarbete med svenska G\u00f6teborgsbaserade musiker som ocks\u00e5 ing\u00e5r i <strong>Corpo<\/strong>. Att etablerade personer i branschen &#8211;\u00a0 presskontakter eller artisterna sj\u00e4lva &#8211; v\u00e4nder sig till mig p\u00e5 Kulturbloggen \u00e4r sj\u00e4lvklart hedrande; oavsett om det mest beror p\u00e5 v\u00e5r framtr\u00e4dande google-tr\u00e4ff eller min seri\u00f6sa inst\u00e4llning. \u00c4r inte ovanligt att en skiva som ska bed\u00f6mas spelas uppemot tio g\u00e5nger, vilket g\u00f6r att den ibland v\u00e4xer, nya perspektiv kan uppst\u00e5.<\/p>\n<p>Under \u00e5rens lopp har jag bevistat m\u00e5nga jazzfestivaler, vilket har bidragit till att jag senaste \u00e5ren skriver liverecensioner i Orkesterjournalen, d\u00e4rav orsaken till att listan blivit anm\u00e4rkningsv\u00e4rt jazzig. Lyssna live \u00e4r\u00a0 fortfarande min stora passion. Som bekant har jag i n\u00e5gra \u00e5r tillh\u00f6rt teamet som med subjektiva \u00f6ron rapporterar fr\u00e5n WOW. Har \u00e4nnu inte skaffat mig senaste alster av f\u00f6rn\u00e4mliga Rebecka T\u00f6rnqvist, Ane Brun, Goran Kajfes eller Vivian Buczek; vilket ju inneb\u00e4r att de inte kan v\u00e4rderas h\u00e4r.<\/p>\n<p><a href=\"http:\/\/kulturbloggen.com\/wp-content\/uploads\/2017\/12\/pressbild_2500.jpg\"><img loading=\"lazy\" decoding=\"async\" class=\"alignnone size-medium wp-image-114529\" src=\"http:\/\/kulturbloggen.com\/wp-content\/uploads\/2017\/12\/pressbild_2500-263x300.jpg\" alt=\"\" width=\"263\" height=\"300\" srcset=\"https:\/\/kulturbloggen.com\/wp-content\/uploads\/2017\/12\/pressbild_2500-263x300.jpg 263w, https:\/\/kulturbloggen.com\/wp-content\/uploads\/2017\/12\/pressbild_2500-768x876.jpg 768w, https:\/\/kulturbloggen.com\/wp-content\/uploads\/2017\/12\/pressbild_2500-897x1024.jpg 897w\" sizes=\"auto, (max-width: 263px) 100vw, 263px\" \/><\/a>Foto Pelle Piano &#8211; Orkesterledaren och komposit\u00f6ren Ann-Sofi S\u00f6derqvist<\/p>\n<p>P\u00e5 min prispall hittas tv\u00e5 m\u00e4sterliga duos (Lisa Rydberg &amp; Lisa Eriksson L\u00e5ngbacka plus David Hansson och Thomas Hansy), inom genrerna minimalistisk folkmusik och dito gitarrmusik, j\u00e4mte en mycket sp\u00e4nstig storbandsproduktion med enbart original. Dessa skivor fick f\u00f6ga ov\u00e4ntat h\u00f6gsta po\u00e4ng i Kulturbloggen, vilket ocks\u00e5 var fallet med Chopin i jazzton. Minnesgoda l\u00e4sare vet att ett halvdussin titlar p\u00e5 listan har f\u00e5tt utf\u00f6rliga positiva omd\u00f6men (betyg 4). Det \u00e4r p\u00e5fallande m\u00e5nga kvinnor med, eller hur? En annan iakttagelse \u00e4r m\u00e4rkligare. Knappt n\u00e5gon av mina favoriter \u00e4r nominerade till Grammis eller P3 Guld.<\/p>\n","protected":false},"excerpt":{"rendered":"<p>Fiddle &amp; Accordion Conversations &#8211;\u00a0Lisas Seascapes &#8211;\u00a0The Gothenburg Combo move &#8211; asjo\u00a0Ann-Sofi S\u00f6derqvist Jazz Orchestra Chopin Impressions &#8211;\u00a0Leszek Kulakowski feat Mikael God\u00e9e\/ Ebba Westerberg Potzdamer Platz &#8211;\u00a0Jan Lundgren Soulfully Yours &#8211;\u00a0Anders Bergcrantz Pictures in Mind &#8211;\u00a0Hannah Svensson Centralmassivet &#8211;\u00a0Th\u00e5str\u00f6m Kungen och Vi &#8211;\u00a0Fr\u00f6ken Elvis Behind The Mask &#8211;\u00a0Gunilla Th\u00f6rnfeldt Solid &#8211;\u00a0Corpo Simple As That &#8211;\u00a0Karl [&hellip;]<\/p>\n","protected":false},"author":34,"featured_media":0,"comment_status":"open","ping_status":"open","sticky":false,"template":"","format":"standard","meta":{"_genesis_hide_title":false,"_genesis_hide_breadcrumbs":false,"_genesis_hide_singular_image":false,"_genesis_hide_footer_widgets":false,"_genesis_custom_body_class":"","_genesis_custom_post_class":"","_genesis_layout":"","footnotes":""},"categories":[7],"tags":[],"class_list":{"0":"post-114524","1":"post","2":"type-post","3":"status-publish","4":"format-standard","6":"category-musik","7":"entry"},"_links":{"self":[{"href":"https:\/\/kulturbloggen.com\/index.php?rest_route=\/wp\/v2\/posts\/114524","targetHints":{"allow":["GET"]}}],"collection":[{"href":"https:\/\/kulturbloggen.com\/index.php?rest_route=\/wp\/v2\/posts"}],"about":[{"href":"https:\/\/kulturbloggen.com\/index.php?rest_route=\/wp\/v2\/types\/post"}],"author":[{"embeddable":true,"href":"https:\/\/kulturbloggen.com\/index.php?rest_route=\/wp\/v2\/users\/34"}],"replies":[{"embeddable":true,"href":"https:\/\/kulturbloggen.com\/index.php?rest_route=%2Fwp%2Fv2%2Fcomments&post=114524"}],"version-history":[{"count":6,"href":"https:\/\/kulturbloggen.com\/index.php?rest_route=\/wp\/v2\/posts\/114524\/revisions"}],"predecessor-version":[{"id":114543,"href":"https:\/\/kulturbloggen.com\/index.php?rest_route=\/wp\/v2\/posts\/114524\/revisions\/114543"}],"wp:attachment":[{"href":"https:\/\/kulturbloggen.com\/index.php?rest_route=%2Fwp%2Fv2%2Fmedia&parent=114524"}],"wp:term":[{"taxonomy":"category","embeddable":true,"href":"https:\/\/kulturbloggen.com\/index.php?rest_route=%2Fwp%2Fv2%2Fcategories&post=114524"},{"taxonomy":"post_tag","embeddable":true,"href":"https:\/\/kulturbloggen.com\/index.php?rest_route=%2Fwp%2Fv2%2Ftags&post=114524"}],"curies":[{"name":"wp","href":"https:\/\/api.w.org\/{rel}","templated":true}]}}