{"id":11451,"date":"2009-08-01T08:56:14","date_gmt":"2009-08-01T06:56:14","guid":{"rendered":"http:\/\/kulturbloggen.com\/?p=11451"},"modified":"2009-08-01T08:56:14","modified_gmt":"2009-08-01T06:56:14","slug":"sa-var-u2-och-snow-patrol-pa-ullevi-plus-filmklipp-darifran","status":"publish","type":"post","link":"https:\/\/kulturbloggen.com\/?p=11451","title":{"rendered":"S\u00e5 var U2 och Snow Patrol p\u00e5 Ullevi &#8211; plus filmklipp d\u00e4rifr\u00e5n"},"content":{"rendered":"<p><img loading=\"lazy\" decoding=\"async\" class=\"aligncenter size-medium wp-image-11453\" title=\"20090731652\" src=\"http:\/\/sodergren.com\/kulturbloggen\/wp-content\/uploads\/2009\/08\/20090731652-300x225.jpg\" alt=\"20090731652\" width=\"300\" height=\"225\" \/><br \/>\n<a href=\"http:\/\/www.aftonbladet.se\/nojesbladet\/supersommar2009\/article5585518.ab\">Scenkonstruktionen<\/a>, den stora klon och den runda scenen som skulle g\u00f6ra att fler kunde se mer av konserten var v\u00e4l en av de delar av U2:s konsert som m\u00e5nga var v\u00e4ldigt nyfikna p\u00e5.<br \/>\nAv Kulturbloggens tre uts\u00e4nda bloggare hade en av oss f\u00e5tt en restbiljett, en sittplats bakom scenen. Med U2 scenklo gick det ju att se artisterna d\u00e4rifr\u00e5n ocks\u00e5. Ja dessa platser bakom scenen var nog rent av b\u00e4ttre \u00e4n m\u00e5nga andra, f\u00f6r platserna var v\u00e4ldigt n\u00e4ra scenen. Men U2 utnyttjade inte m\u00f6jligheten till fullo. De utnyttjade inte ens kloscenens m\u00f6jligheter till h\u00e4lften. Bono och The Edge gick runt n\u00e5gra g\u00e5nger, men dessa g\u00e5nger var r\u00e4knade p\u00e5 ena handens fingrar. Till allra st\u00f6rsta delen var det en traditionell konsert.<\/p>\n<p>Okey: upptill p\u00e5 klo-konstruktionen visades film i 360 grader. S\u00e5 det var l\u00e4ttare f\u00f6r fler att se Bono i videobild. Men nog finns det mycket mer att h\u00e4mta med klo-scenen.<\/p>\n<p>F\u00f6r de som hade st\u00e5plats fungerade nog scenen b\u00e4ttre. N\u00e4r bandet sprang runt p\u00e5 de sm\u00e5 broarna gav de st\u00e5platspubliken runt om scenen en f\u00f6rdjupad scenupplevelse, kan jag t\u00e4nka mig. Det ser ut s\u00e5 p\u00e5 bilder jag sett fr\u00e5n dessa platser. Men st\u00e5platspubliken som tagit sig n\u00e4ra scenen har ju alltid en st\u00f6rre upplevelse. Jag v\u00e4ntar p\u00e5 en vidareutveckling av denna scentyp men som \u00e4n mer tar vara p\u00e5 dess m\u00f6jligheter och som g\u00f6r att alla sidor blir framsidan under minst en l\u00e5t. Och jag efterlyser mer initiativ som Coldplay i Globen senast, d\u00e5 de spelade p\u00e5 olika platser i lokalen.<\/p>\n<p><strong>F\u00f6rbandet, Snow Patrol<\/strong>, utnyttjade inte scenens m\u00f6jligheter alls. Vilket \u00e4r synd, jag s\u00e5g dem i Cirkus i Stockholm f\u00f6r n\u00e5gra m\u00e5nader sedan och dess s\u00e5ngare Gary hade v\u00e4ldigt bra publikkontakt d\u00e5. Men att spela p\u00e5 en stor arena \u00e4r en annan sak. Och att r\u00e4tt anv\u00e4nda sig av en rund scens m\u00f6jligheter beh\u00e4rskar inte alla.<br \/>\nSnow Patrol gjorde en OK spelning, men de var b\u00e4ttre i Cirkus, men d\u00e5 hade det ju en mer tid p\u00e5 sig, de var sj\u00e4lva huvudnumret. Cirkus har ocks\u00e5 b\u00e4ttre akustik och det \u00e4r n\u00e4rmare mellan publik och band.<\/p>\n<p><a href=\"http:\/\/kulturbloggen.com\/?p=9485\">H\u00e4r \u00e4r en intervju Kulturbloggen gjorde med basisten och trummisen i Snow Patrol n\u00e4r de var i Stockholm i v\u00e5ras<\/a>.<\/p>\n<p><strong>\u00c5ter till U2: <\/strong><br \/>\nPubliken var verkligen f\u00f6rv\u00e4ntansfull och gjorde v\u00e5gen medan de v\u00e4ntade. S\u00e5 kom d\u00e5 det efterl\u00e4ngtade bandet in p\u00e5 scenen och spelade Breathe och tre l\u00e5tar fr\u00e5n nya albumet: No line on the horizon, Get on your boots och Magnificent<br \/>\nNjae, det var inte vad som t\u00e4nde publiken helt. F\u00f6rst med femte s\u00e5nger, klassikern Beautiful day b\u00f6rjade det likna n\u00e5got.<br \/>\nJag tror att U2 idag \u00e4r ett band d\u00e4r de flesta mest gillar deras gamla l\u00e5tar. Om de hade gjort en Best of-turn\u00e9 hade de nog f\u00e5tt h\u00f6gsta betyg p\u00e5 alla konserter. Det \u00e4r f\u00f6rst d\u00e5 publiken t\u00e4nder till riktigt.<br \/>\nI G\u00f6teborg var det ju dessutom kallt. Riktigt kallt sista timmen och m\u00e5nga fr\u00f6s n\u00e4r de gick hem\u00e5t.<br \/>\nJag har lyssnat p\u00e5 U2 sedan de sl\u00e4ppte f\u00f6rsta albumet och jag gillar deras senaste album ocks\u00e5. Men \u00e4nd\u00e5, jag k\u00e4nde att det var en klart godk\u00e4nd konsert men jag rycktes inte med till hundra procent.<\/p>\n<p>Bono \u00e4r idag lika k\u00e4nd f\u00f6r sitt politiska engagemang och under konserten gjordes fr\u00e5n scen reklam f\u00f6r aktivistorganisationen One, som Bono startat. Det \u00e4r en organisation f\u00f6r att \u00f6va p\u00e5tryckning p\u00e5 politiker och makthavare, en organisation som bland annat s\u00e4tter ig\u00e5ng namninsamling. One hade en m\u00e4ngd medlemmar som gick runt f\u00f6re konserten och v\u00e4rvade fler aktivister.<\/p>\n<p><img loading=\"lazy\" decoding=\"async\" class=\"alignright size-thumbnail wp-image-11456\" title=\"20090731094\" src=\"http:\/\/sodergren.com\/kulturbloggen\/wp-content\/uploads\/2009\/08\/20090731094-150x150.jpg\" alt=\"20090731094\" width=\"150\" height=\"150\" \/>Bonos engagemang f\u00f6r att f\u00f6rb\u00e4ttra v\u00e4rlden gav sig till k\u00e4nna under spelningen d\u00e5 bandet s\u00e4nde ut kravet p\u00e5 att Burmas valde ledare Aung San Suu Kyi ska friges fr\u00e5n husarresten.<br \/>\n&#8211; Hon har snart suttit i husarrest i tjugo \u00e5r och hennes enda brott \u00e4r att hon blivit vald av folket, sade Bono.<br \/>\nBono lyckas f\u00f6ra fram sitt engagemang alldeles lagom. Han tangerar en gr\u00e4ns, men g\u00e5r inte \u00f6ver den. Han balanserar exakt. N\u00e4r m\u00e4nniskor med mask med Aung San Suu Kyis bild f\u00f6r sitt ansikte t\u00e5gar in med U2 spelar &#8221;Walk On&#8221; &#8211; det \u00e4r en stark scen som f\u00e5r oss alla att k\u00e4nna att vi vill g\u00e5 med i Burmakommitt\u00e9n eller Amnesty nu, direkt, f\u00f6r att g\u00f6ra n\u00e5got f\u00f6r att f\u00f6rb\u00e4ttra or\u00e4ttvisorna i v\u00e4rlden.<\/p>\n<p>Jag l\u00e4ste f\u00f6rresten i <a href=\"http:\/\/gp.se\/gp\/jsp\/Crosslink.jsp?d=286&amp;a=509063\">G\u00f6teborgsposten<\/a> att Bono efter konserten tog en flaska champagne och gav sig iv\u00e4g till hotellet d\u00e4r han \u00e5t middag med bandet och dess familjer, men sedan drog han till Nefertiti och dansade till 04-tiden. Kul. D\u00e4r har jag dansat m\u00e5nga g\u00e5nger n\u00e4r jag bodde i G\u00f6teborg.<\/p>\n<p><strong>L\u00e5tlistan:<\/strong><br \/>\nBreathe<br \/>\nNo line on the horizon<br \/>\nGet on your boots<br \/>\nMagnificent<br \/>\nBeautiful day<br \/>\nMysterious ways<br \/>\nOne<br \/>\nUntil the end of the world<br \/>\nDesire<br \/>\nStuck in a moment that you can\u2019t get out of<br \/>\nUnknown caller<br \/>\nThe unforgettable fire<br \/>\nCity of blinding lights<br \/>\nVertigo<br \/>\nI\u2019ll go crazy if I don\u2019t go crazy tonight<br \/>\nSunday bloody sunday<br \/>\nPride (in the name of love)<br \/>\nWalk on<br \/>\nWhere the streets have no name<br \/>\n<strong>Extranummer:<\/strong><br \/>\nUltra violet (light my way)<br \/>\nWith or without you<br \/>\nMoment of surrender<\/p>\n<p><a href=\"http:\/\/www.aftonbladet.se\/nojesbladet\/musik\/recensioner\/article5590555.ab\">Aftonbladets Markus Larsson var r\u00e4tt besviken och gav konserten betyg 3:<\/a><\/p>\n<blockquote><p>Det dr\u00f6jer l\u00e4nge.<\/p>\n<p>N\u00e4rmare best\u00e4mt 17 l\u00e5tar, om vi ska vara noggranna.<\/p>\n<p>F\u00f6rst d\u00e5, i mitten av \u201dPride (in the name of love)\u201d, n\u00e5r konserten upp till f\u00f6rv\u00e4ntningarna. F\u00f6rst d\u00e5 blir kv\u00e4llen s\u00e5 storslagen att superlativen n\u00e4stan m\u00e5ste skrivas med versaler f\u00f6r att r\u00e4cka till.<\/p><\/blockquote>\n<p>Fast det \u00e4r nog s\u00e5 att en reporter som Markus Larsson, som \u00e5ker runt och ser den ena konserten efter den andra och sitter p\u00e5 pressl\u00e4ktaren, \u00e5tskild fr\u00e5n folket, inte kan uppleva samma k\u00e4nsla som \u00f6vriga publiken. N\u00e4r konserten startade och <a href=\"http:\/\/www.aftonbladet.se\/nojesbladet\/article5590556.ab\">massor ur publiken viftade med vita halsdukar, n\u00e4sdukar eller n\u00e5got annat vitt<\/a>, och det kom r\u00f6k ur r\u00f6kmaskinerna, nog k\u00e4ndes det att Ullevi vibrerade av en f\u00f6rv\u00e4ntansfull publik.<\/p>\n<p><a href=\"http:\/\/kulturbloggen.com\/?p=11496\">Uppdatering: H\u00e4r \u00e4r v\u00e5rt inl\u00e4gg fr\u00e5n den andra konserten med U2, p\u00e5 l\u00f6rdagen.<\/a><\/p>\n<p>I G\u00f6teborg finns en kulle d\u00e4r man kan se vad som h\u00e4nder inne p\u00e5 Ullevi utan att betala, den kallas snikens kulle. H\u00e4r \u00e4r en person som spelat in en del av konserten d\u00e4rifr\u00e5n:<\/p>\n<p>U2 360 Tour fr\u00e5n snikens kulle<br \/>\n<object classid=\"clsid:d27cdb6e-ae6d-11cf-96b8-444553540000\" width=\"425\" height=\"344\" codebase=\"http:\/\/download.macromedia.com\/pub\/shockwave\/cabs\/flash\/swflash.cab#version=6,0,40,0\"><param name=\"allowFullScreen\" value=\"true\" \/><param name=\"allowscriptaccess\" value=\"always\" \/><param name=\"src\" value=\"http:\/\/www.youtube.com\/v\/tVL_utnXojI&amp;hl=sv&amp;fs=1&amp;\" \/><param name=\"allowfullscreen\" value=\"true\" \/><embed type=\"application\/x-shockwave-flash\" width=\"425\" height=\"344\" src=\"http:\/\/www.youtube.com\/v\/tVL_utnXojI&amp;hl=sv&amp;fs=1&amp;\" allowscriptaccess=\"always\" allowfullscreen=\"true\"><\/embed><\/object><br \/>\n<a href=\"http:\/\/www.aftonbladet.se\/webbtv\/noje\/article5590393.ab\"><br \/>\nH\u00e4r bjuder Aftonbladet p\u00e5 klipp fr\u00e5n f\u00f6rsta l\u00e5ten, Breathe<\/a>:<br \/>\n<object classid=\"clsid:d27cdb6e-ae6d-11cf-96b8-444553540000\" width=\"425\" height=\"240\" codebase=\"http:\/\/download.macromedia.com\/pub\/shockwave\/cabs\/flash\/swflash.cab#version=6,0,40,0\"><param name=\"allowScriptAccess\" value=\"always\" \/><param name=\"src\" value=\"http:\/\/www.aftonbladet.se\/svn\/tv\/flash\/satelliteUnified.swf?aid=http%3A%2F%2Fwww.aftonbladet.se%2Fwebbtv%2Fnoje%2Farticle5590393.ab%3Fservice%3Dtv&amp;mid=http%3A%2F%2Fwww.aftonbladet.se%2Fwebbtv%2F%3Fservice%3Dtv%26menu%3Dtrue&amp;cid=webbtv_noje\" \/><embed type=\"application\/x-shockwave-flash\" width=\"425\" height=\"240\" src=\"http:\/\/www.aftonbladet.se\/svn\/tv\/flash\/satelliteUnified.swf?aid=http%3A%2F%2Fwww.aftonbladet.se%2Fwebbtv%2Fnoje%2Farticle5590393.ab%3Fservice%3Dtv&amp;mid=http%3A%2F%2Fwww.aftonbladet.se%2Fwebbtv%2F%3Fservice%3Dtv%26menu%3Dtrue&amp;cid=webbtv_noje\" allowscriptaccess=\"always\"><\/embed><\/object><\/p>\n<p>Relaterade artiklar:<br \/>\n<a href=\"http:\/\/gp.se\/gp\/jsp\/Crosslink.jsp?d=286&amp;a=509066\">Recension i G\u00f6teborgsposten<\/a><br \/>\n<a href=\"http:\/\/www.dn.se\/kultur-noje\/konsertrecensioner\/ett-band-standigt-pa-jakt-efter-fornyelse-1.922573\">Recension i Dagens Nyheter<\/a><br \/>\n<a href=\"http:\/\/www.svd.se\/kulturnoje\/scen\/artikel_3291887.svd\">Recension i Svenska Dagbladet<\/a><br \/>\n<a href=\"http:\/\/www.expressen.se\/noje\/1.1657664\/anders-nunstedt-de-imponerar-i-varje-moment#\">Recension i Expressen<\/a><br \/>\n<a href=\"http:\/\/www.expressen.se\/noje\/1.1657696\/u2-festade-med-strippa-sent-i-natt-det-kanns-...#\">Expressen om Bonos fest<\/a><\/p>\n<p>L\u00e4s \u00e4ven andra bloggares \u00e5sikter om <a rel=\"tag\" href=\"http:\/\/bloggar.se\/om\/G%F6teborg\">G\u00f6teborg<\/a>, <a rel=\"tag\" href=\"http:\/\/bloggar.se\/om\/rockmusik\">rockmusik<\/a>, <a rel=\"tag\" href=\"http:\/\/bloggar.se\/om\/arenarock\">arenarock<\/a>, <a rel=\"tag\" href=\"http:\/\/bloggar.se\/om\/konserter\">konserter<\/a>, <a rel=\"tag\" href=\"http:\/\/bloggar.se\/om\/recension\">recension<\/a>, <a rel=\"tag\" href=\"http:\/\/bloggar.se\/om\/U2\">U2<\/a>, <a rel=\"tag\" href=\"http:\/\/bloggar.se\/om\/Bono\">Bono<\/a>, <a rel=\"tag\" href=\"http:\/\/bloggar.se\/om\/Snow+Patrol\">Snow Patrol<\/a><\/p>\n","protected":false},"excerpt":{"rendered":"<p>Scenkonstruktionen, den stora klon och den runda scenen som skulle g\u00f6ra att fler kunde se mer av konserten var v\u00e4l en av de delar av U2:s konsert som m\u00e5nga var v\u00e4ldigt nyfikna p\u00e5. Av Kulturbloggens tre uts\u00e4nda bloggare hade en av oss f\u00e5tt en restbiljett, en sittplats bakom scenen. Med U2 scenklo gick det ju [&hellip;]<\/p>\n","protected":false},"author":2,"featured_media":0,"comment_status":"open","ping_status":"open","sticky":false,"template":"","format":"standard","meta":{"_genesis_hide_title":false,"_genesis_hide_breadcrumbs":false,"_genesis_hide_singular_image":false,"_genesis_hide_footer_widgets":false,"_genesis_custom_body_class":"","_genesis_custom_post_class":"","_genesis_layout":"","footnotes":""},"categories":[7,16],"tags":[395,2159,3004,12285,4803],"class_list":{"0":"post-11451","1":"post","2":"type-post","3":"status-publish","4":"format-standard","6":"category-musik","7":"category-recension","8":"tag-arenarock","9":"tag-goteborg","10":"tag-konserter","11":"tag-recension","12":"tag-rockmusik","13":"entry"},"_links":{"self":[{"href":"https:\/\/kulturbloggen.com\/index.php?rest_route=\/wp\/v2\/posts\/11451","targetHints":{"allow":["GET"]}}],"collection":[{"href":"https:\/\/kulturbloggen.com\/index.php?rest_route=\/wp\/v2\/posts"}],"about":[{"href":"https:\/\/kulturbloggen.com\/index.php?rest_route=\/wp\/v2\/types\/post"}],"author":[{"embeddable":true,"href":"https:\/\/kulturbloggen.com\/index.php?rest_route=\/wp\/v2\/users\/2"}],"replies":[{"embeddable":true,"href":"https:\/\/kulturbloggen.com\/index.php?rest_route=%2Fwp%2Fv2%2Fcomments&post=11451"}],"version-history":[{"count":0,"href":"https:\/\/kulturbloggen.com\/index.php?rest_route=\/wp\/v2\/posts\/11451\/revisions"}],"wp:attachment":[{"href":"https:\/\/kulturbloggen.com\/index.php?rest_route=%2Fwp%2Fv2%2Fmedia&parent=11451"}],"wp:term":[{"taxonomy":"category","embeddable":true,"href":"https:\/\/kulturbloggen.com\/index.php?rest_route=%2Fwp%2Fv2%2Fcategories&post=11451"},{"taxonomy":"post_tag","embeddable":true,"href":"https:\/\/kulturbloggen.com\/index.php?rest_route=%2Fwp%2Fv2%2Ftags&post=11451"}],"curies":[{"name":"wp","href":"https:\/\/api.w.org\/{rel}","templated":true}]}}