{"id":11447,"date":"2009-07-31T12:25:21","date_gmt":"2009-07-31T10:25:21","guid":{"rendered":"http:\/\/kulturbloggen.com\/?p=11447"},"modified":"2009-07-31T12:25:21","modified_gmt":"2009-07-31T10:25:21","slug":"veckans-spellista-med-viss-u2-dragning","status":"publish","type":"post","link":"https:\/\/kulturbloggen.com\/?p=11447","title":{"rendered":"Veckans spellista &#8211; med viss U2-dragning"},"content":{"rendered":"<p><img loading=\"lazy\" decoding=\"async\" src=\"http:\/\/sodergren.com\/kulturbloggen\/wp-content\/uploads\/2009\/03\/u2nykonsert290.jpg\" alt=\"u2nykonsert290\" title=\"u2nykonsert290\" width=\"290\" height=\"200\" class=\"aligncenter size-full wp-image-7684\" \/><\/p>\n<p>Veckans <a href=\"http:\/\/open.spotify.com\/user\/chadie\/playlist\/3VOavlbyETByQbNNcHEDLQ\">spellista<\/a> har sj\u00e4lvklart p\u00e5verkats av U2:s dubbla konserter p\u00e5 Ullevi men \u00e4ven av andra saker som h\u00e4nt nyligen!<\/p>\n<p><strong>&#8221;New Year&#8217;s Day&#8221; &#8211; U2<\/strong><br \/>\n<em>\u00c4ven om du inte \u00e4r ett fan s\u00e5 kan du knappast ha missat att bandet kommer till Sverige f\u00f6r tv\u00e5 konserter.<\/em><\/p>\n<p><strong>&#8221;Eet&#8221; &#8211; Regina Spektor<\/strong><br \/>\n<em>B\u00e4sta sp\u00e5ret p\u00e5 nya skivan.<\/em><\/p>\n<p><strong>&#8221;Fight for Your Right&#8221; &#8211; Beastie Boys<\/strong><br \/>\nM<em>CA har drabbats av cancer vilket f\u00e5tt Beastie Boys att st\u00e4lla in spelningar och skjuta fram releasedatumet f\u00f6r sin nya skiva. Vi hoppas att han blir \u00e5terst\u00e4lld och under tiden lyssnar vi p\u00e5 en av deras mest klassiska l\u00e5tar.<\/em><\/p>\n<p><strong>&#8221;She Bangs the Drums&#8221; &#8211; The Stone Roses<\/strong><br \/>\n<em>En klassisk singel som precis \u00e5terutgivits.<\/em><\/p>\n<p><strong>&#8221;Falling Down&#8221; &#8211; Scarlett Johansson<\/strong><br \/>\n<em>Mest f\u00f6r Bowies medverkan.<\/em><\/p>\n<p><strong>&#8221;Tears Dry on Their Own&#8221; &#8211; Amy WInehouse<\/strong><br \/>\n<em>Hon f\u00e5r visserligen mer pubicitet f\u00f6r sina drogproblem \u00e4n f\u00f6r sin musik men den h\u00e4r l\u00e5ten \u00e4r briljant.<\/em><\/p>\n<p><strong>&#8221;Who&#8217;s Gonna Ride Your Wild Horses&#8221; &#8211; U2<\/strong><br \/>\n<em>Enligt mig deras b\u00e4sta l\u00e5t.<\/em><\/p>\n<p><strong>&#8221;Rabbit Heart (Rasie It Up)&#8221; &#8211; Florence + The Machine<\/strong><br \/>\n<em>Bra l\u00e5t&#8230; men l\u00e4skig video..!<\/em><\/p>\n<p><strong>&#8221;Light &#038; Day&#8221; &#8211; The Polyphonic Spree<\/strong><br \/>\n<em>Om du kl\u00e4r ut dig till Jesus och sjunger i k\u00f6r s\u00e5 hamnar du f\u00f6rr eller senare p\u00e5 den h\u00e4r listan&#8230;<\/em><\/p>\n<p><strong>&#8221;Madame George&#8221; &#8211; Van Morrison<\/strong><br \/>\n<em>Astral Weeks \u00e4r ett m\u00e4sterverk och den h\u00e4r l\u00e5ten \u00e4r ett m\u00e4sterverk.<\/em><\/p>\n<p><strong>&#8221;Ich bin mein Haus&#8221; &#8211; Rosenstolz<\/strong><br \/>\n<em>F\u00f6r att det m\u00e5ste vara med en tysk l\u00e5t n\u00e5gon g\u00e5ng&#8230;<\/em><\/p>\n<p><strong>&#8221;Happy When It Rains&#8221; &#8211; The Jesus and Mary Chain<\/strong><br \/>\n<em>P\u00e5 grund av veckans v\u00e4der.<\/em><\/p>\n<p><strong>&#8221;Bulletproof&#8221; &#8211; DJ Rap<\/strong><br \/>\n<em>F\u00f6r variationens skull?<\/em><\/p>\n<p><strong>&#8221;Fidelity&#8221; &#8211; Regina Spektor<\/strong><br \/>\n<em>F\u00f6rra skivans b\u00e4sta l\u00e5t.<\/em><\/p>\n<p><strong>&#8221;White as Snow&#8221; &#8211; U2<\/strong><br \/>\n<em>Jag var ju tvungen att ha med en l\u00e5t fr\u00e5n deras senaste skiva&#8230;<\/em><\/p>\n<p>Relaterat:<br \/>\n<a href=\"http:\/\/www.expressen.se\/noje\/1.1656754\/u2-ar-universums-storsta-rockband\">Expressen om U2<\/a><br \/>\n<a href=\"http:\/\/gp.se\/gp\/jsp\/Crosslink.jsp?d=286&#038;a=508770\">GP: H\u00e4r \u00e4r U2:s tio b\u00e4sta l\u00e5tar<\/a><\/p>\n<p>L\u00e4s \u00e4ven andra bloggares \u00e5sikter om <a href=\"http:\/\/bloggar.se\/om\/Spotify\" rel=\"tag\">Spotify<\/a>, <a href=\"http:\/\/bloggar.se\/om\/musik\" rel=\"tag\">musik<\/a>, <a href=\"http:\/\/bloggar.se\/om\/spellista\" rel=\"tag\">spellista<\/a>, <a href=\"http:\/\/bloggar.se\/om\/U2\" rel=\"tag\">U2<\/a><\/p>\n","protected":false},"excerpt":{"rendered":"<p>Veckans spellista har sj\u00e4lvklart p\u00e5verkats av U2:s dubbla konserter p\u00e5 Ullevi men \u00e4ven av andra saker som h\u00e4nt nyligen! &#8221;New Year&#8217;s Day&#8221; &#8211; U2 \u00c4ven om du inte \u00e4r ett fan s\u00e5 kan du knappast ha missat att bandet kommer till Sverige f\u00f6r tv\u00e5 konserter. &#8221;Eet&#8221; &#8211; Regina Spektor B\u00e4sta sp\u00e5ret p\u00e5 nya skivan. &#8221;Fight [&hellip;]<\/p>\n","protected":false},"author":3,"featured_media":0,"comment_status":"open","ping_status":"open","sticky":false,"template":"","format":"standard","meta":{"_genesis_hide_title":false,"_genesis_hide_breadcrumbs":false,"_genesis_hide_singular_image":false,"_genesis_hide_footer_widgets":false,"_genesis_custom_body_class":"","_genesis_custom_post_class":"","_genesis_layout":"","footnotes":""},"categories":[20],"tags":[12282,5303,5324,6060],"class_list":{"0":"post-11447","1":"post","2":"type-post","3":"status-publish","4":"format-standard","6":"category-film","7":"tag-musik","8":"tag-spellista","9":"tag-spotify","10":"tag-u2","11":"entry"},"_links":{"self":[{"href":"https:\/\/kulturbloggen.com\/index.php?rest_route=\/wp\/v2\/posts\/11447","targetHints":{"allow":["GET"]}}],"collection":[{"href":"https:\/\/kulturbloggen.com\/index.php?rest_route=\/wp\/v2\/posts"}],"about":[{"href":"https:\/\/kulturbloggen.com\/index.php?rest_route=\/wp\/v2\/types\/post"}],"author":[{"embeddable":true,"href":"https:\/\/kulturbloggen.com\/index.php?rest_route=\/wp\/v2\/users\/3"}],"replies":[{"embeddable":true,"href":"https:\/\/kulturbloggen.com\/index.php?rest_route=%2Fwp%2Fv2%2Fcomments&post=11447"}],"version-history":[{"count":0,"href":"https:\/\/kulturbloggen.com\/index.php?rest_route=\/wp\/v2\/posts\/11447\/revisions"}],"wp:attachment":[{"href":"https:\/\/kulturbloggen.com\/index.php?rest_route=%2Fwp%2Fv2%2Fmedia&parent=11447"}],"wp:term":[{"taxonomy":"category","embeddable":true,"href":"https:\/\/kulturbloggen.com\/index.php?rest_route=%2Fwp%2Fv2%2Fcategories&post=11447"},{"taxonomy":"post_tag","embeddable":true,"href":"https:\/\/kulturbloggen.com\/index.php?rest_route=%2Fwp%2Fv2%2Ftags&post=11447"}],"curies":[{"name":"wp","href":"https:\/\/api.w.org\/{rel}","templated":true}]}}