{"id":114241,"date":"2017-12-08T10:07:11","date_gmt":"2017-12-08T09:07:11","guid":{"rendered":"http:\/\/kulturbloggen.com\/?p=114241"},"modified":"2017-12-08T10:07:11","modified_gmt":"2017-12-08T09:07:11","slug":"recension-av-tv-serie-var-tid-ar-nu","status":"publish","type":"post","link":"https:\/\/kulturbloggen.com\/?p=114241","title":{"rendered":"Recension av tv-serie: V\u00e5r tid \u00e4r nu"},"content":{"rendered":"<p><img loading=\"lazy\" decoding=\"async\" src=\"http:\/\/kulturbloggen.com\/wp-content\/uploads\/2017\/12\/vartidarnu-300x117.jpg\" alt=\"\" width=\"300\" height=\"117\" class=\"aligncenter size-medium wp-image-114247\" srcset=\"https:\/\/kulturbloggen.com\/wp-content\/uploads\/2017\/12\/vartidarnu-300x117.jpg 300w, https:\/\/kulturbloggen.com\/wp-content\/uploads\/2017\/12\/vartidarnu-768x300.jpg 768w, https:\/\/kulturbloggen.com\/wp-content\/uploads\/2017\/12\/vartidarnu-1024x400.jpg 1024w, https:\/\/kulturbloggen.com\/wp-content\/uploads\/2017\/12\/vartidarnu.jpg 1280w\" sizes=\"auto, (max-width: 300px) 100vw, 300px\" \/><\/p>\n<p>V\u00e5r tid \u00e4r nu<br \/>\nBetyg 4<br \/>\nHela s\u00e4songen 1 finns p\u00e5 SVT Play<\/p>\n<p>Den svenska tv-serien &#8221;V\u00e5r tid \u00e4r nu&#8221; har en imponerande roll-lista med m\u00e5nga av de intressanta svenska sk\u00e5despelarna, b\u00e5de de mer etablerade som Suzanne Reuter och Peter Dalle men ocks\u00e5 m\u00e5nga av de yngre som definitivt har presenterat sig f\u00f6r de breda folklagren nu. Att ha m\u00e5nga duktiga sk\u00e5despelare hj\u00e4lper inte alltid men i &#8221;V\u00e5r tid \u00e4r nu&#8221; \u00e4r sk\u00e5despelarna enast\u00e5ende och dramat engagerar tittarna. Seriens f\u00f6rsta s\u00e4song slog v\u00e4l i princip knockout p\u00e5 den svenska publiken och m\u00e5nga som ser p\u00e5 tv den traditionella v\u00e4gen satt som klistrade framf\u00f6r SVT p\u00e5 m\u00e5ndagskv\u00e4llar.<\/p>\n<p>Serien som \u00e4r en familjekr\u00f6nika om k\u00e4rlek, konflikter och framtidshopp str\u00e4cker sig fr\u00e5n fredsdagen 1945 och m\u00e5nga \u00e5r fram\u00e5t och har allt det som engagerar och ber\u00f6r tittare. <\/p>\n<p>Suzanne Reuter \u00e4r en av v\u00e5ra folk\u00e4ra sk\u00e5despelare med m\u00e5nga roller i bagaget. Hon \u00e4r ju redan folkk\u00e4r men har f\u00f6rankrat detta \u00e4nnu mer i rollen som Helga L\u00f6wander, \u00f6verhuvud f\u00f6r familjen L\u00f6wander som \u00e4ger en fin anrik restaurang, Djurg\u00e5rdsk\u00e4llaren. \u00c4ldste sonen Gustaf driver restaurangen medan yngste sonen studerar juridik och ska bli advokat. Yngsta barnen, dottern Nina, \u00e4r en livfull ung kvinna men bortsk\u00e4md. Av en slump f\u00e5r hon ett k\u00e4rleksf\u00f6rh\u00e5llande med Calle, som \u00e4r k\u00f6kspojke p\u00e5 familjens restaurang. <\/p>\n<p>M\u00e4nniskorna \u00e4r m\u00e5ngsidigt skildrade, ingen \u00e4r perfekt och ingen \u00e4r enbart ond, de \u00e4r m\u00e4nskliga och det \u00e4r ett av sk\u00e4len till att serien f\u00e4ngslar tittarna s\u00e5. Seriens styrka ligger inte bara p\u00e5 det m\u00e4nskliga och om relationer utan ocks\u00e5 att det \u00e4r en skildring av tiden, av kvinnors situation, om facklig kamp, om hur livet var i Sverige och i Stockholm efter andra v\u00e4rldskriget.<\/p>\n<p>En s\u00e4song tv\u00e5 \u00e4r inspelad och en s\u00e4song tre \u00e4r p\u00e5 v\u00e4g att spelas in.<\/p>\n<p>Seriens regiss\u00f6r Harald Hamrell \u00e4r en av de mest intressanta svenska regiss\u00f6rerna nu och har bland mycket annat regisserat serien &#8221;\u00c4kta m\u00e4nniskor&#8221;, som ocks\u00e5 den var en stor succ\u00e9.<\/p>\n<p>Han \u00e4r en intressant person som b\u00f6rjade sin filmkarri\u00e4r som sk\u00e5despelare 1974 i Vilgot Sj\u00f6mans En handfull k\u00e4rlek (han var d\u00e5 14 \u00e5r). Han blev tidigt k\u00e4nd f\u00f6r sin huvudroll i barnprogrammet Pojken med guldbyxorna, som spelades in n\u00e4r han var 15 \u00e5r.  D\u00e5 han var 16 \u00e5r gammal arbetade han som regiassistent \u00e5t Bo Widerberg, vilket han har beskrivit som &#8221;en v\u00e4g in&#8221;. <\/p>\n<p>Han regidebuterade med 1978 \u00e5rs kortfilm L\u00e4cka vid reaktor 4. Han har d\u00e4refter regisserat flertalet filmer och TV-serier, d\u00e4ribland Storstad (1990), Snoken (1993\u20131995), Om Stig Petr\u00e9s hemlighet (2004), Arne Dahl: Misterioso (2011) och \u00c4kta m\u00e4nniskor (2012\u20132013). Han har \u00e4ven regisserat elva filmer om Martin Beck mellan 1998 och 2009.<\/p>\n<p>I rollerna: Suzanne Reuter, Peter Dalle, Adam Lundgren, Hedda Stiernstedt, Mattias Nordkvist, Charlie Gustafsson, Josefin Neld\u00e9n, Hedda Rehnberg m fl. Manus: Ulf Kvensler. Regi: Harald Hamrell.<\/p>\n<p><iframe loading=\"lazy\" width=\"560\" height=\"315\" src=\"https:\/\/www.youtube.com\/embed\/z_4bGwy8Uy0\" frameborder=\"0\" gesture=\"media\" allow=\"encrypted-media\" allowfullscreen><\/iframe><\/p>\n","protected":false},"excerpt":{"rendered":"<p>V\u00e5r tid \u00e4r nu Betyg 4 Hela s\u00e4songen 1 finns p\u00e5 SVT Play Den svenska tv-serien &#8221;V\u00e5r tid \u00e4r nu&#8221; har en imponerande roll-lista med m\u00e5nga av de intressanta svenska sk\u00e5despelarna, b\u00e5de de mer etablerade som Suzanne Reuter och Peter Dalle men ocks\u00e5 m\u00e5nga av de yngre som definitivt har presenterat sig f\u00f6r de breda [&hellip;]<\/p>\n","protected":false},"author":2,"featured_media":0,"comment_status":"open","ping_status":"open","sticky":false,"template":"","format":"standard","meta":{"_genesis_hide_title":false,"_genesis_hide_breadcrumbs":false,"_genesis_hide_singular_image":false,"_genesis_hide_footer_widgets":false,"_genesis_custom_body_class":"","_genesis_custom_post_class":"","_genesis_layout":"","footnotes":""},"categories":[16,13227],"tags":[12285,6021],"class_list":{"0":"post-114241","1":"post","2":"type-post","3":"status-publish","4":"format-standard","6":"category-recension","7":"category-tv-serier","8":"tag-recension","9":"tag-tv-serier","10":"entry"},"_links":{"self":[{"href":"https:\/\/kulturbloggen.com\/index.php?rest_route=\/wp\/v2\/posts\/114241","targetHints":{"allow":["GET"]}}],"collection":[{"href":"https:\/\/kulturbloggen.com\/index.php?rest_route=\/wp\/v2\/posts"}],"about":[{"href":"https:\/\/kulturbloggen.com\/index.php?rest_route=\/wp\/v2\/types\/post"}],"author":[{"embeddable":true,"href":"https:\/\/kulturbloggen.com\/index.php?rest_route=\/wp\/v2\/users\/2"}],"replies":[{"embeddable":true,"href":"https:\/\/kulturbloggen.com\/index.php?rest_route=%2Fwp%2Fv2%2Fcomments&post=114241"}],"version-history":[{"count":4,"href":"https:\/\/kulturbloggen.com\/index.php?rest_route=\/wp\/v2\/posts\/114241\/revisions"}],"predecessor-version":[{"id":114248,"href":"https:\/\/kulturbloggen.com\/index.php?rest_route=\/wp\/v2\/posts\/114241\/revisions\/114248"}],"wp:attachment":[{"href":"https:\/\/kulturbloggen.com\/index.php?rest_route=%2Fwp%2Fv2%2Fmedia&parent=114241"}],"wp:term":[{"taxonomy":"category","embeddable":true,"href":"https:\/\/kulturbloggen.com\/index.php?rest_route=%2Fwp%2Fv2%2Fcategories&post=114241"},{"taxonomy":"post_tag","embeddable":true,"href":"https:\/\/kulturbloggen.com\/index.php?rest_route=%2Fwp%2Fv2%2Ftags&post=114241"}],"curies":[{"name":"wp","href":"https:\/\/api.w.org\/{rel}","templated":true}]}}