{"id":114209,"date":"2017-12-06T17:26:03","date_gmt":"2017-12-06T16:26:03","guid":{"rendered":"http:\/\/kulturbloggen.com\/?p=114209"},"modified":"2017-12-06T17:26:03","modified_gmt":"2017-12-06T16:26:03","slug":"lyssna-anna-von-hausswolff-the-mysterious-vanishing-of-electra","status":"publish","type":"post","link":"https:\/\/kulturbloggen.com\/?p=114209","title":{"rendered":"Lyssna: Anna von Hausswolff &#8211; The Mysterious Vanishing of Electra"},"content":{"rendered":"<p><img loading=\"lazy\" decoding=\"async\" src=\"http:\/\/kulturbloggen.com\/wp-content\/uploads\/2017\/12\/annavonhausswolffdec2017.jpg\" alt=\"\" width=\"600\" height=\"415\" class=\"aligncenter size-full wp-image-114210\" srcset=\"https:\/\/kulturbloggen.com\/wp-content\/uploads\/2017\/12\/annavonhausswolffdec2017.jpg 600w, https:\/\/kulturbloggen.com\/wp-content\/uploads\/2017\/12\/annavonhausswolffdec2017-300x208.jpg 300w\" sizes=\"auto, (max-width: 600px) 100vw, 600px\" \/><\/p>\n<p>Anna von Hausswolff sl\u00e4pper sitt fj\u00e4rde studioalbum, &#8221;Dead Magic2 den 2 mrs 2018 och har sl\u00e4ppt en f\u00f6rsta l\u00e5t fr\u00e5n albumet, den trollbindande \u201cThe Mysterious Vanishing of Electra\u201d.<\/p>\n<p><iframe loading=\"lazy\" src=\"https:\/\/open.spotify.com\/embed\/track\/7tanoxsJ73rHHll3bMvEny\" width=\"300\" height=\"380\" frameborder=\"0\" allowtransparency=\"true\"><\/iframe><\/p>\n","protected":false},"excerpt":{"rendered":"<p>Anna von Hausswolff sl\u00e4pper sitt fj\u00e4rde studioalbum, &#8221;Dead Magic2 den 2 mrs 2018 och har sl\u00e4ppt en f\u00f6rsta l\u00e5t fr\u00e5n albumet, den trollbindande \u201cThe Mysterious Vanishing of Electra\u201d.<\/p>\n","protected":false},"author":13,"featured_media":0,"comment_status":"open","ping_status":"open","sticky":false,"template":"","format":"standard","meta":{"_genesis_hide_title":false,"_genesis_hide_breadcrumbs":false,"_genesis_hide_singular_image":false,"_genesis_hide_footer_widgets":false,"_genesis_custom_body_class":"","_genesis_custom_post_class":"","_genesis_layout":"","footnotes":""},"categories":[7],"tags":[316],"class_list":{"0":"post-114209","1":"post","2":"type-post","3":"status-publish","4":"format-standard","6":"category-musik","7":"tag-anna-von-hausswolff","8":"entry"},"_links":{"self":[{"href":"https:\/\/kulturbloggen.com\/index.php?rest_route=\/wp\/v2\/posts\/114209","targetHints":{"allow":["GET"]}}],"collection":[{"href":"https:\/\/kulturbloggen.com\/index.php?rest_route=\/wp\/v2\/posts"}],"about":[{"href":"https:\/\/kulturbloggen.com\/index.php?rest_route=\/wp\/v2\/types\/post"}],"author":[{"embeddable":true,"href":"https:\/\/kulturbloggen.com\/index.php?rest_route=\/wp\/v2\/users\/13"}],"replies":[{"embeddable":true,"href":"https:\/\/kulturbloggen.com\/index.php?rest_route=%2Fwp%2Fv2%2Fcomments&post=114209"}],"version-history":[{"count":1,"href":"https:\/\/kulturbloggen.com\/index.php?rest_route=\/wp\/v2\/posts\/114209\/revisions"}],"predecessor-version":[{"id":114211,"href":"https:\/\/kulturbloggen.com\/index.php?rest_route=\/wp\/v2\/posts\/114209\/revisions\/114211"}],"wp:attachment":[{"href":"https:\/\/kulturbloggen.com\/index.php?rest_route=%2Fwp%2Fv2%2Fmedia&parent=114209"}],"wp:term":[{"taxonomy":"category","embeddable":true,"href":"https:\/\/kulturbloggen.com\/index.php?rest_route=%2Fwp%2Fv2%2Fcategories&post=114209"},{"taxonomy":"post_tag","embeddable":true,"href":"https:\/\/kulturbloggen.com\/index.php?rest_route=%2Fwp%2Fv2%2Ftags&post=114209"}],"curies":[{"name":"wp","href":"https:\/\/api.w.org\/{rel}","templated":true}]}}