{"id":113867,"date":"2017-11-24T09:23:50","date_gmt":"2017-11-24T08:23:50","guid":{"rendered":"http:\/\/kulturbloggen.com\/?p=113867"},"modified":"2017-11-24T09:23:50","modified_gmt":"2017-11-24T08:23:50","slug":"lyssna-kajsa-grytt-mina-girls-metoo","status":"publish","type":"post","link":"https:\/\/kulturbloggen.com\/?p=113867","title":{"rendered":"Lyssna: Kajsa Grytt &#8211; Mina girls #metoo"},"content":{"rendered":"<p><a href=\"http:\/\/kulturbloggen.com\/wp-content\/uploads\/2017\/11\/unnamed-12.jpg\"><img loading=\"lazy\" decoding=\"async\" src=\"http:\/\/kulturbloggen.com\/wp-content\/uploads\/2017\/11\/unnamed-12-300x211.jpg\" alt=\"\" width=\"300\" height=\"211\" class=\"aligncenter size-medium wp-image-113868\" srcset=\"https:\/\/kulturbloggen.com\/wp-content\/uploads\/2017\/11\/unnamed-12-300x211.jpg 300w, https:\/\/kulturbloggen.com\/wp-content\/uploads\/2017\/11\/unnamed-12-768x540.jpg 768w, https:\/\/kulturbloggen.com\/wp-content\/uploads\/2017\/11\/unnamed-12.jpg 1000w\" sizes=\"auto, (max-width: 300px) 100vw, 300px\" \/><\/a><\/p>\n<p>Kajsa Grytt sl\u00e4ppte feministiska kamps\u00e5ngen &#8221;Mina girls&#8221; 24 november 2017.<br \/>\nEtt pressmeddelande ber\u00e4ttar:<br \/>\nFram till i m\u00e5ndags denna vecka, var det t\u00e4nkt att en annan l\u00e5t fr\u00e5n kommande albumet skulle sl\u00e4ppas p\u00e5 fredag. Men efter att livsviktiga #metoo och #n\u00e4rmusikentystnar kampanjerna blossat upp p\u00e5 allvar drog Kajsa i bromsen \u2013 om hon ska sl\u00e4ppa en l\u00e5t just nu s\u00e5 \u00e4r det Mina girls. Som ett soundtrack till att kvinnor i musikbranschen nu pratar med en gemensam stark r\u00f6st, om hur skammen ska placeras d\u00e4r den h\u00f6r hemma.<\/p>\n<p>Hypnotiserande kraut-eposet Mina girls \u00e4r fr\u00e5n b\u00f6rjan skrivet p\u00e5 en strand i Mexiko, utifr\u00e5n en saknad och en konkret bild om hur Kajsa och hennes crew \u00e4ger Stockholms gator. Eller \u201dhonkar gatan\u201d som Kajsa sj\u00e4lv skulle uttryckt det. En text som egentligen \u00e4r privat och just d\u00e4rf\u00f6r g\u00f6r den allm\u00e4ngiltig. En l\u00e5t som inte refererar till \u00f6vergrepp, utan \u00e4lskar och h\u00f6jer kvinnor.<\/p>\n<p>Albumet \u201dKniven i hj\u00e4rtat\u201d sl\u00e4pps den 13 april 2018 p\u00e5 Kajsas egna bolag.<br \/>\nTillsammans med Martin Ehrencrona har Kajsa Grytt skapat ett stort, lyriskt och romantiskt album med helt egen karakt\u00e4r. Ett album med ber\u00e4ttelser och scener d\u00e4r dr\u00f6mmar och f\u00f6rv\u00e4ntningar m\u00f6ter livets verklighet. Ett gediget konstverk och en spegling av tidens obeveklighet och en kvinna i st\u00e4ndig utveckling. <\/p>\n<p>\u201dR\u00f6sten skulle komma n\u00e4rmre, historierna skulle vara i fokus, det skulle bli elegant och rent. Musiken skulle f\u00f6rst\u00e4rka bilden och historien. S\u00e5ngen skulle vara som en karakt\u00e4r i en filmscen och musiken skulle bli milj\u00f6n och scenografin\u201d ber\u00e4ttar Kajsa om albumet.<\/p>\n<p><iframe loading=\"lazy\" src=\"https:\/\/open.spotify.com\/embed\/album\/55JDN8X8J3PlBqeTCz9HFc\" width=\"300\" height=\"380\" frameborder=\"0\" allowtransparency=\"true\"><\/iframe><\/p>\n","protected":false},"excerpt":{"rendered":"<p>Kajsa Grytt sl\u00e4ppte feministiska kamps\u00e5ngen &#8221;Mina girls&#8221; 24 november 2017. Ett pressmeddelande ber\u00e4ttar: Fram till i m\u00e5ndags denna vecka, var det t\u00e4nkt att en annan l\u00e5t fr\u00e5n kommande albumet skulle sl\u00e4ppas p\u00e5 fredag. Men efter att livsviktiga #metoo och #n\u00e4rmusikentystnar kampanjerna blossat upp p\u00e5 allvar drog Kajsa i bromsen \u2013 om hon ska sl\u00e4ppa en [&hellip;]<\/p>\n","protected":false},"author":13,"featured_media":0,"comment_status":"open","ping_status":"open","sticky":false,"template":"","format":"standard","meta":{"_genesis_hide_title":false,"_genesis_hide_breadcrumbs":false,"_genesis_hide_singular_image":false,"_genesis_hide_footer_widgets":false,"_genesis_custom_body_class":"","_genesis_custom_post_class":"","_genesis_layout":"","footnotes":""},"categories":[62,7],"tags":[],"class_list":{"0":"post-113867","1":"post","2":"type-post","3":"status-publish","4":"format-standard","6":"category-medie-och-kulturpolitik","7":"category-musik","8":"entry"},"_links":{"self":[{"href":"https:\/\/kulturbloggen.com\/index.php?rest_route=\/wp\/v2\/posts\/113867","targetHints":{"allow":["GET"]}}],"collection":[{"href":"https:\/\/kulturbloggen.com\/index.php?rest_route=\/wp\/v2\/posts"}],"about":[{"href":"https:\/\/kulturbloggen.com\/index.php?rest_route=\/wp\/v2\/types\/post"}],"author":[{"embeddable":true,"href":"https:\/\/kulturbloggen.com\/index.php?rest_route=\/wp\/v2\/users\/13"}],"replies":[{"embeddable":true,"href":"https:\/\/kulturbloggen.com\/index.php?rest_route=%2Fwp%2Fv2%2Fcomments&post=113867"}],"version-history":[{"count":3,"href":"https:\/\/kulturbloggen.com\/index.php?rest_route=\/wp\/v2\/posts\/113867\/revisions"}],"predecessor-version":[{"id":113871,"href":"https:\/\/kulturbloggen.com\/index.php?rest_route=\/wp\/v2\/posts\/113867\/revisions\/113871"}],"wp:attachment":[{"href":"https:\/\/kulturbloggen.com\/index.php?rest_route=%2Fwp%2Fv2%2Fmedia&parent=113867"}],"wp:term":[{"taxonomy":"category","embeddable":true,"href":"https:\/\/kulturbloggen.com\/index.php?rest_route=%2Fwp%2Fv2%2Fcategories&post=113867"},{"taxonomy":"post_tag","embeddable":true,"href":"https:\/\/kulturbloggen.com\/index.php?rest_route=%2Fwp%2Fv2%2Ftags&post=113867"}],"curies":[{"name":"wp","href":"https:\/\/api.w.org\/{rel}","templated":true}]}}