{"id":11379,"date":"2009-07-23T18:48:26","date_gmt":"2009-07-23T16:48:26","guid":{"rendered":"http:\/\/kulturbloggen.com\/?p=11379"},"modified":"2009-07-23T18:48:26","modified_gmt":"2009-07-23T16:48:26","slug":"varfor-jag-slutade-aka-till-hultsfred","status":"publish","type":"post","link":"https:\/\/kulturbloggen.com\/?p=11379","title":{"rendered":"Varf\u00f6r jag slutade \u00e5ka till Hultsfred"},"content":{"rendered":"<p><img loading=\"lazy\" decoding=\"async\" src=\"http:\/\/sodergren.com\/kulturbloggen\/wp-content\/uploads\/2009\/07\/foo__fighters-208x300.jpg\" alt=\"foo__fighters\" title=\"foo__fighters\" width=\"208\" height=\"300\" class=\"aligncenter size-medium wp-image-11381\" \/><\/p>\n<p>F\u00f6reningen som driver musikfestivalen i Hultsfred har varslat sina anst\u00e4llda. <a href=\"http:\/\/www.aftonbladet.se\/nojesbladet\/article5543964.ab\">Det talas om att det \u00e4r katastrof f\u00f6r bygden, orten, om festivalen l\u00e4ggs ned<\/a>.<\/p>\n<p>Jag \u00e4r inte helt s\u00e4ker p\u00e5 det.<br \/>\nEn vecka efter Hultsfredsfestivalen arrangerades endags-festivalen Sonisphere, som gick i h\u00e5rdrockens tecken med Metallica som det stora dragnamnet. Det g\u00e5r alltid att g\u00f6ra andra liknande festivaler och arrangemang.<\/p>\n<p>Men fr\u00e5gan \u00e4r om folket p\u00e5 orten vill det? Jag \u00e4r lite skeptisk till det. Visserligen har det inte varit lika illa med viljan att f\u00e5 inkomst genom service till festivalg\u00e4ster som i Emmaboda d\u00e4r butiks\u00e4garna n\u00e4stan i stort sett st\u00e4nger under Emmabodafestivalen.<\/p>\n<p>I medier skrivs nu dels att \u00e4ven om n\u00e5gon annan festival dras ig\u00e5ng blir det aldrig detsamma. Hultsfredsfestivalen var l\u00e4nge den enda och den st\u00f6rsta. <\/p>\n<p>Det skrivs ocks\u00e5 om maktspelet, konkurrens med den nya rockfestivalen i Stockholm, Where the action is, och att den \u00e4r den st\u00f6rsta anledningen till att Hultsfredsfestivalen nu g\u00e5tt med s\u00e5 mycket minus i tv\u00e5 \u00e5r att den troligen l\u00e4ggs ned. <a href=\"http:\/\/www.aftonbladet.se\/nojesbladet\/article5549154.ab\">Enligt Aftonbladet:<\/a><\/p>\n<blockquote><p>Svaret fr\u00e5n Live Nation-l\u00e4gret l\u00e4t inte v\u00e4nta p\u00e5 sig. De bokade Foo Fighters \u2013 Hultsfredfestivalens dr\u00f6mband 2008 \u2013 och byggde i Stockholm en hel festival kring dem, med namnet Were the Action Is. P\u00e5 samma datum som Hultsfred skulle g\u00e5 av stapeln.<br \/>\nHultsfredschefen Per Alexandersson kunde inte d\u00f6lja sin besvikelse:<\/p>\n<p>\u2013 Det har alltid funnits en tyst uppg\u00f6relse mellan svenska konsertarrang\u00f6rer att man inte l\u00e4gger festivaler samtidigt som n\u00e5gon annan. Nu bryter Ema Telstar och Luger mot den. <\/p><\/blockquote>\n<p>S\u00e5 bokningen av Foo Fighters f\u00e5r skulden av AB. Njae.<\/p>\n<p>I och f\u00f6r sig: det \u00e4r ju fult att startaa en festival p\u00e5 samma datum. Det \u00e4r v\u00e5gat och dj\u00e4rvt ocks\u00e5. Skulle bekv\u00e4mligheten f\u00e5 stockholmarna att stanna hemma och g\u00e5 p\u00e5 rockfestival p\u00e5 Djurg\u00e5rden ist\u00e4llet f\u00f6r att sova i leriga t\u00e4lt?<\/p>\n<p>Jag har bes\u00f6kt Hultsfredsfestivalen ett par \u00e5r och en sak har jag verkligen uppskattat: den otroliga m\u00e4ngd scenen och artister som bokats. Och Rookiescenen har alltid varit en pigg del d\u00e4r nya artister f\u00e5tt chansen. D\u00e4r s\u00e5g jag bland annat Maia Hirasawa f\u00f6sta g\u00e5ngen.<\/p>\n<p>Men: p\u00e5 tv\u00e5 s\u00e4tt tycker jag att Hultsfred missat.<br \/>\nDet f\u00f6rsta \u00e4r att arrang\u00f6ren av Hultsfred bokat enda hotellet p\u00e5 orten och det varit om\u00f6jligt f\u00f6r oss som vuxit ur t\u00e4lt\u00e5ldern att f\u00e5 vettigt boende till vettigt pris d\u00e4rmomkring. Ett \u00e5r hyrde vi in oss i ett hus, men det var dyrt, alldeles f\u00f6r dyrt f\u00f6r en vanlig familj.<\/p>\n<p>Arrang\u00f6ren har nog inte f\u00f6rst\u00e5tt att underlaget f\u00f6r en festivalspublik inte l\u00e4ngre ser ut som p\u00e5 1960-talet. Det \u00e4r inte bara ungdomar som \u00e5ker p\u00e5 festival. Det \u00e4r 40-\u00e5ringar och 50-\u00e5ringar ocks\u00e5, som tar med sina ton\u00e5rsbarn eller vuxna barn och drar iv\u00e4g. Massor av 40-\u00e5ringar och upp\u00e5t vill se sina favoritartister igen n\u00e5gon g\u00e5ng i livet. Det har Where the action is i Stockholm f\u00f6rst\u00e5tt och anpassat sig till.<\/p>\n<p>Ska en ny festival s\u00e4ttas samman i Hultsfred b\u00f6r den antingen vara specialutformad f\u00f6r s\u00e4rskilt grupp som h\u00e5rdrockare &#8211; eller s\u00e5 m\u00e5ste orten se till att arrang\u00f6ren inte l\u00e4gger beslag p\u00e5 allt boende f\u00f6rutom t\u00e4lten.<\/p>\n<p>Varf\u00f6r jag slutade \u00e5ka till Hultsfred: jag har vuxit fr\u00e5n t\u00e4lt\u00e5ldern och vill bo vettigt. Och jag vet att det \u00e4r m\u00e5nga som t\u00e4nker likadant. S\u00e5 jag \u00f6nskar att Hultsfred kunde arrangera festivaler igen &#8211; men den h\u00e4r g\u00e5ngen se till att det finns hotell och vandrarhem och att det \u00f6verlag anpassas till att ocks\u00e5 vi som \u00e4r \u00f6ver 30 vill komma.<\/p>\n<p>H\u00e4r \u00e4r Foo Fighters spelning i Stockholm sommaren 2008, som satte ig\u00e5ng fallet f\u00f6r Hultsfred:<\/p>\n<p><object width=\"425\" height=\"344\"><param name=\"movie\" value=\"http:\/\/www.youtube.com\/v\/lBIRGrl--2c&#038;hl=sv&#038;fs=1&#038;\"><\/param><param name=\"allowFullScreen\" value=\"true\"><\/param><param name=\"allowscriptaccess\" value=\"always\"><\/param><embed src=\"http:\/\/www.youtube.com\/v\/lBIRGrl--2c&#038;hl=sv&#038;fs=1&#038;\" type=\"application\/x-shockwave-flash\" allowscriptaccess=\"always\" allowfullscreen=\"true\" width=\"425\" height=\"344\"><\/embed><\/object><\/p>\n<p>Relaterat:<br \/>\n<a href=\"http:\/\/www.aftonbladet.se\/nojesbladet\/supersommar2009\/article5543722.abhttp:\/\/www.aftonbladet.se\/nojesbladet\/supersommar2009\/article5543722.ab\">\u2013 Sv\u00e5rt att ha sympati med en missk\u00f6tt festival<\/a><br \/>\n<a href=\"http:\/\/www.dn.se\/kultur-noje\/musik\/hultsfreds-festivalchef-avgar-1.916108\">Dagens Nyheter<\/a><\/p>\n<p>L\u00e4s \u00e4ven andra bloggares \u00e5sikter om <a href=\"http:\/\/bloggar.se\/om\/musik\" rel=\"tag\">musik<\/a>, <a href=\"http:\/\/bloggar.se\/om\/festivaler\" rel=\"tag\">festivaler<\/a>, <a href=\"http:\/\/bloggar.se\/om\/Hultsfred\" rel=\"tag\">Hultsfred<\/a>, <a href=\"http:\/\/bloggar.se\/om\/WTAI\" rel=\"tag\">WTAI<\/a>, <a href=\"http:\/\/bloggar.se\/om\/Foo+Fighters\" rel=\"tag\">Foo Fighters<\/a><\/p>\n","protected":false},"excerpt":{"rendered":"<p>F\u00f6reningen som driver musikfestivalen i Hultsfred har varslat sina anst\u00e4llda. Det talas om att det \u00e4r katastrof f\u00f6r bygden, orten, om festivalen l\u00e4ggs ned. Jag \u00e4r inte helt s\u00e4ker p\u00e5 det. En vecka efter Hultsfredsfestivalen arrangerades endags-festivalen Sonisphere, som gick i h\u00e5rdrockens tecken med Metallica som det stora dragnamnet. Det g\u00e5r alltid att g\u00f6ra andra [&hellip;]<\/p>\n","protected":false},"author":2,"featured_media":0,"comment_status":"open","ping_status":"open","sticky":false,"template":"","format":"standard","meta":{"_genesis_hide_title":false,"_genesis_hide_breadcrumbs":false,"_genesis_hide_singular_image":false,"_genesis_hide_footer_widgets":false,"_genesis_custom_body_class":"","_genesis_custom_post_class":"","_genesis_layout":"","footnotes":""},"categories":[20],"tags":[1695,12282],"class_list":{"0":"post-11379","1":"post","2":"type-post","3":"status-publish","4":"format-standard","6":"category-film","7":"tag-festivaler","8":"tag-musik","9":"entry"},"_links":{"self":[{"href":"https:\/\/kulturbloggen.com\/index.php?rest_route=\/wp\/v2\/posts\/11379","targetHints":{"allow":["GET"]}}],"collection":[{"href":"https:\/\/kulturbloggen.com\/index.php?rest_route=\/wp\/v2\/posts"}],"about":[{"href":"https:\/\/kulturbloggen.com\/index.php?rest_route=\/wp\/v2\/types\/post"}],"author":[{"embeddable":true,"href":"https:\/\/kulturbloggen.com\/index.php?rest_route=\/wp\/v2\/users\/2"}],"replies":[{"embeddable":true,"href":"https:\/\/kulturbloggen.com\/index.php?rest_route=%2Fwp%2Fv2%2Fcomments&post=11379"}],"version-history":[{"count":0,"href":"https:\/\/kulturbloggen.com\/index.php?rest_route=\/wp\/v2\/posts\/11379\/revisions"}],"wp:attachment":[{"href":"https:\/\/kulturbloggen.com\/index.php?rest_route=%2Fwp%2Fv2%2Fmedia&parent=11379"}],"wp:term":[{"taxonomy":"category","embeddable":true,"href":"https:\/\/kulturbloggen.com\/index.php?rest_route=%2Fwp%2Fv2%2Fcategories&post=11379"},{"taxonomy":"post_tag","embeddable":true,"href":"https:\/\/kulturbloggen.com\/index.php?rest_route=%2Fwp%2Fv2%2Ftags&post=11379"}],"curies":[{"name":"wp","href":"https:\/\/api.w.org\/{rel}","templated":true}]}}