{"id":113721,"date":"2017-11-19T08:59:11","date_gmt":"2017-11-19T07:59:11","guid":{"rendered":"http:\/\/kulturbloggen.com\/?p=113721"},"modified":"2017-11-19T08:59:11","modified_gmt":"2017-11-19T07:59:11","slug":"stjarnpianisten-ludovico-einaudi-till-sverige","status":"publish","type":"post","link":"https:\/\/kulturbloggen.com\/?p=113721","title":{"rendered":"Stj\u00e4rnpianisten Ludovico Einaudi till Sverige"},"content":{"rendered":"<p><a href=\"http:\/\/kulturbloggen.com\/wp-content\/uploads\/2017\/11\/ludovico.jpg\"><img loading=\"lazy\" decoding=\"async\" src=\"http:\/\/kulturbloggen.com\/wp-content\/uploads\/2017\/11\/ludovico-300x158.jpg\" alt=\"\" width=\"300\" height=\"158\" class=\"aligncenter size-medium wp-image-113722\" srcset=\"https:\/\/kulturbloggen.com\/wp-content\/uploads\/2017\/11\/ludovico-300x158.jpg 300w, https:\/\/kulturbloggen.com\/wp-content\/uploads\/2017\/11\/ludovico.jpg 579w\" sizes=\"auto, (max-width: 300px) 100vw, 300px\" \/><\/a><\/p>\n<p>Stj\u00e4rnpianisten Ludovico Einaudi \u00e5terv\u00e4nder till Sverige. Ett pressmeddelande ber\u00e4ttar:<br \/>\nSenast han var i Sverige f\u00f6r 1,5 \u00e5r sedan blev det rusning n\u00e4r biljetterna sl\u00e4pptes och den sluts\u00e5lda konserten p\u00e5 Cirkus i Stockholm var n\u00e5got ut\u00f6ver det vanliga och helt fantastisk. Italienska stj\u00e4rnpianisten och komposit\u00f6ren Ludovico Einaudi hyllas var han \u00e4n kommer, och \u00e4r med sin minimalistiska och otroligt f\u00e4ngslande musik n\u00e5got alldeles extra.<\/p>\n<p><strong>Den 4 april 2018 \u00e5terv\u00e4nder m\u00e4staren \u00e4ntligen till Sverige f\u00f6r en konsert p\u00e5 Annexet i Stockholm.<\/strong><\/p>\n<p>Med den ena foten i den klassiska musikens v\u00e4rld och den andra i popul\u00e4rkulturens v\u00e4rld &#8211; via sin prisbel\u00f6nta film- och TV-musik och sin till synes okomplicerade och minimalistiska pianomusik &#8211; har han de senaste decennierna byggt upp en bred och h\u00e4ngiven publik fr\u00e5n alla musikaliska l\u00e4ger.<\/p>\n<p>Han \u00e4r en av de mest frekvent \u00e5terkommande och spelade artisterna i Spotifys olika l\u00e5tlistor med st\u00e4mningsfull musik och \u00e5terfinns i listor med namn s\u00e5som \u201dPeaceful Piano\u201d, \u201dMusic for Concentration\u201d och \u201dCinematic Chill-Out\u201d. Listornas namn s\u00e4ger en del om hur musiken l\u00e5ter och vad den ger lyssnaren, men att uppleva Ludovico live \u00e4r \u00e4n mer st\u00e4mningsfullt, upplyftande och fantastiskt. N\u00e5got ut\u00f6ver det vanliga.<\/p>\n","protected":false},"excerpt":{"rendered":"<p>Stj\u00e4rnpianisten Ludovico Einaudi \u00e5terv\u00e4nder till Sverige. Ett pressmeddelande ber\u00e4ttar: Senast han var i Sverige f\u00f6r 1,5 \u00e5r sedan blev det rusning n\u00e4r biljetterna sl\u00e4pptes och den sluts\u00e5lda konserten p\u00e5 Cirkus i Stockholm var n\u00e5got ut\u00f6ver det vanliga och helt fantastisk. Italienska stj\u00e4rnpianisten och komposit\u00f6ren Ludovico Einaudi hyllas var han \u00e4n kommer, och \u00e4r med sin [&hellip;]<\/p>\n","protected":false},"author":13,"featured_media":0,"comment_status":"open","ping_status":"open","sticky":false,"template":"","format":"standard","meta":{"_genesis_hide_title":false,"_genesis_hide_breadcrumbs":false,"_genesis_hide_singular_image":false,"_genesis_hide_footer_widgets":false,"_genesis_custom_body_class":"","_genesis_custom_post_class":"","_genesis_layout":"","footnotes":""},"categories":[7],"tags":[13560],"class_list":{"0":"post-113721","1":"post","2":"type-post","3":"status-publish","4":"format-standard","6":"category-musik","7":"tag-stjarnpianisten-ludovico-einaudi-till-sverige","8":"entry"},"_links":{"self":[{"href":"https:\/\/kulturbloggen.com\/index.php?rest_route=\/wp\/v2\/posts\/113721","targetHints":{"allow":["GET"]}}],"collection":[{"href":"https:\/\/kulturbloggen.com\/index.php?rest_route=\/wp\/v2\/posts"}],"about":[{"href":"https:\/\/kulturbloggen.com\/index.php?rest_route=\/wp\/v2\/types\/post"}],"author":[{"embeddable":true,"href":"https:\/\/kulturbloggen.com\/index.php?rest_route=\/wp\/v2\/users\/13"}],"replies":[{"embeddable":true,"href":"https:\/\/kulturbloggen.com\/index.php?rest_route=%2Fwp%2Fv2%2Fcomments&post=113721"}],"version-history":[{"count":1,"href":"https:\/\/kulturbloggen.com\/index.php?rest_route=\/wp\/v2\/posts\/113721\/revisions"}],"predecessor-version":[{"id":113723,"href":"https:\/\/kulturbloggen.com\/index.php?rest_route=\/wp\/v2\/posts\/113721\/revisions\/113723"}],"wp:attachment":[{"href":"https:\/\/kulturbloggen.com\/index.php?rest_route=%2Fwp%2Fv2%2Fmedia&parent=113721"}],"wp:term":[{"taxonomy":"category","embeddable":true,"href":"https:\/\/kulturbloggen.com\/index.php?rest_route=%2Fwp%2Fv2%2Fcategories&post=113721"},{"taxonomy":"post_tag","embeddable":true,"href":"https:\/\/kulturbloggen.com\/index.php?rest_route=%2Fwp%2Fv2%2Ftags&post=113721"}],"curies":[{"name":"wp","href":"https:\/\/api.w.org\/{rel}","templated":true}]}}