{"id":113628,"date":"2017-11-17T13:11:37","date_gmt":"2017-11-17T12:11:37","guid":{"rendered":"http:\/\/kulturbloggen.com\/?p=113628"},"modified":"2017-11-17T13:11:37","modified_gmt":"2017-11-17T12:11:37","slug":"lyssna-love-antell-gatlopp-och-lammeltag","status":"publish","type":"post","link":"https:\/\/kulturbloggen.com\/?p=113628","title":{"rendered":"Lyssna: Love Antell &#8211; Gatlopp och l\u00e4mmelt\u00e5g"},"content":{"rendered":"<p><a href=\"http:\/\/kulturbloggen.com\/wp-content\/uploads\/2017\/11\/gatlopp.jpg\"><img loading=\"lazy\" decoding=\"async\" src=\"http:\/\/kulturbloggen.com\/wp-content\/uploads\/2017\/11\/gatlopp-300x300.jpg\" alt=\"\" width=\"300\" height=\"300\" class=\"aligncenter size-medium wp-image-113629\" srcset=\"https:\/\/kulturbloggen.com\/wp-content\/uploads\/2017\/11\/gatlopp-300x300.jpg 300w, https:\/\/kulturbloggen.com\/wp-content\/uploads\/2017\/11\/gatlopp-150x150.jpg 150w, https:\/\/kulturbloggen.com\/wp-content\/uploads\/2017\/11\/gatlopp.jpg 500w\" sizes=\"auto, (max-width: 300px) 100vw, 300px\" \/><\/a><\/p>\n<p>Nu har Love Antell sl\u00e4ppt l\u00e5gen \u201dGatlopp och l\u00e4mmelt\u00e5g\u201d, P\u00e5 sin Facebooksidan skriver Love Antell om l\u00e5ten:<br \/>\nV\u00e4ldigt glad f\u00f6r den. Jag har spelat in den tillsammans med Niklas Bergl\u00f6f, och Linnea Olsson \u00e4r med p\u00e5 cello och s\u00e5ng.<br \/>\nTexten \u00e4r en tillbakablick, i ton\u00e5ren h\u00e4ngde jag mycket i Tumba. Jag och och min polare Agge tragglade med gitarr och trummor hemma hos honom. Jag minns hur uppdelat omr\u00e5det var mellan villorna\/radhusen emot h\u00f6ghusen. Pizzeria\u00e4garen som fick sin bil uppbr\u00e4nd var n\u00e5t jag snappade upp d\u00e5. Canada Goose-jackorna var villaungarnas uniform, som dom i h\u00f6ghusen snodde i sin tur. Rasismen, klassmark\u00f6rerna och Svensson-mentaliteten var tydliga redan d\u00e5. Idag har allt det d\u00e4r f\u00f6rst\u00e4rkts. Vi skulle ju aldrig bli dom d\u00e4r f\u00f6lja John-typerna, med liv som en rak gata. Vi skulle aldrig n\u00e5nsin bli dom som r\u00f6stade fram fr\u00e4mlingsfientliga partier i rikstagen. Jag hoppas och tror att unga idag \u00e4r s\u00e5 m\u00e5nga fler som vill se ett gener\u00f6sare samh\u00e4lle. \/Love<\/p>\n<p><iframe loading=\"lazy\" src=\"https:\/\/open.spotify.com\/embed\/track\/2d26LWRv3bCwtV5AdPNB7F\" width=\"300\" height=\"380\" frameborder=\"0\" allowtransparency=\"true\"><\/iframe><\/p>\n","protected":false},"excerpt":{"rendered":"<p>Nu har Love Antell sl\u00e4ppt l\u00e5gen \u201dGatlopp och l\u00e4mmelt\u00e5g\u201d, P\u00e5 sin Facebooksidan skriver Love Antell om l\u00e5ten: V\u00e4ldigt glad f\u00f6r den. Jag har spelat in den tillsammans med Niklas Bergl\u00f6f, och Linnea Olsson \u00e4r med p\u00e5 cello och s\u00e5ng. Texten \u00e4r en tillbakablick, i ton\u00e5ren h\u00e4ngde jag mycket i Tumba. Jag och och min polare [&hellip;]<\/p>\n","protected":false},"author":13,"featured_media":0,"comment_status":"open","ping_status":"open","sticky":false,"template":"","format":"standard","meta":{"_genesis_hide_title":false,"_genesis_hide_breadcrumbs":false,"_genesis_hide_singular_image":false,"_genesis_hide_footer_widgets":false,"_genesis_custom_body_class":"","_genesis_custom_post_class":"","_genesis_layout":"","footnotes":""},"categories":[7],"tags":[3364],"class_list":{"0":"post-113628","1":"post","2":"type-post","3":"status-publish","4":"format-standard","6":"category-musik","7":"tag-love-antell","8":"entry"},"_links":{"self":[{"href":"https:\/\/kulturbloggen.com\/index.php?rest_route=\/wp\/v2\/posts\/113628","targetHints":{"allow":["GET"]}}],"collection":[{"href":"https:\/\/kulturbloggen.com\/index.php?rest_route=\/wp\/v2\/posts"}],"about":[{"href":"https:\/\/kulturbloggen.com\/index.php?rest_route=\/wp\/v2\/types\/post"}],"author":[{"embeddable":true,"href":"https:\/\/kulturbloggen.com\/index.php?rest_route=\/wp\/v2\/users\/13"}],"replies":[{"embeddable":true,"href":"https:\/\/kulturbloggen.com\/index.php?rest_route=%2Fwp%2Fv2%2Fcomments&post=113628"}],"version-history":[{"count":1,"href":"https:\/\/kulturbloggen.com\/index.php?rest_route=\/wp\/v2\/posts\/113628\/revisions"}],"predecessor-version":[{"id":113630,"href":"https:\/\/kulturbloggen.com\/index.php?rest_route=\/wp\/v2\/posts\/113628\/revisions\/113630"}],"wp:attachment":[{"href":"https:\/\/kulturbloggen.com\/index.php?rest_route=%2Fwp%2Fv2%2Fmedia&parent=113628"}],"wp:term":[{"taxonomy":"category","embeddable":true,"href":"https:\/\/kulturbloggen.com\/index.php?rest_route=%2Fwp%2Fv2%2Fcategories&post=113628"},{"taxonomy":"post_tag","embeddable":true,"href":"https:\/\/kulturbloggen.com\/index.php?rest_route=%2Fwp%2Fv2%2Ftags&post=113628"}],"curies":[{"name":"wp","href":"https:\/\/api.w.org\/{rel}","templated":true}]}}