{"id":11359,"date":"2009-07-23T08:18:40","date_gmt":"2009-07-23T06:18:40","guid":{"rendered":"http:\/\/kulturbloggen.com\/?p=11359"},"modified":"2009-07-23T08:18:40","modified_gmt":"2009-07-23T06:18:40","slug":"den-amerikanska-staten-ar-barbarisk","status":"publish","type":"post","link":"https:\/\/kulturbloggen.com\/?p=11359","title":{"rendered":"Den amerikanska staten \u00e4r barbarisk"},"content":{"rendered":"<p><img loading=\"lazy\" decoding=\"async\" src=\"http:\/\/sodergren.com\/kulturbloggen\/wp-content\/uploads\/2009\/07\/dodsstraff-266x300.jpg\" alt=\"dodsstraff\" title=\"dodsstraff\" width=\"266\" height=\"300\" class=\"aligncenter size-medium wp-image-11360\" \/><\/p>\n<p>Hur mycket ett land \u00e4n ligger i framkant tekniskt \u00e4r det \u00e4nd\u00e5 ociviliserat, ov\u00e4rdigt att kallas m\u00e4nskligt om dess stat d\u00f6dar sina medborgare. Oavsett om medborgaren utf\u00f6rt ett grovt vidrigt brott \u00e4r det barbariska stater som l\u00e5ter avr\u00e4tta sina medborgare.<\/p>\n<p>DN tar upp p\u00e5 ledarplats att USA nu har avr\u00e4ttat tusen m\u00e4nniskor ned giftspruta.<br \/>\nDet var uppeh\u00e5ll ett tag med avr\u00e4ttningar med den metoden ett tag, men har nu \u00e5terupptagits. <a href=\"http:\/\/www.dn.se\/opinion\/huvudledare\/doden-som-mal-i-sig-1.916640\">DN-ledaren ber\u00e4ttar om bakgrunden till det:<br \/>\n<\/a><\/p>\n<blockquote><p>F\u00f6r tv\u00e5 och ett halvt \u00e5r sedan gick n\u00e5got fel vid en avr\u00e4ttning i Florida. N\u00e5lar som skulle ha tr\u00e4ffat en \u00e5der och lett giftet rakt ut i blodet hamnade snett. Det tog 34 minuter innan den d\u00f6dsd\u00f6mde avled efter sv\u00e5ra sm\u00e4rtor. H\u00e4ndelsen fick andra f\u00e5ngar som v\u00e4ntade i d\u00f6dscell att \u00f6verklaga med motiveringen att giftinjektionerna stred mot konstitutionens f\u00f6rbud mot grymma straff. I v\u00e4ntan p\u00e5 pr\u00f6vning verkst\u00e4lldes inga straff. Men f\u00f6rra v\u00e5ren f\u00f6rklarade h\u00f6gsta domstolen att n\u00e5gra r\u00e4ttsliga hinder inte f\u00f6rel\u00e5g.<\/p><\/blockquote>\n<p>DN-ledare \u00e4r ofta mycket mycket h\u00f6ger, s\u00e5 det \u00e4r inte ofta jag h\u00e5ller med dess skribenter. Men i det h\u00e4r fallet \u00e4r jag glad att kunna h\u00e5lla med om deras resonemang:<\/p>\n<blockquote><p>Minst lika central \u00e4r fr\u00e5gan om staten ska f\u00e5 ta sig r\u00e4tten att utsl\u00e4cka hans liv. Vad g\u00f6r avr\u00e4ttningen med staten som beordrar den? Vad g\u00f6r den med b\u00f6deln, statens tj\u00e4nare? Vad g\u00f6r den med oss \u00f6vriga medborgare, med v\u00e5r syn p\u00e5 varandra och p\u00e5 gr\u00e4nserna f\u00f6r vad vi f\u00e5r g\u00f6ra mot andra?<\/p>\n<p>\u00c4ven i ett land som Sverige med stabil majoritet av d\u00f6dsstraffsmotst\u00e5ndare skulle man s\u00e4kert kunna konstruera teoretiska fall som var s\u00e5 vidriga att de flesta skulle var beredda att h\u00e4vda att g\u00e4rningsmannan f\u00f6rverkat sin r\u00e4tt att leva. Inte minst d\u00e4rf\u00f6r \u00e4r det viktigt att inte tappa bort det andra perspektivet: Det m\u00e5ste finnas gr\u00e4nser f\u00f6r vad stater till\u00e5ts g\u00f6ra mot enskilda m\u00e4nniskor.<\/p><\/blockquote>\n<p>V\u00e4rlden \u00e4r kall eftersom det fortfarande finns s\u00e5 m\u00e5nga stater som tar sig denna r\u00e4tt att avr\u00e4tta sina medborgare. Vi lever i en barbarisk v\u00e4rld.<\/p>\n<p>\u00c4nnu mer skr\u00e4mmande blir det n\u00e4r man s\u00e4tter in detta i sammanhanget att stater med USA i spetsen driver p\u00e5 f\u00f6r att inf\u00f6ra mer och mer bevakning och \u00f6vervakning \u00f6ver v\u00e4rldens medborgare via Internet.<\/p>\n<p>L\u00e4s \u00e4ven andra bloggares \u00e5sikter om <a href=\"http:\/\/bloggar.se\/om\/samh%E4lle\" rel=\"tag\">samh\u00e4lle<\/a>, <a href=\"http:\/\/bloggar.se\/om\/politik\" rel=\"tag\">politik<\/a>, <a href=\"http:\/\/bloggar.se\/om\/d%F6dsstraff\" rel=\"tag\">d\u00f6dsstraff<\/a>, <a href=\"http:\/\/bloggar.se\/om\/USA\" rel=\"tag\">USA<\/a>, <a href=\"http:\/\/bloggar.se\/om\/giftspruta\" rel=\"tag\">giftspruta<\/a><\/p>\n","protected":false},"excerpt":{"rendered":"<p>Hur mycket ett land \u00e4n ligger i framkant tekniskt \u00e4r det \u00e4nd\u00e5 ociviliserat, ov\u00e4rdigt att kallas m\u00e4nskligt om dess stat d\u00f6dar sina medborgare. Oavsett om medborgaren utf\u00f6rt ett grovt vidrigt brott \u00e4r det barbariska stater som l\u00e5ter avr\u00e4tta sina medborgare. DN tar upp p\u00e5 ledarplats att USA nu har avr\u00e4ttat tusen m\u00e4nniskor ned giftspruta. Det [&hellip;]<\/p>\n","protected":false},"author":2,"featured_media":0,"comment_status":"open","ping_status":"open","sticky":false,"template":"","format":"standard","meta":{"_genesis_hide_title":false,"_genesis_hide_breadcrumbs":false,"_genesis_hide_singular_image":false,"_genesis_hide_footer_widgets":false,"_genesis_custom_body_class":"","_genesis_custom_post_class":"","_genesis_layout":"","footnotes":""},"categories":[20],"tags":[1429,12284,4917],"class_list":{"0":"post-11359","1":"post","2":"type-post","3":"status-publish","4":"format-standard","6":"category-film","7":"tag-dodsstraff","8":"tag-politik","9":"tag-samhalle","10":"entry"},"_links":{"self":[{"href":"https:\/\/kulturbloggen.com\/index.php?rest_route=\/wp\/v2\/posts\/11359","targetHints":{"allow":["GET"]}}],"collection":[{"href":"https:\/\/kulturbloggen.com\/index.php?rest_route=\/wp\/v2\/posts"}],"about":[{"href":"https:\/\/kulturbloggen.com\/index.php?rest_route=\/wp\/v2\/types\/post"}],"author":[{"embeddable":true,"href":"https:\/\/kulturbloggen.com\/index.php?rest_route=\/wp\/v2\/users\/2"}],"replies":[{"embeddable":true,"href":"https:\/\/kulturbloggen.com\/index.php?rest_route=%2Fwp%2Fv2%2Fcomments&post=11359"}],"version-history":[{"count":0,"href":"https:\/\/kulturbloggen.com\/index.php?rest_route=\/wp\/v2\/posts\/11359\/revisions"}],"wp:attachment":[{"href":"https:\/\/kulturbloggen.com\/index.php?rest_route=%2Fwp%2Fv2%2Fmedia&parent=11359"}],"wp:term":[{"taxonomy":"category","embeddable":true,"href":"https:\/\/kulturbloggen.com\/index.php?rest_route=%2Fwp%2Fv2%2Fcategories&post=11359"},{"taxonomy":"post_tag","embeddable":true,"href":"https:\/\/kulturbloggen.com\/index.php?rest_route=%2Fwp%2Fv2%2Ftags&post=11359"}],"curies":[{"name":"wp","href":"https:\/\/api.w.org\/{rel}","templated":true}]}}