{"id":11355,"date":"2009-07-22T21:52:26","date_gmt":"2009-07-22T19:52:26","guid":{"rendered":"http:\/\/kulturbloggen.com\/?p=11355"},"modified":"2009-07-22T21:52:26","modified_gmt":"2009-07-22T19:52:26","slug":"little-dragon-forband-till-tv-on-the-radio","status":"publish","type":"post","link":"https:\/\/kulturbloggen.com\/?p=11355","title":{"rendered":"Little Dragon f\u00f6rband till TV on the Radio"},"content":{"rendered":"<p> <img loading=\"lazy\" decoding=\"async\" src=\"http:\/\/sodergren.com\/kulturbloggen\/wp-content\/uploads\/2009\/07\/littledragon-300x166.jpg\" alt=\"littledragon\" title=\"littledragon\" width=\"300\" height=\"166\" class=\"aligncenter size-medium wp-image-11356\" \/>\t<\/p>\n<p>Det \u00e4r nu spikat att Little Dragon blir f\u00f6rband till TV On The Radio n\u00e4r de kommer till Debaser Medis torsdag, den 30 juli. Kv\u00e4llen presenteras av Accelerator.<\/p>\n<p>G\u00f6teborgsbandet Little Dragon best\u00e5r av svenskjapanskan Yukimi Nagano, Erik Bodin, Fredrik K\u00e4llgren och H\u00e5kan Wirenstrand. Bandet \u00e4r signat av Peacefrog sedan 2007 och gav ut sitt debutalbum 3 september samma \u00e5r.<br \/>\nOm TV on the radio fr\u00e5n Lugers pressutskick:<\/p>\n<blockquote><p>Brooklyn-bandet TV On The Radio har p\u00e5 alla sina skivor varit osedvanligt sv\u00e5rdefinierade. Keyboardisten David Sitek, som ocks\u00e5 agerar producent, f\u00e5r till maffiga arrangemang med en mix av kraut, pop, funk och postpunk.<br \/>\nP\u00e5 fj\u00e4rde skivan \u201dDear Science\u201d k\u00e4nns det lite som om bandet har hittat hem &#8211; de monumentala ljudmattorna har f\u00e5tt ge plats \u00e5t ett sk\u00f6nt sv\u00e4ng och det elektroniska. Det \u00e4r eklektiskt, men samtidigt l\u00e4ttillg\u00e4ngligt. I Juli f\u00e5r vi \u00e4ntligen se bandet live i Sverige &#8211; senast var p\u00e5 Acceleratorfestivalen 2007, men nu blir det b\u00e5de klubbspelning i Stockholm och ett bes\u00f6k p\u00e5 Storsj\u00f6yran.<\/p>\n<p>\u201dDet \u00e4r s\u00e5 smidigt och kul att Beck uppgivet linkar hem till \u00e4ldreboendet medan TV on the Radio s\u00e4tter afrobl\u00e5s, falsetts\u00e5ng och n\u00e5got m\u00e4ktigt str\u00e5karrangemang som om de var uppvuxna p\u00e5 en topplista snarare \u00e4n i en Williamsburgh-atelje.\u201d \/N\u00f6jesguiden<\/p>\n<p>\u201dDeras tredje full\u00e4ngdare \u00e4r ett magiskt trolleri av rytmer fr\u00e5n b\u00f6rjan till slut och n\u00e4r man tr\u00f6ttnat p\u00e5 att dansa blir balladerna p\u00e5 Dear science v\u00e4xande fenomen.\u201d \/Groove<\/p><\/blockquote>\n<p>TV ON THE RADIO<br \/>\n30 juli &#8211; Stockholm, Debaser Medis<br \/>\n&#8211; F\u00f6rband Little Dragon<\/p>\n<p><a href=\"http:\/\/www.myspace.com\/yourlittledragon\">www.myspace.com\/yourlittledragon<\/a><br \/>\n<a href=\"http:\/\/www.tvontheradio.com\">www.tvontheradio.com<\/a><br \/>\n<a href=\"http:\/\/www.myspace.com\/tvotr\">www.myspace.com\/tvotr<\/a><br \/>\n<a href=\"http:\/\/www.luger.se\/tv-on-the-radio\">www.luger.se\/tv-on-the-radio<\/a><\/p>\n<p>Little Dragon &#8211; Constant Surprises<\/p>\n<p><object width=\"425\" height=\"344\"><param name=\"movie\" value=\"http:\/\/www.youtube.com\/v\/bmP2ULBJGYQ&#038;hl=sv&#038;fs=1&#038;\"><\/param><param name=\"allowFullScreen\" value=\"true\"><\/param><param name=\"allowscriptaccess\" value=\"always\"><\/param><embed src=\"http:\/\/www.youtube.com\/v\/bmP2ULBJGYQ&#038;hl=sv&#038;fs=1&#038;\" type=\"application\/x-shockwave-flash\" allowscriptaccess=\"always\" allowfullscreen=\"true\" width=\"425\" height=\"344\"><\/embed><\/object><\/p>\n<p>Little Dragon &#8211; Test<\/p>\n<p><object width=\"425\" height=\"344\"><param name=\"movie\" value=\"http:\/\/www.youtube.com\/v\/hvDkIR-OyYI&#038;hl=sv&#038;fs=1&#038;\"><\/param><param name=\"allowFullScreen\" value=\"true\"><\/param><param name=\"allowscriptaccess\" value=\"always\"><\/param><embed src=\"http:\/\/www.youtube.com\/v\/hvDkIR-OyYI&#038;hl=sv&#038;fs=1&#038;\" type=\"application\/x-shockwave-flash\" allowscriptaccess=\"always\" allowfullscreen=\"true\" width=\"425\" height=\"344\"><\/embed><\/object><\/p>\n<p>Little Dragon &#8211; Twice<\/p>\n<p><object width=\"425\" height=\"344\"><param name=\"movie\" value=\"http:\/\/www.youtube.com\/v\/yedD4JsZyT0&#038;hl=sv&#038;fs=1&#038;\"><\/param><param name=\"allowFullScreen\" value=\"true\"><\/param><param name=\"allowscriptaccess\" value=\"always\"><\/param><embed src=\"http:\/\/www.youtube.com\/v\/yedD4JsZyT0&#038;hl=sv&#038;fs=1&#038;\" type=\"application\/x-shockwave-flash\" allowscriptaccess=\"always\" allowfullscreen=\"true\" width=\"425\" height=\"344\"><\/embed><\/object><\/p>\n<p>L\u00e4s \u00e4ven andra bloggares \u00e5sikter om <a href=\"http:\/\/bloggar.se\/om\/Debaser\" rel=\"tag\">Debaser<\/a>, <a href=\"http:\/\/bloggar.se\/om\/postpunk\" rel=\"tag\">postpunk<\/a>, <a href=\"http:\/\/bloggar.se\/om\/musik\" rel=\"tag\">musik<\/a>, <a href=\"http:\/\/bloggar.se\/om\/konserter\" rel=\"tag\">konserter<\/a>, <a href=\"http:\/\/bloggar.se\/om\/Stockholm\" rel=\"tag\">Stockholm<\/a>, <a href=\"http:\/\/bloggar.se\/om\/Accelerator\" rel=\"tag\">Accelerator<\/a>, <a href=\"http:\/\/bloggar.se\/om\/Little+Dragon\" rel=\"tag\">Little Dragon<\/a>, <a href=\"http:\/\/bloggar.se\/om\/TV+on+the+radio\" rel=\"tag\">TV on the radio<\/a><\/p>\n","protected":false},"excerpt":{"rendered":"<p>Det \u00e4r nu spikat att Little Dragon blir f\u00f6rband till TV On The Radio n\u00e4r de kommer till Debaser Medis torsdag, den 30 juli. Kv\u00e4llen presenteras av Accelerator. G\u00f6teborgsbandet Little Dragon best\u00e5r av svenskjapanskan Yukimi Nagano, Erik Bodin, Fredrik K\u00e4llgren och H\u00e5kan Wirenstrand. Bandet \u00e4r signat av Peacefrog sedan 2007 och gav ut sitt debutalbum [&hellip;]<\/p>\n","protected":false},"author":13,"featured_media":0,"comment_status":"open","ping_status":"open","sticky":false,"template":"","format":"standard","meta":{"_genesis_hide_title":false,"_genesis_hide_breadcrumbs":false,"_genesis_hide_singular_image":false,"_genesis_hide_footer_widgets":false,"_genesis_custom_body_class":"","_genesis_custom_post_class":"","_genesis_layout":"","footnotes":""},"categories":[7],"tags":[1187,3004,12282,4449],"class_list":{"0":"post-11355","1":"post","2":"type-post","3":"status-publish","4":"format-standard","6":"category-musik","7":"tag-debaser","8":"tag-konserter","9":"tag-musik","10":"tag-postpunk","11":"entry"},"_links":{"self":[{"href":"https:\/\/kulturbloggen.com\/index.php?rest_route=\/wp\/v2\/posts\/11355","targetHints":{"allow":["GET"]}}],"collection":[{"href":"https:\/\/kulturbloggen.com\/index.php?rest_route=\/wp\/v2\/posts"}],"about":[{"href":"https:\/\/kulturbloggen.com\/index.php?rest_route=\/wp\/v2\/types\/post"}],"author":[{"embeddable":true,"href":"https:\/\/kulturbloggen.com\/index.php?rest_route=\/wp\/v2\/users\/13"}],"replies":[{"embeddable":true,"href":"https:\/\/kulturbloggen.com\/index.php?rest_route=%2Fwp%2Fv2%2Fcomments&post=11355"}],"version-history":[{"count":0,"href":"https:\/\/kulturbloggen.com\/index.php?rest_route=\/wp\/v2\/posts\/11355\/revisions"}],"wp:attachment":[{"href":"https:\/\/kulturbloggen.com\/index.php?rest_route=%2Fwp%2Fv2%2Fmedia&parent=11355"}],"wp:term":[{"taxonomy":"category","embeddable":true,"href":"https:\/\/kulturbloggen.com\/index.php?rest_route=%2Fwp%2Fv2%2Fcategories&post=11355"},{"taxonomy":"post_tag","embeddable":true,"href":"https:\/\/kulturbloggen.com\/index.php?rest_route=%2Fwp%2Fv2%2Ftags&post=11355"}],"curies":[{"name":"wp","href":"https:\/\/api.w.org\/{rel}","templated":true}]}}