{"id":113546,"date":"2017-11-15T08:42:28","date_gmt":"2017-11-15T06:42:28","guid":{"rendered":"http:\/\/kulturbloggen.com\/?p=113546"},"modified":"2017-11-15T08:47:10","modified_gmt":"2017-11-15T06:47:10","slug":"eric-bibb-pa-scalateatern-en-afton-dar-cirklar-slots-pa-gott-och-ont","status":"publish","type":"post","link":"https:\/\/kulturbloggen.com\/?p=113546","title":{"rendered":"Eric Bibb p\u00e5 Scalateatern &#8211; En afton d\u00e4r cirklar sl\u00f6ts p\u00e5 gott och ont."},"content":{"rendered":"<p><a href=\"http:\/\/kulturbloggen.com\/wp-content\/uploads\/2017\/11\/AAA-1.jpg\"><img loading=\"lazy\" decoding=\"async\" class=\"aligncenter size-medium wp-image-113549\" src=\"http:\/\/kulturbloggen.com\/wp-content\/uploads\/2017\/11\/AAA-1-300x174.jpg\" alt=\"\" width=\"300\" height=\"174\" srcset=\"https:\/\/kulturbloggen.com\/wp-content\/uploads\/2017\/11\/AAA-1-300x174.jpg 300w, https:\/\/kulturbloggen.com\/wp-content\/uploads\/2017\/11\/AAA-1.jpg 520w\" sizes=\"auto, (max-width: 300px) 100vw, 300px\" \/><\/a><\/p>\n<p><strong>Eric Bibb p\u00e5 Scalateatern, Stockholm<br \/>\n14 november 2017<\/strong><\/p>\n<p>Som f\u00f6rsta akt av konserten f\u00e5r vi h\u00f6ra hans pappa, Leon Bibb, sjunga och Erik ber\u00e4tta om marschen till Selma \u00e5r 1965. Den svarta medborgarr\u00e4ttsr\u00f6relsen kr\u00e4vde inget m\u00e4rkv\u00e4rdigare \u00e4n r\u00f6str\u00e4tt och minskad segregation. De m\u00f6ttes av en ordningsmakt som med p\u00e5kar och ilskna hundar stoppade den fredliga marschen med v\u00e5ld. Leon stod sida vid sida med Martin Luther King, Joan Baez, Harry Bellafonte.<br \/>\n\u201dTales of a blues brother\u201d \u00e4r en resa i musikens v\u00e4rld d\u00e4r Eric ber\u00e4ttar om m\u00f6tet med Bob Dylan n\u00e4r Eric var ung och Bob Dylan en nykomling som artist. Hur han m\u00f6tte Sydney Poitier som gav honom pengar till en gitarr.<\/p>\n<figure id=\"attachment_113550\" aria-describedby=\"caption-attachment-113550\" style=\"width: 300px\" class=\"wp-caption alignright\"><a href=\"http:\/\/kulturbloggen.com\/wp-content\/uploads\/2017\/11\/AAA-IMG_1948.jpg\"><img loading=\"lazy\" decoding=\"async\" class=\"size-medium wp-image-113550\" src=\"http:\/\/kulturbloggen.com\/wp-content\/uploads\/2017\/11\/AAA-IMG_1948-300x193.jpg\" alt=\"\" width=\"300\" height=\"193\" srcset=\"https:\/\/kulturbloggen.com\/wp-content\/uploads\/2017\/11\/AAA-IMG_1948-300x193.jpg 300w, https:\/\/kulturbloggen.com\/wp-content\/uploads\/2017\/11\/AAA-IMG_1948.jpg 388w\" sizes=\"auto, (max-width: 300px) 100vw, 300px\" \/><\/a><figcaption id=\"caption-attachment-113550\" class=\"wp-caption-text\">Foto: BeA Nilsson<\/figcaption><\/figure>\n<p>Vi f\u00e5r f\u00f6lja med p\u00e5 familjens resa till Sovjetunionen d\u00e4r de blev mycket v\u00e4l bem\u00f6tta, trots sin hudf\u00e4rg. Och hur han upplevde Stockholm som ung p\u00e5 Hotell Malmen med \u00e4ggr\u00f6ra och r\u00f6kt renstek.<br \/>\nDet hela slutade med att han helt enkelt flyttade till Sverige efter att ha hittat bluesen i en skrubb i Paris. En blues som han i 40 \u00e5r rest v\u00e4rlden runt och framf\u00f6rt. En blues d\u00e4r han kunnat ber\u00e4tta om de amerikanska rasmots\u00e4ttningarna.<\/p>\n<p>P\u00e5 en fr\u00e5ga var hans hem \u00e4r svarar han:<br \/>\n\u201dHome is a place where I\u2019m not constantly reminded of Americas violent history.\u201d<br \/>\nSom av en slump st\u00f6tte han en dag p\u00e5 en amerikanska i en bokhandel i Stockholm. Det visade sig att de g\u00e5tt i tv\u00e5 olika skolor i New York med bara ett stenkast emellan. Men det var f\u00f6rst i Sverige som de s\u00e5gs f\u00f6r f\u00f6rsta g\u00e5ngen och blev goda v\u00e4nner och ett turnerande artistpar. Tillsammans med Cyndee Peters har han sjungit gospel p\u00e5 de flesta st\u00e4llen i Sverige d\u00e4r gospel kan sjungas.<\/p>\n<p><a href=\"http:\/\/kulturbloggen.com\/wp-content\/uploads\/2017\/11\/AAA-IMG_3848.jpg\"><img loading=\"lazy\" decoding=\"async\" class=\"alignright size-medium wp-image-113551\" src=\"http:\/\/kulturbloggen.com\/wp-content\/uploads\/2017\/11\/AAA-IMG_3848-300x195.jpg\" alt=\"\" width=\"300\" height=\"195\" srcset=\"https:\/\/kulturbloggen.com\/wp-content\/uploads\/2017\/11\/AAA-IMG_3848-300x195.jpg 300w, https:\/\/kulturbloggen.com\/wp-content\/uploads\/2017\/11\/AAA-IMG_3848.jpg 551w\" sizes=\"auto, (max-width: 300px) 100vw, 300px\" \/><\/a>Under en period var han musikl\u00e4rare i Rinkeby. Fr\u00e5n den tiden ber\u00e4ttade han om \u201dAlex\u201d som var en strulig kille som visade sig besitta en magiskt vacker s\u00e5ngr\u00f6st. Tyv\u00e4rr orkade han inte komma ifr\u00e5n sitt st\u00f6kiga liv utan hamnade i trubbel, blev sv\u00e5rt misshandlad och valde efter det att ta sitt liv.<br \/>\nEn annan liten grabb fr\u00e5n den tiden blev ocks\u00e5 en av Eric\u00b4s favoriter. Vid ett tillf\u00e4lle fick Eric tag i en video p\u00e5 internet d\u00e4r Andi Kravljacka ber\u00e4ttade om hur han valde s\u00e5ngen som uttrycksmedel tack vare Eric Bibb. Teamet bakom f\u00f6rest\u00e4llningen hade till denna dag lyckats leta upp Andi som satt i publiken som en \u00f6verraskning till Eric.<\/p>\n<p><a href=\"http:\/\/kulturbloggen.com\/wp-content\/uploads\/2017\/11\/AAA-IMG_3860.jpg\"><img loading=\"lazy\" decoding=\"async\" class=\"alignright size-medium wp-image-113552\" src=\"http:\/\/kulturbloggen.com\/wp-content\/uploads\/2017\/11\/AAA-IMG_3860-300x208.jpg\" alt=\"\" width=\"300\" height=\"208\" srcset=\"https:\/\/kulturbloggen.com\/wp-content\/uploads\/2017\/11\/AAA-IMG_3860-300x208.jpg 300w, https:\/\/kulturbloggen.com\/wp-content\/uploads\/2017\/11\/AAA-IMG_3860.jpg 659w\" sizes=\"auto, (max-width: 300px) 100vw, 300px\" \/><\/a>Mellan alla fantastiska ber\u00e4ttelser fanns hans sammetsr\u00f6st och sina akustiska gitarrer. En av de starkaste l\u00e5tarna var \u201dNew World Commin\u00b4 Through\u201d. Ett \u00f6verraskande val i repertoaren var covern p\u00e5 ABBA\u00b4s Dancing Queen. En ov\u00e4ntad och god cirkel som sl\u00f6ts.<\/p>\n<p>Men det som oroar Eric nu \u00e4r utvecklingen i Sverige. Det som f\u00f6r\u00e4ndrats till det b\u00e4ttre i hans gamla hemland \u00e4r p\u00e5 v\u00e4g att bli till det s\u00e4mre i Sverige. Ett land som tog emot en f\u00e4rgad med v\u00e4nlighet f\u00f6r inte alltf\u00f6r m\u00e5nga \u00e5rtionden sedan, b\u00f6rjar sakta men s\u00e4kert dra tydliga gr\u00e4nser mellan olika personer p\u00e5 grund av deras hudf\u00e4rg, nationalitet eller religion.<br \/>\nI b\u00f6rjan p\u00e5 70-talet kunde han, som f\u00e4rgad, stoppa en taxi p\u00e5 en gata i USA. De tendenserna b\u00f6rjar han se i dagens Sverige.<\/p>\n<p>En ond cirkel h\u00e5ller p\u00e5 att slutas &#8230;<\/p>\n<p>Mer om Eric Bibb och denna konsert finns att se h\u00e4r.<\/p>\n<p><iframe loading=\"lazy\" src=\"https:\/\/www.youtube.com\/embed\/rUd1jfLd_hA?ecver=1\" width=\"450\" height=\"253\" frameborder=\"0\" allowfullscreen=\"allowfullscreen\"><\/iframe><\/p>\n<p><iframe loading=\"lazy\" src=\"https:\/\/www.youtube.com\/embed\/lsLXbRIdKuA?ecver=1\" width=\"450\" height=\"253\" frameborder=\"0\" allowfullscreen=\"allowfullscreen\"><\/iframe><\/p>\n","protected":false},"excerpt":{"rendered":"<p>Eric Bibb p\u00e5 Scalateatern, Stockholm 14 november 2017 Som f\u00f6rsta akt av konserten f\u00e5r vi h\u00f6ra hans pappa, Leon Bibb, sjunga och Erik ber\u00e4tta om marschen till Selma \u00e5r 1965. Den svarta medborgarr\u00e4ttsr\u00f6relsen kr\u00e4vde inget m\u00e4rkv\u00e4rdigare \u00e4n r\u00f6str\u00e4tt och minskad segregation. De m\u00f6ttes av en ordningsmakt som med p\u00e5kar och ilskna hundar stoppade den fredliga [&hellip;]<\/p>\n","protected":false},"author":13,"featured_media":0,"comment_status":"open","ping_status":"open","sticky":false,"template":"","format":"standard","meta":{"_genesis_hide_title":false,"_genesis_hide_breadcrumbs":false,"_genesis_hide_singular_image":false,"_genesis_hide_footer_widgets":false,"_genesis_custom_body_class":"","_genesis_custom_post_class":"","_genesis_layout":"","footnotes":""},"categories":[7,16,20],"tags":[753,13552],"class_list":{"0":"post-113546","1":"post","2":"type-post","3":"status-publish","4":"format-standard","6":"category-musik","7":"category-recension","8":"category-film","9":"tag-blues","10":"tag-eric-bibb-pa-scalateatern","11":"entry"},"_links":{"self":[{"href":"https:\/\/kulturbloggen.com\/index.php?rest_route=\/wp\/v2\/posts\/113546","targetHints":{"allow":["GET"]}}],"collection":[{"href":"https:\/\/kulturbloggen.com\/index.php?rest_route=\/wp\/v2\/posts"}],"about":[{"href":"https:\/\/kulturbloggen.com\/index.php?rest_route=\/wp\/v2\/types\/post"}],"author":[{"embeddable":true,"href":"https:\/\/kulturbloggen.com\/index.php?rest_route=\/wp\/v2\/users\/13"}],"replies":[{"embeddable":true,"href":"https:\/\/kulturbloggen.com\/index.php?rest_route=%2Fwp%2Fv2%2Fcomments&post=113546"}],"version-history":[{"count":4,"href":"https:\/\/kulturbloggen.com\/index.php?rest_route=\/wp\/v2\/posts\/113546\/revisions"}],"predecessor-version":[{"id":113554,"href":"https:\/\/kulturbloggen.com\/index.php?rest_route=\/wp\/v2\/posts\/113546\/revisions\/113554"}],"wp:attachment":[{"href":"https:\/\/kulturbloggen.com\/index.php?rest_route=%2Fwp%2Fv2%2Fmedia&parent=113546"}],"wp:term":[{"taxonomy":"category","embeddable":true,"href":"https:\/\/kulturbloggen.com\/index.php?rest_route=%2Fwp%2Fv2%2Fcategories&post=113546"},{"taxonomy":"post_tag","embeddable":true,"href":"https:\/\/kulturbloggen.com\/index.php?rest_route=%2Fwp%2Fv2%2Ftags&post=113546"}],"curies":[{"name":"wp","href":"https:\/\/api.w.org\/{rel}","templated":true}]}}