{"id":11352,"date":"2009-07-22T21:43:52","date_gmt":"2009-07-22T19:43:52","guid":{"rendered":"http:\/\/kulturbloggen.com\/?p=11352"},"modified":"2009-07-22T21:43:52","modified_gmt":"2009-07-22T19:43:52","slug":"sean-magnus-slapper-singel-till-pride-2009-och-ger-tre-exklusiva-forestallningar","status":"publish","type":"post","link":"https:\/\/kulturbloggen.com\/?p=11352","title":{"rendered":"Sean-Magnus sl\u00e4pper singel till Pride 2009 och ger tre exklusiva f\u00f6rest\u00e4llningar"},"content":{"rendered":"<p><img loading=\"lazy\" decoding=\"async\" src=\"http:\/\/sodergren.com\/kulturbloggen\/wp-content\/uploads\/2009\/07\/singelsean_large.jpg\" alt=\"singelsean_large\" title=\"singelsean_large\" width=\"244\" height=\"270\" class=\"aligncenter size-full wp-image-11353\" \/><\/p>\n<p>Lagom till Pride Festivalen sl\u00e4pper Warner Music SEAN-MAGNUS singel<br \/>\n&#8221;I will survive &#8211; Det g\u00f6r ont&#8221;, arrangerad av Adam Nord\u00e9n.<\/p>\n<p><a href=\"http:\/\/www.myspace.com\/seanmagnus\">L\u00e5ten kan ni lyssna p\u00e5 via deras myspace sida.\/a><\/p>\n<p>Ett pressutskick ber\u00e4ttar att Sean-Magnus kommer att spela tre f\u00f6rest\u00e4llning i samband med Stockholm Pride:<br \/>\nPubliksucc\u00e9n &#8221;Sean-Magnus \u00c4lskar Man&#8221; &#8211; tillbaka till Pride 2009!<br \/>\nDen kritikerhyllade f\u00f6rest\u00e4llningen &#8221;Sean-Magnus \u00c4lskar Man&#8221; \u00e4r tillbaka och spelar tre exklusiva f\u00f6rest\u00e4llningar i samband med Stockholm PRIDE.<\/p>\n<p>Spelas 26, 27, 29 juli kl.21 p\u00e5 Judy&#8217;s.N\u00e4rkesgatan 8, Stockholm.<br \/>\nOrkester under ledning av Karl-Johan Ankarblom<\/p>\n<p>&#8221;Sean-Magnus \u00c4lskar Man&#8221; \u00e4r en k\u00e4rleksfull hyllning till mannen.<br \/>\nSean Kelly och Magnus Skogsberg sjunger r\u00f6kig bossa, sexig schlager och sk\u00f6na jazzmelodier i en delikat lounge-blandning. De junger bittert och innerligt \u00f6ver k\u00e4rlekens l\u00f6ften och om\u00f6jligheter.<\/p>\n<p>&#8221;Men kommer han n\u00e5n g\u00e5ng?. En man att h\u00e5lla i.<br \/>\nN\u00e4r \u00e5skan g\u00e5r. Jag l\u00e4ngtar s\u00e5&#8230;.&#8221;<\/p>\n<p>&#8221;Inga fler l\u00f6gner eller tomma ord. Som med<br \/>\nStefan, Peter, Ulf och Tord.&#8221;<\/p>\n<p>&#8221;Min hj\u00e4rta \u00e4r ikte ett f\u00f6rslitet motell som haft<br \/>\ng\u00e4ster per minut&#8230;&#8221;<\/p>\n<p>&#8221;My heart belongs to Daddy. So I simply couldn\u00b4t<br \/>\nbe bad&#8230;..&#8221;<\/p>\n<p>Medverkande:<br \/>\nMagnus Skogsberg<br \/>\nSk\u00e5despelare och regiss\u00f6r. K\u00e4nns igen fr\u00e5n 90 talets TVserie Storstad. Just nu k\u00e4nd som Sebastian i ICA:s reklamf\u00f6ljetong och SVT:s S\u00e5 ska det l\u00e5ta.<br \/>\nSean Kelly<br \/>\nS\u00e5ngare och sk\u00e5despelare. Senast p\u00e5 Cirque du Soleil i Kanada. Sjungit och turnerat inom och utom Europa med Romeo &#038; Juliak\u00f6ren fr\u00e5n Dramaten.<\/p>\n<p>N\u00e5gra pressr\u00f6ster om f\u00f6rest\u00e4llningen:<\/p>\n<p>&#8221;SEAN-MAGNUS \u00c4LSKAR MAN \u00e4r lite som en tidsresa. En kort stund befinner jag mig i en tid d\u00e5 alla gamla k\u00e4rleksl\u00e5tar var nyskrivna.&#8221; &#8211; Dagens Nyheter<\/p>\n<p>&#8221;Sean -Magnus sjunger rakt in i hj\u00e4rtat&#8221; &#8211; QX<\/p>\n<p>F\u00e5r ni inte nog av killarna kan man f\u00f6lja deras blogg h\u00e4r: <a href=\"http:\/\/seanmagnus.blogspot.com\">seanmagnus.blogspot.com<\/a><\/p>\n<p>Trailer:<\/p>\n<p><object width=\"425\" height=\"344\"><param name=\"movie\" value=\"http:\/\/www.youtube.com\/v\/HRPbH_IlDF0&#038;hl=sv&#038;fs=1&#038;\"><\/param><param name=\"allowFullScreen\" value=\"true\"><\/param><param name=\"allowscriptaccess\" value=\"always\"><\/param><embed src=\"http:\/\/www.youtube.com\/v\/HRPbH_IlDF0&#038;hl=sv&#038;fs=1&#038;\" type=\"application\/x-shockwave-flash\" allowscriptaccess=\"always\" allowfullscreen=\"true\" width=\"425\" height=\"344\"><\/embed><\/object><\/p>\n<p>L\u00e4s \u00e4ven andra bloggares \u00e5sikter om <a href=\"http:\/\/bloggar.se\/om\/pride\" rel=\"tag\">pride<\/a>, <a href=\"http:\/\/bloggar.se\/om\/skivnytt\" rel=\"tag\">skivnytt<\/a>, <a href=\"http:\/\/bloggar.se\/om\/Sean-Magnus\" rel=\"tag\">Sean-Magnus<\/a><\/p>\n","protected":false},"excerpt":{"rendered":"<p>Lagom till Pride Festivalen sl\u00e4pper Warner Music SEAN-MAGNUS singel &#8221;I will survive &#8211; Det g\u00f6r ont&#8221;, arrangerad av Adam Nord\u00e9n. L\u00e5ten kan ni lyssna p\u00e5 via deras myspace sida.\/a> Ett pressutskick ber\u00e4ttar att Sean-Magnus kommer att spela tre f\u00f6rest\u00e4llning i samband med Stockholm Pride: Publiksucc\u00e9n &#8221;Sean-Magnus \u00c4lskar Man&#8221; &#8211; tillbaka till Pride 2009! Den kritikerhyllade [&hellip;]<\/p>\n","protected":false},"author":13,"featured_media":0,"comment_status":"open","ping_status":"open","sticky":false,"template":"","format":"standard","meta":{"_genesis_hide_title":false,"_genesis_hide_breadcrumbs":false,"_genesis_hide_singular_image":false,"_genesis_hide_footer_widgets":false,"_genesis_custom_body_class":"","_genesis_custom_post_class":"","_genesis_layout":"","footnotes":""},"categories":[30],"tags":[3066,4491],"class_list":{"0":"post-11352","1":"post","2":"type-post","3":"status-publish","4":"format-standard","6":"category-teater","7":"tag-ksivnytt","8":"tag-pride","9":"entry"},"_links":{"self":[{"href":"https:\/\/kulturbloggen.com\/index.php?rest_route=\/wp\/v2\/posts\/11352","targetHints":{"allow":["GET"]}}],"collection":[{"href":"https:\/\/kulturbloggen.com\/index.php?rest_route=\/wp\/v2\/posts"}],"about":[{"href":"https:\/\/kulturbloggen.com\/index.php?rest_route=\/wp\/v2\/types\/post"}],"author":[{"embeddable":true,"href":"https:\/\/kulturbloggen.com\/index.php?rest_route=\/wp\/v2\/users\/13"}],"replies":[{"embeddable":true,"href":"https:\/\/kulturbloggen.com\/index.php?rest_route=%2Fwp%2Fv2%2Fcomments&post=11352"}],"version-history":[{"count":0,"href":"https:\/\/kulturbloggen.com\/index.php?rest_route=\/wp\/v2\/posts\/11352\/revisions"}],"wp:attachment":[{"href":"https:\/\/kulturbloggen.com\/index.php?rest_route=%2Fwp%2Fv2%2Fmedia&parent=11352"}],"wp:term":[{"taxonomy":"category","embeddable":true,"href":"https:\/\/kulturbloggen.com\/index.php?rest_route=%2Fwp%2Fv2%2Fcategories&post=11352"},{"taxonomy":"post_tag","embeddable":true,"href":"https:\/\/kulturbloggen.com\/index.php?rest_route=%2Fwp%2Fv2%2Ftags&post=11352"}],"curies":[{"name":"wp","href":"https:\/\/api.w.org\/{rel}","templated":true}]}}