{"id":113491,"date":"2017-11-13T18:40:04","date_gmt":"2017-11-13T16:40:04","guid":{"rendered":"http:\/\/kulturbloggen.com\/?p=113491"},"modified":"2017-11-13T18:40:04","modified_gmt":"2017-11-13T16:40:04","slug":"albumaktuella-fever-ray-gor-tva-konserter-i-sverige-i-var","status":"publish","type":"post","link":"https:\/\/kulturbloggen.com\/?p=113491","title":{"rendered":"Albumaktuella Fever Ray g\u00f6r tv\u00e5 konserter i Sverige i v\u00e5r"},"content":{"rendered":"<p><a href=\"http:\/\/kulturbloggen.com\/wp-content\/uploads\/2017\/11\/feverray2017.jpg\"><img loading=\"lazy\" decoding=\"async\" src=\"http:\/\/kulturbloggen.com\/wp-content\/uploads\/2017\/11\/feverray2017.jpg\" alt=\"\" width=\"450\" height=\"450\" class=\"aligncenter size-full wp-image-113501\" srcset=\"https:\/\/kulturbloggen.com\/wp-content\/uploads\/2017\/11\/feverray2017.jpg 450w, https:\/\/kulturbloggen.com\/wp-content\/uploads\/2017\/11\/feverray2017-150x150.jpg 150w, https:\/\/kulturbloggen.com\/wp-content\/uploads\/2017\/11\/feverray2017-300x300.jpg 300w\" sizes=\"auto, (max-width: 450px) 100vw, 450px\" \/><\/a><\/p>\n<p>Fever Ray som \u00e4r aktuell med nya albumet Plunge g\u00f6r i v\u00e5r 2018 de f\u00f6rsta konserterna p\u00e5 svensk mark p\u00e5 \u00e5tta \u00e5r.<br \/>\n31 mars 2018 \u2013 Lund, Mejeriet<br \/>\n6 april 2018 \u2013 Stockholm, Nobelberget<\/p>\n<p>Ett pressmeddelande:<\/p>\n<p>Efter m\u00e5nga \u00e5rs radiotystnad sl\u00e4ppte Karin Dreijer och hennes Fever Ray f\u00f6r bara tv\u00e5 veckor sedan ett nytt album betitlat Plunge med endast n\u00e5gra kryptiska teasers som f\u00f6rvarning \u2013 och gl\u00e4djechockade d\u00e4rmed en hel musikv\u00e4rld. Albumet \u00e4r den perfekta uppf\u00f6ljaren till debuten, och lyckas g\u00e5ng p\u00e5 g\u00e5ng ringa in det som genom \u00e5ren gjort Fever Ray till en av samtidens mest kompromissl\u00f6sa och unika konstn\u00e4rer. De organiska texturerna, ljudexperimenten och den o\u00f6vertr\u00e4ffade k\u00e4nslan f\u00f6r melodier \u2013 Fever Ray har f\u00f6r\u00e4dlat samtliga ingredienser till det nya given. Nu kan vi meddela att Fever Ray g\u00f6r sina f\u00f6rsta spelningar p\u00e5 svensk mark sedan 2010 i v\u00e5r. 31 mars p\u00e5 Mejeriet i Lund och 6 april p\u00e5 Nobelberget i Stockholm.<\/p>\n<p>Hey, remember me? Med den banala fr\u00e5gan inleder Fever Ray sin om\u00e5ttligt efterl\u00e4ngtade \u00e5terkomstsingel To the Moon and Back. Oavsett n\u00e4r fr\u00e5gan hade st\u00e4llts hade svaret alltid varit det samma \u2013 en artist som Fever Ray kommer aldrig att gl\u00f6mmas bort. Framf\u00f6rallt inte med det nya albumet i n\u00e4rminnet, som redan nu har gjort ett stort och inetsat avtryck p\u00e5 musikv\u00e4rlden. F\u00f6r att ett musik\u00e5r som det vi har upplevt 2017 ska k\u00e4nnas komplett beh\u00f6vs det en lika innovativ platta som Plunge. S\u00e5 \u00e4r det bara. Till den kommande turn\u00e9n kommer Fever Ray att g\u00f6ra sina f\u00f6rsta spelningar sedan f\u00f6rra plattan. R\u00e4kna med att f\u00e5 uppleva det nya materialet i dess absolut starkaste form \u2013 framf\u00f6rt av en av samtidens mest progressiva artister.<\/p>\n<p><iframe loading=\"lazy\" src=\"https:\/\/open.spotify.com\/embed\/track\/6t3S9lyhk1nNpV9KJW3V1J\" width=\"300\" height=\"380\" frameborder=\"0\" allowtransparency=\"true\"><\/iframe><\/p>\n<p><iframe loading=\"lazy\" src=\"https:\/\/open.spotify.com\/embed\/album\/515apt4YXIptGsf7OVYFeg\" width=\"300\" height=\"380\" frameborder=\"0\" allowtransparency=\"true\"><\/iframe> <\/p>\n","protected":false},"excerpt":{"rendered":"<p>Fever Ray som \u00e4r aktuell med nya albumet Plunge g\u00f6r i v\u00e5r 2018 de f\u00f6rsta konserterna p\u00e5 svensk mark p\u00e5 \u00e5tta \u00e5r. 31 mars 2018 \u2013 Lund, Mejeriet 6 april 2018 \u2013 Stockholm, Nobelberget Ett pressmeddelande: Efter m\u00e5nga \u00e5rs radiotystnad sl\u00e4ppte Karin Dreijer och hennes Fever Ray f\u00f6r bara tv\u00e5 veckor sedan ett nytt album [&hellip;]<\/p>\n","protected":false},"author":13,"featured_media":0,"comment_status":"open","ping_status":"open","sticky":false,"template":"","format":"standard","meta":{"_genesis_hide_title":false,"_genesis_hide_breadcrumbs":false,"_genesis_hide_singular_image":false,"_genesis_hide_footer_widgets":false,"_genesis_custom_body_class":"","_genesis_custom_post_class":"","_genesis_layout":"","footnotes":""},"categories":[7],"tags":[],"class_list":{"0":"post-113491","1":"post","2":"type-post","3":"status-publish","4":"format-standard","6":"category-musik","7":"entry"},"_links":{"self":[{"href":"https:\/\/kulturbloggen.com\/index.php?rest_route=\/wp\/v2\/posts\/113491","targetHints":{"allow":["GET"]}}],"collection":[{"href":"https:\/\/kulturbloggen.com\/index.php?rest_route=\/wp\/v2\/posts"}],"about":[{"href":"https:\/\/kulturbloggen.com\/index.php?rest_route=\/wp\/v2\/types\/post"}],"author":[{"embeddable":true,"href":"https:\/\/kulturbloggen.com\/index.php?rest_route=\/wp\/v2\/users\/13"}],"replies":[{"embeddable":true,"href":"https:\/\/kulturbloggen.com\/index.php?rest_route=%2Fwp%2Fv2%2Fcomments&post=113491"}],"version-history":[{"count":3,"href":"https:\/\/kulturbloggen.com\/index.php?rest_route=\/wp\/v2\/posts\/113491\/revisions"}],"predecessor-version":[{"id":113503,"href":"https:\/\/kulturbloggen.com\/index.php?rest_route=\/wp\/v2\/posts\/113491\/revisions\/113503"}],"wp:attachment":[{"href":"https:\/\/kulturbloggen.com\/index.php?rest_route=%2Fwp%2Fv2%2Fmedia&parent=113491"}],"wp:term":[{"taxonomy":"category","embeddable":true,"href":"https:\/\/kulturbloggen.com\/index.php?rest_route=%2Fwp%2Fv2%2Fcategories&post=113491"},{"taxonomy":"post_tag","embeddable":true,"href":"https:\/\/kulturbloggen.com\/index.php?rest_route=%2Fwp%2Fv2%2Ftags&post=113491"}],"curies":[{"name":"wp","href":"https:\/\/api.w.org\/{rel}","templated":true}]}}