{"id":113322,"date":"2017-11-08T16:14:03","date_gmt":"2017-11-08T14:14:03","guid":{"rendered":"http:\/\/kulturbloggen.com\/?p=113322"},"modified":"2017-11-08T20:14:39","modified_gmt":"2017-11-08T18:14:39","slug":"bildgalleri-daniel-romano-och-hans-tremannaband-the-jazz-police","status":"publish","type":"post","link":"https:\/\/kulturbloggen.com\/?p=113322","title":{"rendered":"Bildgalleri: Daniel Romano och hans tremannaband The Jazz Police"},"content":{"rendered":"<p><a href=\"http:\/\/kulturbloggen.com\/wp-content\/uploads\/2017\/11\/MG_2271XS.jpg\"><img loading=\"lazy\" decoding=\"async\" src=\"http:\/\/kulturbloggen.com\/wp-content\/uploads\/2017\/11\/MG_2271XS-300x300.jpg\" alt=\"\" width=\"300\" height=\"300\" class=\"aligncenter size-medium wp-image-113324\" srcset=\"https:\/\/kulturbloggen.com\/wp-content\/uploads\/2017\/11\/MG_2271XS-300x300.jpg 300w, https:\/\/kulturbloggen.com\/wp-content\/uploads\/2017\/11\/MG_2271XS-150x150.jpg 150w, https:\/\/kulturbloggen.com\/wp-content\/uploads\/2017\/11\/MG_2271XS-768x768.jpg 768w, https:\/\/kulturbloggen.com\/wp-content\/uploads\/2017\/11\/MG_2271XS.jpg 1000w\" sizes=\"auto, (max-width: 300px) 100vw, 300px\" \/><\/a><\/p>\n<p>Daniel Romano och hans tremannaband The Jazz Police<br \/>\nPustervik, G\u00f6teborg, 7 november 2017<\/p>\n<p>V\u00e5r fotograf Peter Birgerstam fotadde Daniel Romano och hans tremannaband The Jazz Police p\u00e5 Pustervik p\u00e5 tisdagskv\u00e4llen 7 november. Spelningar var avslutningen p\u00e5 deras Sverigeturn\u00e9.<\/p>\n<p><strong>Foto: Peter Birgerstam<\/strong><\/p>\n<p><a href=\"http:\/\/kulturbloggen.com\/wp-content\/uploads\/2017\/11\/MG_2215XS.jpg\"><img loading=\"lazy\" decoding=\"async\" src=\"http:\/\/kulturbloggen.com\/wp-content\/uploads\/2017\/11\/MG_2215XS-300x200.jpg\" alt=\"\" width=\"300\" height=\"200\" class=\"aligncenter size-medium wp-image-113325\" srcset=\"https:\/\/kulturbloggen.com\/wp-content\/uploads\/2017\/11\/MG_2215XS-300x200.jpg 300w, https:\/\/kulturbloggen.com\/wp-content\/uploads\/2017\/11\/MG_2215XS-768x512.jpg 768w, https:\/\/kulturbloggen.com\/wp-content\/uploads\/2017\/11\/MG_2215XS.jpg 1000w\" sizes=\"auto, (max-width: 300px) 100vw, 300px\" \/><\/a><\/p>\n<p><a href=\"http:\/\/kulturbloggen.com\/wp-content\/uploads\/2017\/11\/MG_2126XS.jpg\"><img loading=\"lazy\" decoding=\"async\" src=\"http:\/\/kulturbloggen.com\/wp-content\/uploads\/2017\/11\/MG_2126XS-300x200.jpg\" alt=\"\" width=\"300\" height=\"200\" class=\"aligncenter size-medium wp-image-113326\" srcset=\"https:\/\/kulturbloggen.com\/wp-content\/uploads\/2017\/11\/MG_2126XS-300x200.jpg 300w, https:\/\/kulturbloggen.com\/wp-content\/uploads\/2017\/11\/MG_2126XS-768x512.jpg 768w, https:\/\/kulturbloggen.com\/wp-content\/uploads\/2017\/11\/MG_2126XS.jpg 1000w\" sizes=\"auto, (max-width: 300px) 100vw, 300px\" \/><\/a><\/p>\n<p><a href=\"http:\/\/kulturbloggen.com\/wp-content\/uploads\/2017\/11\/MG_2114XS.jpg\"><img loading=\"lazy\" decoding=\"async\" src=\"http:\/\/kulturbloggen.com\/wp-content\/uploads\/2017\/11\/MG_2114XS-200x300.jpg\" alt=\"\" width=\"200\" height=\"300\" class=\"aligncenter size-medium wp-image-113327\" srcset=\"https:\/\/kulturbloggen.com\/wp-content\/uploads\/2017\/11\/MG_2114XS-200x300.jpg 200w, https:\/\/kulturbloggen.com\/wp-content\/uploads\/2017\/11\/MG_2114XS.jpg 667w\" sizes=\"auto, (max-width: 200px) 100vw, 200px\" \/><\/a><\/p>\n<p><a href=\"http:\/\/kulturbloggen.com\/wp-content\/uploads\/2017\/11\/MG_2051XS.jpg\"><img loading=\"lazy\" decoding=\"async\" src=\"http:\/\/kulturbloggen.com\/wp-content\/uploads\/2017\/11\/MG_2051XS-300x200.jpg\" alt=\"\" width=\"300\" height=\"200\" class=\"aligncenter size-medium wp-image-113328\" srcset=\"https:\/\/kulturbloggen.com\/wp-content\/uploads\/2017\/11\/MG_2051XS-300x200.jpg 300w, https:\/\/kulturbloggen.com\/wp-content\/uploads\/2017\/11\/MG_2051XS-768x512.jpg 768w, https:\/\/kulturbloggen.com\/wp-content\/uploads\/2017\/11\/MG_2051XS.jpg 1000w\" sizes=\"auto, (max-width: 300px) 100vw, 300px\" \/><\/a><\/p>\n<p><a href=\"http:\/\/kulturbloggen.com\/wp-content\/uploads\/2017\/11\/MG_1848XS.jpg\"><img loading=\"lazy\" decoding=\"async\" src=\"http:\/\/kulturbloggen.com\/wp-content\/uploads\/2017\/11\/MG_1848XS-200x300.jpg\" alt=\"\" width=\"200\" height=\"300\" class=\"aligncenter size-medium wp-image-113329\" srcset=\"https:\/\/kulturbloggen.com\/wp-content\/uploads\/2017\/11\/MG_1848XS-200x300.jpg 200w, https:\/\/kulturbloggen.com\/wp-content\/uploads\/2017\/11\/MG_1848XS.jpg 667w\" sizes=\"auto, (max-width: 200px) 100vw, 200px\" \/><\/a><\/p>\n","protected":false},"excerpt":{"rendered":"<p>Daniel Romano och hans tremannaband The Jazz Police Pustervik, G\u00f6teborg, 7 november 2017 V\u00e5r fotograf Peter Birgerstam fotadde Daniel Romano och hans tremannaband The Jazz Police p\u00e5 Pustervik p\u00e5 tisdagskv\u00e4llen 7 november. Spelningar var avslutningen p\u00e5 deras Sverigeturn\u00e9. Foto: Peter Birgerstam<\/p>\n","protected":false},"author":42,"featured_media":0,"comment_status":"open","ping_status":"open","sticky":false,"template":"","format":"standard","meta":{"_genesis_hide_title":false,"_genesis_hide_breadcrumbs":false,"_genesis_hide_singular_image":false,"_genesis_hide_footer_widgets":false,"_genesis_custom_body_class":"","_genesis_custom_post_class":"","_genesis_layout":"","footnotes":""},"categories":[7],"tags":[],"class_list":{"0":"post-113322","1":"post","2":"type-post","3":"status-publish","4":"format-standard","6":"category-musik","7":"entry"},"_links":{"self":[{"href":"https:\/\/kulturbloggen.com\/index.php?rest_route=\/wp\/v2\/posts\/113322","targetHints":{"allow":["GET"]}}],"collection":[{"href":"https:\/\/kulturbloggen.com\/index.php?rest_route=\/wp\/v2\/posts"}],"about":[{"href":"https:\/\/kulturbloggen.com\/index.php?rest_route=\/wp\/v2\/types\/post"}],"author":[{"embeddable":true,"href":"https:\/\/kulturbloggen.com\/index.php?rest_route=\/wp\/v2\/users\/42"}],"replies":[{"embeddable":true,"href":"https:\/\/kulturbloggen.com\/index.php?rest_route=%2Fwp%2Fv2%2Fcomments&post=113322"}],"version-history":[{"count":4,"href":"https:\/\/kulturbloggen.com\/index.php?rest_route=\/wp\/v2\/posts\/113322\/revisions"}],"predecessor-version":[{"id":113332,"href":"https:\/\/kulturbloggen.com\/index.php?rest_route=\/wp\/v2\/posts\/113322\/revisions\/113332"}],"wp:attachment":[{"href":"https:\/\/kulturbloggen.com\/index.php?rest_route=%2Fwp%2Fv2%2Fmedia&parent=113322"}],"wp:term":[{"taxonomy":"category","embeddable":true,"href":"https:\/\/kulturbloggen.com\/index.php?rest_route=%2Fwp%2Fv2%2Fcategories&post=113322"},{"taxonomy":"post_tag","embeddable":true,"href":"https:\/\/kulturbloggen.com\/index.php?rest_route=%2Fwp%2Fv2%2Ftags&post=113322"}],"curies":[{"name":"wp","href":"https:\/\/api.w.org\/{rel}","templated":true}]}}