{"id":113199,"date":"2017-11-03T10:29:29","date_gmt":"2017-11-03T08:29:29","guid":{"rendered":"http:\/\/kulturbloggen.com\/?p=113199"},"modified":"2017-11-03T10:29:29","modified_gmt":"2017-11-03T08:29:29","slug":"lyssna-hardgnissel-befodran-till-harligheten","status":"publish","type":"post","link":"https:\/\/kulturbloggen.com\/?p=113199","title":{"rendered":"Lyssna: H\u00e5rdgnissel &#8211; Befodran till H\u00e4rligheten"},"content":{"rendered":"<p><img loading=\"lazy\" decoding=\"async\" class=\"aligncenter size-full wp-image-113222\" src=\"http:\/\/kulturbloggen.com\/wp-content\/uploads\/2017\/11\/punkbandsundsvall.jpg\" alt=\"\" width=\"450\" height=\"450\" srcset=\"https:\/\/kulturbloggen.com\/wp-content\/uploads\/2017\/11\/punkbandsundsvall.jpg 450w, https:\/\/kulturbloggen.com\/wp-content\/uploads\/2017\/11\/punkbandsundsvall-150x150.jpg 150w, https:\/\/kulturbloggen.com\/wp-content\/uploads\/2017\/11\/punkbandsundsvall-300x300.jpg 300w\" sizes=\"auto, (max-width: 450px) 100vw, 450px\" \/><\/p>\n<p>Punkbandet H\u00e5rdgnissel sl\u00e4ppte sitt sitt debutalbum &#8221;Befordran till H\u00e4rligheten&#8221; den 31 oktober.<\/p>\n<p>De har f\u00e5tt mycket uppm\u00e4rksamhet f\u00f6r sina samh\u00e4llskritiska, arga, och ironiska texter med teman som sexism, psykisk oh\u00e4lsa och interna sk\u00e4mt. H\u00e5rdgnissel turnerade ocks\u00e5 f\u00f6rra \u00e5ret med Matriarkatet.<\/p>\n<p>Medlemmarna \u00e4r mellan 16-18 \u00e5r och heter:<br \/>\nVera \u00d6rdell: s\u00e5ng och gitarr<br \/>\nManfred Linde: Bas och k\u00f6r<br \/>\nAnnie Bostr\u00f6m: Trummor och k\u00f6r<\/p>\n<p>Efter Annie Bostr\u00f6m slutade h\u00f6sten 2017 b\u00f6rjade den nya trummisen Simon Semb i bandet.<\/p>\n<p><iframe loading=\"lazy\" src=\"https:\/\/open.spotify.com\/embed\/album\/0xVksL97n0MCMPlce0gp8z\" width=\"300\" height=\"380\" frameborder=\"0\"><\/iframe><\/p>\n","protected":false},"excerpt":{"rendered":"<p>Punkbandet H\u00e5rdgnissel sl\u00e4ppte sitt sitt debutalbum &#8221;Befordran till H\u00e4rligheten&#8221; den 31 oktober. De har f\u00e5tt mycket uppm\u00e4rksamhet f\u00f6r sina samh\u00e4llskritiska, arga, och ironiska texter med teman som sexism, psykisk oh\u00e4lsa och interna sk\u00e4mt. H\u00e5rdgnissel turnerade ocks\u00e5 f\u00f6rra \u00e5ret med Matriarkatet. Medlemmarna \u00e4r mellan 16-18 \u00e5r och heter: Vera \u00d6rdell: s\u00e5ng och gitarr Manfred Linde: Bas [&hellip;]<\/p>\n","protected":false},"author":13,"featured_media":0,"comment_status":"open","ping_status":"open","sticky":false,"template":"","format":"standard","meta":{"_genesis_hide_title":false,"_genesis_hide_breadcrumbs":false,"_genesis_hide_singular_image":false,"_genesis_hide_footer_widgets":false,"_genesis_custom_body_class":"","_genesis_custom_post_class":"","_genesis_layout":"","footnotes":""},"categories":[7],"tags":[],"class_list":{"0":"post-113199","1":"post","2":"type-post","3":"status-publish","4":"format-standard","6":"category-musik","7":"entry"},"_links":{"self":[{"href":"https:\/\/kulturbloggen.com\/index.php?rest_route=\/wp\/v2\/posts\/113199","targetHints":{"allow":["GET"]}}],"collection":[{"href":"https:\/\/kulturbloggen.com\/index.php?rest_route=\/wp\/v2\/posts"}],"about":[{"href":"https:\/\/kulturbloggen.com\/index.php?rest_route=\/wp\/v2\/types\/post"}],"author":[{"embeddable":true,"href":"https:\/\/kulturbloggen.com\/index.php?rest_route=\/wp\/v2\/users\/13"}],"replies":[{"embeddable":true,"href":"https:\/\/kulturbloggen.com\/index.php?rest_route=%2Fwp%2Fv2%2Fcomments&post=113199"}],"version-history":[{"count":4,"href":"https:\/\/kulturbloggen.com\/index.php?rest_route=\/wp\/v2\/posts\/113199\/revisions"}],"predecessor-version":[{"id":113223,"href":"https:\/\/kulturbloggen.com\/index.php?rest_route=\/wp\/v2\/posts\/113199\/revisions\/113223"}],"wp:attachment":[{"href":"https:\/\/kulturbloggen.com\/index.php?rest_route=%2Fwp%2Fv2%2Fmedia&parent=113199"}],"wp:term":[{"taxonomy":"category","embeddable":true,"href":"https:\/\/kulturbloggen.com\/index.php?rest_route=%2Fwp%2Fv2%2Fcategories&post=113199"},{"taxonomy":"post_tag","embeddable":true,"href":"https:\/\/kulturbloggen.com\/index.php?rest_route=%2Fwp%2Fv2%2Ftags&post=113199"}],"curies":[{"name":"wp","href":"https:\/\/api.w.org\/{rel}","templated":true}]}}