{"id":113143,"date":"2017-10-31T17:06:40","date_gmt":"2017-10-31T15:06:40","guid":{"rendered":"http:\/\/kulturbloggen.com\/?p=113143"},"modified":"2017-10-31T17:06:40","modified_gmt":"2017-10-31T15:06:40","slug":"joan-baez-tar-farval-med-tre-sverigekonserter","status":"publish","type":"post","link":"https:\/\/kulturbloggen.com\/?p=113143","title":{"rendered":"Joan Baez tar farv\u00e4l med tre Sverigekonserter"},"content":{"rendered":"<p><a href=\"http:\/\/kulturbloggen.com\/wp-content\/uploads\/2017\/10\/unnamed-3-1.jpg\"><img loading=\"lazy\" decoding=\"async\" src=\"http:\/\/kulturbloggen.com\/wp-content\/uploads\/2017\/10\/unnamed-3-1-300x261.jpg\" alt=\"\" width=\"300\" height=\"261\" class=\"aligncenter size-medium wp-image-113144\" srcset=\"https:\/\/kulturbloggen.com\/wp-content\/uploads\/2017\/10\/unnamed-3-1-300x261.jpg 300w, https:\/\/kulturbloggen.com\/wp-content\/uploads\/2017\/10\/unnamed-3-1.jpg 636w\" sizes=\"auto, (max-width: 300px) 100vw, 300px\" \/><\/a><\/p>\n<p>F\u00f6rra \u00e5ret gav hon oss en magisk konsert p\u00e5 Stockholm Music &#038; Arts, en konsert som ocks\u00e5 g\u00e4stades av Patti Smith, och tidigare i \u00e5r blev den legendariska artisten och aktivisten Joan Baez invald i Rock &#038; Roll Hall of Fame. Nu meddelas att Joan Baez \u00e4r aktuell med nytt album och inleder sin sista stora turn\u00e9 \u201dFare thee well &#8230; Tour 2018\u201d med tre konserter i Sverige.<\/p>\n<p>Den 2 mars startar turn\u00e9n p\u00e5 Stockholm Waterfront f\u00f6r att sedan ta sig till Malm\u00f6 Live den 3 mars och Konserthuset i G\u00f6teborg den 10 mars.<\/p>\n<p><iframe loading=\"lazy\" width=\"450\" height=\"253\" src=\"https:\/\/www.youtube.com\/embed\/OzwpihgPhUE?ecver=1\" frameborder=\"0\" gesture=\"media\" allowfullscreen><\/iframe><\/p>\n","protected":false},"excerpt":{"rendered":"<p>F\u00f6rra \u00e5ret gav hon oss en magisk konsert p\u00e5 Stockholm Music &#038; Arts, en konsert som ocks\u00e5 g\u00e4stades av Patti Smith, och tidigare i \u00e5r blev den legendariska artisten och aktivisten Joan Baez invald i Rock &#038; Roll Hall of Fame. Nu meddelas att Joan Baez \u00e4r aktuell med nytt album och inleder sin sista [&hellip;]<\/p>\n","protected":false},"author":13,"featured_media":0,"comment_status":"open","ping_status":"open","sticky":false,"template":"","format":"standard","meta":{"_genesis_hide_title":false,"_genesis_hide_breadcrumbs":false,"_genesis_hide_singular_image":false,"_genesis_hide_footer_widgets":false,"_genesis_custom_body_class":"","_genesis_custom_post_class":"","_genesis_layout":"","footnotes":""},"categories":[7],"tags":[13527],"class_list":{"0":"post-113143","1":"post","2":"type-post","3":"status-publish","4":"format-standard","6":"category-musik","7":"tag-joan-baez-tar-farval-med-tre-sverigekonserter","8":"entry"},"_links":{"self":[{"href":"https:\/\/kulturbloggen.com\/index.php?rest_route=\/wp\/v2\/posts\/113143","targetHints":{"allow":["GET"]}}],"collection":[{"href":"https:\/\/kulturbloggen.com\/index.php?rest_route=\/wp\/v2\/posts"}],"about":[{"href":"https:\/\/kulturbloggen.com\/index.php?rest_route=\/wp\/v2\/types\/post"}],"author":[{"embeddable":true,"href":"https:\/\/kulturbloggen.com\/index.php?rest_route=\/wp\/v2\/users\/13"}],"replies":[{"embeddable":true,"href":"https:\/\/kulturbloggen.com\/index.php?rest_route=%2Fwp%2Fv2%2Fcomments&post=113143"}],"version-history":[{"count":1,"href":"https:\/\/kulturbloggen.com\/index.php?rest_route=\/wp\/v2\/posts\/113143\/revisions"}],"predecessor-version":[{"id":113145,"href":"https:\/\/kulturbloggen.com\/index.php?rest_route=\/wp\/v2\/posts\/113143\/revisions\/113145"}],"wp:attachment":[{"href":"https:\/\/kulturbloggen.com\/index.php?rest_route=%2Fwp%2Fv2%2Fmedia&parent=113143"}],"wp:term":[{"taxonomy":"category","embeddable":true,"href":"https:\/\/kulturbloggen.com\/index.php?rest_route=%2Fwp%2Fv2%2Fcategories&post=113143"},{"taxonomy":"post_tag","embeddable":true,"href":"https:\/\/kulturbloggen.com\/index.php?rest_route=%2Fwp%2Fv2%2Ftags&post=113143"}],"curies":[{"name":"wp","href":"https:\/\/api.w.org\/{rel}","templated":true}]}}