{"id":113100,"date":"2017-10-29T08:27:39","date_gmt":"2017-10-29T06:27:39","guid":{"rendered":"http:\/\/kulturbloggen.com\/?p=113100"},"modified":"2017-10-29T08:27:39","modified_gmt":"2017-10-29T06:27:39","slug":"teaterrecension-because-im-worth-it","status":"publish","type":"post","link":"https:\/\/kulturbloggen.com\/?p=113100","title":{"rendered":"Teaterrecension: Because I\u2019m worth it"},"content":{"rendered":"<figure id=\"attachment_113102\" aria-describedby=\"caption-attachment-113102\" style=\"width: 300px\" class=\"wp-caption aligncenter\"><a href=\"http:\/\/kulturbloggen.com\/wp-content\/uploads\/2017\/10\/because.jpg\"><img loading=\"lazy\" decoding=\"async\" src=\"http:\/\/kulturbloggen.com\/wp-content\/uploads\/2017\/10\/because-300x200.jpg\" alt=\"\" width=\"300\" height=\"200\" class=\"size-medium wp-image-113102\" srcset=\"https:\/\/kulturbloggen.com\/wp-content\/uploads\/2017\/10\/because-300x200.jpg 300w, https:\/\/kulturbloggen.com\/wp-content\/uploads\/2017\/10\/because-768x512.jpg 768w, https:\/\/kulturbloggen.com\/wp-content\/uploads\/2017\/10\/because-1024x683.jpg 1024w\" sizes=\"auto, (max-width: 300px) 100vw, 300px\" \/><\/a><figcaption id=\"caption-attachment-113102\" class=\"wp-caption-text\">Foto: H\u00e5kan Larsson<\/figcaption><\/figure>\n<p><strong>Because I\u2019m worth it<\/strong><br \/>\nRegi\/Koreogafi Fredrik Benke Rydman<br \/>\nManus Martin Luuk<br \/>\nScenografi Lars \u00d6stbergh<br \/>\nUrpremi\u00e4r p\u00e5 Stadsteatern Stockholm Klarascenen den 28 oktober 2017<\/p>\n<p>Det \u00e4r alltid med sp\u00e4nd nyfikenhet man letar efter en ny titels ursprung eller syfte i en nykl\u00e4ckt och modern f\u00f6rest\u00e4llning. Kommer titeln att vara dold eller kommer vi i publiken att f\u00f6rst\u00e5 och finna de underfundiga meningarna till upps\u00e4ttningen? Kv\u00e4llens f\u00f6rest\u00e4llning gav ett klart syfte till sitt p\u00e5st\u00e5ende \u201df\u00f6r att jag f\u00f6rtj\u00e4nar det\u201d. D\u00e4remot kanske man inte helt och fullt lyckades sy ihop hela begreppet och l\u00e4mnade n\u00e5gra spretiga \u00e4ndar i f\u00f6rv\u00e5ning. Kanske var det det oj\u00e4mna tempot som gjorde att jag inte riktigt fick ihop det? <\/p>\n<p>Det \u00e4r en mycket rolig och pratglad inledning p\u00e5 kv\u00e4llens urpremi\u00e4r. En intensiv \u201dsnackis\u201d om hur det normkritiska b\u00f6r f\u00e5 en chans, till och med bland dansare som vill presentera sig politiskt korrekt. Jag tyckte det var kul att de f\u00f6r ett kort \u00f6gonblick gick utanf\u00f6r sina roller och faktiskt enbart var sig sj\u00e4lva. N\u00e5got dansare generellt verkar vara mer beg\u00e5vade med \u00e4n andra konstn\u00e4rer. D\u00e4remot fanns det inget tydligt syfte till diskussionen i f\u00f6rest\u00e4llningen. D\u00e4remot fungerade samtalet som en rask uppv\u00e4rmning av publiken. L\u00e4ttsamheten uppskattades.<\/p>\n<p>Jag blev mycket imponerad av tanken att l\u00e5ta 3 sk\u00e5despelare spela en roll tillsammans. Mannen hade tre perspektiv p\u00e5 sig sj\u00e4lv och det hade kvinnan ocks\u00e5. Treenigheten av kropp, tanke och k\u00e4nsla gav m\u00e4nniskans komplexitet en beundransv\u00e4rd utformning och f\u00f6rst\u00e5else. N\u00e4r munnen sa \u201ddet \u00e4r okej, vi \u00e4r \u00f6verens\u201d kunde vi tydligt se hur k\u00e4nslan h\u00f6ll p\u00e5 att g\u00e5 s\u00f6nder av s\u00e5rbarhet. Ibland var de tre akt\u00f6rerna v\u00e4ldigt samspelta med varandra, men ibland inte eftersom deras kroppsspr\u00e5k var mycket olika. Tydligheterna mellan m\u00e4nnen och kvinnorna, var alltid mer sensitiv och vacker i dansens inlevelse \u00e4n i n\u00e5got annat.<\/p>\n<p>N\u00e4stan omg\u00e5ende upplevde jag alltf\u00f6r tydligt, att akt\u00f6rerna p\u00e5 scen hade starka men skilda beg\u00e5vningar. Generellt kan konstateras att de allihop \u00e4r beg\u00e5vade dansare, men inte alla hade den sk\u00e5despelartalang som manuset kr\u00e4vde. Tyv\u00e4rr blir det obehagligt tydligt n\u00e4r n\u00e5gon hankar sig fram, eftersom n\u00e5gon annan uppenbart \u00e4r s\u00e5 mycket b\u00e4ttre. Man upplevs d\u00e5 dessutom som mycket s\u00e4mre \u00e4n vad man eventuellt \u00e4r. D\u00e4rmed skar sig ber\u00e4ttelsen vid n\u00e5gra tillf\u00e4llen. Kanske hade inte regin f\u00e5tt samma utrymme som koreografin ?<\/p>\n<p>Koreografin var mycket fyndig och nyt\u00e4nkande. Det var b\u00e5de avancerade scener och l\u00e4ttsam dans i disco toner. Jag saknade att det skulle varit \u00e4nnu mer dans och koreografi. Duktiga dansare beh\u00f6ver inte en massa ord f\u00f6r att leverera bra handling. Mest fantastisk var den lutande v\u00e4gg som dansarna anv\u00e4nde under flera nummer och som gav all den fallenhet av k\u00e4nslor som beh\u00f6vdes f\u00f6r att skapa \u00e5sikternas variationer. De intima sexscenerna hade ocks\u00e5 mycket tydliga r\u00f6relser och n\u00e4rhet, utan att f\u00f6r den skull bli allt f\u00f6r kladdiga eller sv\u00e5ra att identifiera sig med. <\/p>\n<p>F\u00f6rest\u00e4llningen ber\u00f6r utmaningen att v\u00e5ga satsa p\u00e5 en s.k. \u00f6ppen relation i en relation. Paret best\u00e4mmer sig f\u00f6r att ge varandra \u201dfrikort\u201d som inneb\u00e4r att de f\u00e5r lov att ha sexuella relationer utanf\u00f6r den fasta relationen, \u201d sex \u00e4r bara ett biologiskt behov\u201d. Uppg\u00f6relsen som g\u00f6rs vid ett bord med dans och kroppsr\u00f6relser \u00e4r mycket bildlig och kreativ. <\/p>\n<p>Vi i publiken skrattar och ler \u00e5t att parterna f\u00f6rs\u00f6ker g\u00f6r det fyrkantigt f\u00f6r sig sj\u00e4lva utan att ta h\u00e4nsyn till ett faktum det vill s\u00e4ga hur kommer du att k\u00e4nna n\u00e4r din partner har sex med n\u00e5gon annan. N\u00e5gonstans ringer mina varningsklockor och man vet att det d\u00e4r kommer man inte att kunna styra \u00f6ver enbart med faktum. Paret s\u00e4tter punkt i avtalet med att konstatera att de f\u00f6rtj\u00e4na \u00e4ventyr av dessa slag och dessa utsv\u00e4vningar kommer enbart att gynna den fasta relationen i l\u00e5nga loppet. \u201dVi m\u00e5ste unna oss det h\u00e4r\u201d och \u201dvi slipper den d\u00e4r vardags skiten\u201d.<\/p>\n<p>Man kan inte f\u00e5 allt h\u00e4r i livet. Det ena blir p\u00e5 bekostnad av det andra. Naturligtvis vill vi alla maximera lyckan. Manuset s\u00e4ger att de kanske \u00e4r s\u00e5 att relationer \u00f6verlever och blir starkare efter hand n\u00e4r de v\u00e5gar genomg\u00e5 b\u00e5de el\u00e4nde och vardagstristess. Frikort g\u00f6r dig inte friare.<\/p>\n<p>Medverkande dansare \/ akt\u00f6rer \/ s\u00e5ngare David Dalmo, Emelie Jonsson, Lisette Pagler, Piotr Giro, Rennie Mirro, Sandra Medina<\/p>\n","protected":false},"excerpt":{"rendered":"<p>Because I\u2019m worth it Regi\/Koreogafi Fredrik Benke Rydman Manus Martin Luuk Scenografi Lars \u00d6stbergh Urpremi\u00e4r p\u00e5 Stadsteatern Stockholm Klarascenen den 28 oktober 2017 Det \u00e4r alltid med sp\u00e4nd nyfikenhet man letar efter en ny titels ursprung eller syfte i en nykl\u00e4ckt och modern f\u00f6rest\u00e4llning. Kommer titeln att vara dold eller kommer vi i publiken att [&hellip;]<\/p>\n","protected":false},"author":32,"featured_media":0,"comment_status":"open","ping_status":"open","sticky":false,"template":"","format":"standard","meta":{"_genesis_hide_title":false,"_genesis_hide_breadcrumbs":false,"_genesis_hide_singular_image":false,"_genesis_hide_footer_widgets":false,"_genesis_custom_body_class":"","_genesis_custom_post_class":"","_genesis_layout":"","footnotes":""},"categories":[16,20,30,31],"tags":[],"class_list":{"0":"post-113100","1":"post","2":"type-post","3":"status-publish","4":"format-standard","6":"category-recension","7":"category-film","8":"category-teater","9":"category-teaterrecension","10":"entry"},"_links":{"self":[{"href":"https:\/\/kulturbloggen.com\/index.php?rest_route=\/wp\/v2\/posts\/113100","targetHints":{"allow":["GET"]}}],"collection":[{"href":"https:\/\/kulturbloggen.com\/index.php?rest_route=\/wp\/v2\/posts"}],"about":[{"href":"https:\/\/kulturbloggen.com\/index.php?rest_route=\/wp\/v2\/types\/post"}],"author":[{"embeddable":true,"href":"https:\/\/kulturbloggen.com\/index.php?rest_route=\/wp\/v2\/users\/32"}],"replies":[{"embeddable":true,"href":"https:\/\/kulturbloggen.com\/index.php?rest_route=%2Fwp%2Fv2%2Fcomments&post=113100"}],"version-history":[{"count":3,"href":"https:\/\/kulturbloggen.com\/index.php?rest_route=\/wp\/v2\/posts\/113100\/revisions"}],"predecessor-version":[{"id":113104,"href":"https:\/\/kulturbloggen.com\/index.php?rest_route=\/wp\/v2\/posts\/113100\/revisions\/113104"}],"wp:attachment":[{"href":"https:\/\/kulturbloggen.com\/index.php?rest_route=%2Fwp%2Fv2%2Fmedia&parent=113100"}],"wp:term":[{"taxonomy":"category","embeddable":true,"href":"https:\/\/kulturbloggen.com\/index.php?rest_route=%2Fwp%2Fv2%2Fcategories&post=113100"},{"taxonomy":"post_tag","embeddable":true,"href":"https:\/\/kulturbloggen.com\/index.php?rest_route=%2Fwp%2Fv2%2Ftags&post=113100"}],"curies":[{"name":"wp","href":"https:\/\/api.w.org\/{rel}","templated":true}]}}