{"id":11300,"date":"2009-07-21T10:39:55","date_gmt":"2009-07-21T08:39:55","guid":{"rendered":"http:\/\/kulturbloggen.com\/?p=11300"},"modified":"2009-07-21T10:39:55","modified_gmt":"2009-07-21T08:39:55","slug":"aftonbladet-berattar-att-hultsfredsfestivalen-laggs-ned-redan-innan-de-anstallda-fatt-veta-sina-varsel","status":"publish","type":"post","link":"https:\/\/kulturbloggen.com\/?p=11300","title":{"rendered":"Aftonbladet ber\u00e4ttar att Hultsfredsfestivalen l\u00e4ggs ned redan innan de anst\u00e4llda f\u00e5tt veta sina varsel"},"content":{"rendered":"<p><img loading=\"lazy\" decoding=\"async\" src=\"http:\/\/sodergren.com\/kulturbloggen\/wp-content\/uploads\/2009\/07\/hultsfred.jpg\" alt=\"hultsfred\" title=\"hultsfred\" width=\"300\" height=\"291\" class=\"aligncenter size-full wp-image-11306\" \/><\/p>\n<p>Alla 20 anst\u00e4llda p\u00e5 Rockparty som driver Hultsfredsfestivalen varslas. <a href=\"http:\/\/www.aftonbladet.se\/nojesbladet\/supersommar2009\/article5540050.ab\">Aftonbladet ber\u00e4ttar<\/a> att de anst\u00e4llda ska f\u00e5 beskedet p\u00e5 tisdagen 21 juli vid 11-tiden. Men tidningen ber\u00e4ttar allts\u00e5 detta redan n\u00e5gon timme f\u00f6re.<br \/>\nDet \u00e4r lite osmakligt att de anst\u00e4llda allts\u00e5 f\u00e5r sina varsel om upps\u00e4gning via en kv\u00e4llstidning.<\/p>\n<p><a href=\"http:\/\/www.aftonbladet.se\/nojesbladet\/supersommar2009\/article5540166.ab\">Aftonbladet har listat och ber\u00e4ttar om de 24 \u00e5ren som festivalen i Hultsfred funnits<\/a>. ..<br \/>\nJag \u00f6nskar att jag var d\u00e4r 1986, det f\u00f6rsta festival\u00e5ret d\u00e5 Erasure och Nils Lofgren var d\u00e4r och publiksiffran var inte mer \u00e4n 7.500. Det var nog en trivsam festival.<\/p>\n<p>Det k\u00e4nns tr\u00e5kigt att den nu troligen l\u00e4ggs ned, men tiden har rullat iv\u00e4g och flera andra rockiga festivaler finns. Men Hultsfred har betytt mycket f\u00f6r m\u00e5nga. Det var l\u00e4nge den svenska festivalen med stort F,<\/p>\n<p>Relaterat:<br \/>\n<a href=\"http:\/\/www.gp.se\/gp\/jsp\/Crosslink.jsp?d=907&#038;a=507217\">G\u00f6teborgsposten<\/a><\/p>\n<blockquote><p>I \u00e5r tog nya chefen Per Alexandersson \u00f6ver och festivalen flyttades fr\u00e5n juni till juli. \u00c5rets festival 8-11 juli hade bandet Killers som st\u00f6rsta dragpl\u00e5ster. Men det blev \u00e4nd\u00e5 en f\u00f6rlust i storleksordningen 7 miljoner kronor, uppger Aftonbladet.<\/p>\n<p>Hultsfredsfestivalens ekonomiska bekymmer beror bland annat p\u00e5 h\u00e5rdnande konkurrens fr\u00e5n andra festivaler om stj\u00e4rnnamnen, men ocks\u00e5 p\u00e5 svag valutakurs som g\u00f6r det dyrare att boka artister och minskade sponsorint\u00e4kter.\n<\/p><\/blockquote>\n<p>Fast: namnet finns kvar, s\u00e5 jag tror att den kommer tillbaka, fast i annan form, eller som ekonomer brukar s\u00e4ga. I annan kostym.<\/p>\n<p><a href=\"http:\/\/www.dn.se\/kultur-noje\/musik\/musikfestivaler-hart-pressade-1.911710\">Dagens Nyheter<\/a><\/p>\n<p><a href=\"http:\/\/www.svd.se\/kulturnoje\/nyheter\/artikel_3231599.svd\">Svenska Dagbladet<\/a><\/p>\n<p><a href=\"http:\/\/www.aftonbladet.se\/nojesbladet\/supersommar2009\/article5540088.ab\">Aftonbladet<\/a><\/p>\n<p>L\u00e4s \u00e4ven andra bloggares \u00e5sikter om <a href=\"http:\/\/bloggar.se\/om\/musikfestival\" rel=\"tag\">musikfestival<\/a>, <a href=\"http:\/\/bloggar.se\/om\/ekonomi\" rel=\"tag\">ekonomi<\/a>, <a href=\"http:\/\/bloggar.se\/om\/Hultsfred\" rel=\"tag\">Hultsfred<\/a>, <a href=\"http:\/\/bloggar.se\/om\/varsel\" rel=\"tag\">varsel<\/a>, <a href=\"http:\/\/bloggar.se\/om\/Rockparty\" rel=\"tag\">Rockparty<\/a>, <a href=\"http:\/\/bloggar.se\/om\/Aftonbladet\" rel=\"tag\">Aftonbladet<\/a><\/p>\n","protected":false},"excerpt":{"rendered":"<p>Alla 20 anst\u00e4llda p\u00e5 Rockparty som driver Hultsfredsfestivalen varslas. Aftonbladet ber\u00e4ttar att de anst\u00e4llda ska f\u00e5 beskedet p\u00e5 tisdagen 21 juli vid 11-tiden. Men tidningen ber\u00e4ttar allts\u00e5 detta redan n\u00e5gon timme f\u00f6re. Det \u00e4r lite osmakligt att de anst\u00e4llda allts\u00e5 f\u00e5r sina varsel om upps\u00e4gning via en kv\u00e4llstidning. Aftonbladet har listat och ber\u00e4ttar om de [&hellip;]<\/p>\n","protected":false},"author":2,"featured_media":0,"comment_status":"open","ping_status":"open","sticky":false,"template":"","format":"standard","meta":{"_genesis_hide_title":false,"_genesis_hide_breadcrumbs":false,"_genesis_hide_singular_image":false,"_genesis_hide_footer_widgets":false,"_genesis_custom_body_class":"","_genesis_custom_post_class":"","_genesis_layout":"","footnotes":""},"categories":[20],"tags":[1463,3844],"class_list":{"0":"post-11300","1":"post","2":"type-post","3":"status-publish","4":"format-standard","6":"category-film","7":"tag-ekonomi","8":"tag-musikfestival","9":"entry"},"_links":{"self":[{"href":"https:\/\/kulturbloggen.com\/index.php?rest_route=\/wp\/v2\/posts\/11300","targetHints":{"allow":["GET"]}}],"collection":[{"href":"https:\/\/kulturbloggen.com\/index.php?rest_route=\/wp\/v2\/posts"}],"about":[{"href":"https:\/\/kulturbloggen.com\/index.php?rest_route=\/wp\/v2\/types\/post"}],"author":[{"embeddable":true,"href":"https:\/\/kulturbloggen.com\/index.php?rest_route=\/wp\/v2\/users\/2"}],"replies":[{"embeddable":true,"href":"https:\/\/kulturbloggen.com\/index.php?rest_route=%2Fwp%2Fv2%2Fcomments&post=11300"}],"version-history":[{"count":0,"href":"https:\/\/kulturbloggen.com\/index.php?rest_route=\/wp\/v2\/posts\/11300\/revisions"}],"wp:attachment":[{"href":"https:\/\/kulturbloggen.com\/index.php?rest_route=%2Fwp%2Fv2%2Fmedia&parent=11300"}],"wp:term":[{"taxonomy":"category","embeddable":true,"href":"https:\/\/kulturbloggen.com\/index.php?rest_route=%2Fwp%2Fv2%2Fcategories&post=11300"},{"taxonomy":"post_tag","embeddable":true,"href":"https:\/\/kulturbloggen.com\/index.php?rest_route=%2Fwp%2Fv2%2Ftags&post=11300"}],"curies":[{"name":"wp","href":"https:\/\/api.w.org\/{rel}","templated":true}]}}