{"id":112963,"date":"2017-10-20T11:03:24","date_gmt":"2017-10-20T09:03:24","guid":{"rendered":"http:\/\/kulturbloggen.com\/?p=112963"},"modified":"2017-10-20T11:03:24","modified_gmt":"2017-10-20T09:03:24","slug":"lyssna-ulf-stureson-min-chans-och-traforadlingen","status":"publish","type":"post","link":"https:\/\/kulturbloggen.com\/?p=112963","title":{"rendered":"Lyssna:  Ulf Stureson &#8211; \u201dMin chans\u201d och \u201dTr\u00e4f\u00f6r\u00e4dlingen\u201d"},"content":{"rendered":"<p> <a href=\"http:\/\/kulturbloggen.com\/wp-content\/uploads\/2017\/10\/unnamed-1.jpg\"><img loading=\"lazy\" decoding=\"async\" src=\"http:\/\/kulturbloggen.com\/wp-content\/uploads\/2017\/10\/unnamed-1-300x300.jpg\" alt=\"\" width=\"300\" height=\"300\" class=\"aligncenter size-medium wp-image-112964\" srcset=\"https:\/\/kulturbloggen.com\/wp-content\/uploads\/2017\/10\/unnamed-1-300x300.jpg 300w, https:\/\/kulturbloggen.com\/wp-content\/uploads\/2017\/10\/unnamed-1-150x150.jpg 150w, https:\/\/kulturbloggen.com\/wp-content\/uploads\/2017\/10\/unnamed-1.jpg 337w\" sizes=\"auto, (max-width: 300px) 100vw, 300px\" \/><\/a><\/p>\n<p>28 oktober \u00e4r det premi\u00e4r f\u00f6r Alfta f\u00f6rr och nu \u2013 En musikf\u00f6rest\u00e4llning i tv\u00e5 akter. Med anledning av det sl\u00e4pper Ulf Stureson den 20 oktober tv\u00e5 nya l\u00e5tar, \u201dMin chans\u201d och \u201dTr\u00e4f\u00f6r\u00e4dlingen\u201d, som inte var med p\u00e5 det hyllade albumet fr\u00e5n i somras. <\/p>\n<p>Detta \u00e4r de tv\u00e5 avslutande kapitlen i Ulf Sturesons historia om Alfta f\u00f6rr och nu. En historia som egentligen b\u00f6rjade redan 1996 med debutalbumet \u201dI overkligheten\u201d. \u201dMin chans\u201d och \u201dTr\u00e4f\u00f6r\u00e4dlingen\u201d \u00e4r tv\u00e5 l\u00e5tar sprungna ur samma b\u00e4ck som alla andra l\u00e5tar p\u00e5 senaste albumet, men som passade b\u00e4ttre att presentera p\u00e5 detta s\u00e4tt, som en klassisk dubbel A-sidasingel.<\/p>\n<p>Ulf om Min Chans:<br \/>\n<em>&#8211; Sitter i bilen p\u00e5 v\u00e4g in till Bolln\u00e4s fr\u00e5n Alfta. Svagt ljus fr\u00e5n f\u00f6nster i n\u00e5t enstaka hus ute p\u00e5 \u00e5krarna och sn\u00f6n som virvlar under bleka gatljus, annars bara m\u00f6rkret och skogen. Jag t\u00e4nker p\u00e5 alla g\u00e5nger jag har gjort den h\u00e4r resan, i skolbussen d\u00e4r jag kunde dr\u00f6mma mig bort i dom m\u00f6rka vintermorgnarna och n\u00e5gra \u00e5r senare i baks\u00e4tet p\u00e5 n\u00e5n rish\u00f6g p\u00e5 v\u00e4g in till ljusen i stan. L\u00e5ngt senare hade jag en v\u00e4n i Stockholm som alltid l\u00e4ngtade bort. Hon hatade kylan och m\u00f6rkret s\u00e5 hon reste till Bali och Thailand och Barcelona och Gud vet var i hopp om att hitta ett b\u00e4ttre liv n\u00e5n annanstans. Jag vet inte om hon gjorde det.<\/em><\/p>\n<p>Ulf om Tr\u00e4f\u00f6r\u00e4dlingen:<br \/>\n<em>&#8211; Jag hade mitt f\u00f6rsta sommarjobb p\u00e5 AB Bj\u00f6rktr\u00e4 i Viksj\u00f6fors. D\u00e4r tillverkade man bl a Ringos trumpinnar en g\u00e5ng i tiden och det r\u00e4ckte f\u00f6r mig. Det var praktiskt f\u00f6r jag kunde ro dit \u00f6ver sj\u00f6n men oftast \u00e5kte jag p\u00e5 min nya moppe. Alla mina raggarv\u00e4nner jobbade d\u00e4r. Jag hade h\u00f6rselskydd p\u00e5 hela dagarna, liksom innesluten i ett eget universum d\u00e4r jag kunde t\u00e4nka p\u00e5 l\u00e5tar och dagdr\u00f6mma. Jag tj\u00e4nade enorma summor egna pengar som jag fick i ett kuvert varje m\u00e5nad. N\u00e4r jag satt vid svarven brukade jag somna av monotonin s\u00e5 sandpappret i maskinen gick av och det blev ett j\u00e4vla liv p\u00e5 f\u00f6rmannen. Det b\u00e4sta jobbet var p\u00e5 skridskoskyddslackeringen men d\u00e4r fick man bara vara n\u00e4r man hade jobbat ett tag. Jag vacklade omkring d\u00e4r helt rusig i \u00e5ngorna av l\u00f6sningsmedel och tyckte att mer \u00e4n det h\u00e4r kan man inte \u00f6nska sig.<\/em><\/p>\n<p>Sista veckan i oktober \u00e4r det dags f\u00f6r uts\u00e5ld premi\u00e4r f\u00f6r Alfta f\u00f6rr och nu \u2013 En musikf\u00f6rest\u00e4llning i tv\u00e5 akter. Premi\u00e4ren \u00e4ger givetvis rum i just Alfta. Under november f\u00f6ljer sedan en rad upps\u00e4ttningar i Stockholm, G\u00f6teborg, Malm\u00f6 och G\u00e4vle.<\/p>\n<p><strong>Alfta f\u00f6rr och nu \u2013 En musikf\u00f6rest\u00e4llning i tv\u00e5 akter:<\/strong><br \/>\n28 oktober ALFTA Runemo byag\u00e5rd UTS\u00c5LT<br \/>\n04 november G\u00d6TEBORG Stora Teatern<br \/>\n05 november STOCKHOLM S\u00f6dra Teatern<br \/>\n08 november MALM\u00d6 Victoriateatern<br \/>\n25 november G\u00c4VLE Gasklockarna<\/p>\n<p><iframe loading=\"lazy\" src=\"https:\/\/open.spotify.com\/embed\/album\/3BZNEHS0wzZODtjC8IhnxL\" width=\"300\" height=\"380\" frameborder=\"0\" allowtransparency=\"true\"><\/iframe><\/p>\n","protected":false},"excerpt":{"rendered":"<p>28 oktober \u00e4r det premi\u00e4r f\u00f6r Alfta f\u00f6rr och nu \u2013 En musikf\u00f6rest\u00e4llning i tv\u00e5 akter. Med anledning av det sl\u00e4pper Ulf Stureson den 20 oktober tv\u00e5 nya l\u00e5tar, \u201dMin chans\u201d och \u201dTr\u00e4f\u00f6r\u00e4dlingen\u201d, som inte var med p\u00e5 det hyllade albumet fr\u00e5n i somras. Detta \u00e4r de tv\u00e5 avslutande kapitlen i Ulf Sturesons historia om [&hellip;]<\/p>\n","protected":false},"author":13,"featured_media":0,"comment_status":"open","ping_status":"open","sticky":false,"template":"","format":"standard","meta":{"_genesis_hide_title":false,"_genesis_hide_breadcrumbs":false,"_genesis_hide_singular_image":false,"_genesis_hide_footer_widgets":false,"_genesis_custom_body_class":"","_genesis_custom_post_class":"","_genesis_layout":"","footnotes":""},"categories":[7],"tags":[13504,13505],"class_list":{"0":"post-112963","1":"post","2":"type-post","3":"status-publish","4":"format-standard","6":"category-musik","7":"tag-alfta-forr-och-nu","8":"tag-ulf-stureson","9":"entry"},"_links":{"self":[{"href":"https:\/\/kulturbloggen.com\/index.php?rest_route=\/wp\/v2\/posts\/112963","targetHints":{"allow":["GET"]}}],"collection":[{"href":"https:\/\/kulturbloggen.com\/index.php?rest_route=\/wp\/v2\/posts"}],"about":[{"href":"https:\/\/kulturbloggen.com\/index.php?rest_route=\/wp\/v2\/types\/post"}],"author":[{"embeddable":true,"href":"https:\/\/kulturbloggen.com\/index.php?rest_route=\/wp\/v2\/users\/13"}],"replies":[{"embeddable":true,"href":"https:\/\/kulturbloggen.com\/index.php?rest_route=%2Fwp%2Fv2%2Fcomments&post=112963"}],"version-history":[{"count":1,"href":"https:\/\/kulturbloggen.com\/index.php?rest_route=\/wp\/v2\/posts\/112963\/revisions"}],"predecessor-version":[{"id":112965,"href":"https:\/\/kulturbloggen.com\/index.php?rest_route=\/wp\/v2\/posts\/112963\/revisions\/112965"}],"wp:attachment":[{"href":"https:\/\/kulturbloggen.com\/index.php?rest_route=%2Fwp%2Fv2%2Fmedia&parent=112963"}],"wp:term":[{"taxonomy":"category","embeddable":true,"href":"https:\/\/kulturbloggen.com\/index.php?rest_route=%2Fwp%2Fv2%2Fcategories&post=112963"},{"taxonomy":"post_tag","embeddable":true,"href":"https:\/\/kulturbloggen.com\/index.php?rest_route=%2Fwp%2Fv2%2Ftags&post=112963"}],"curies":[{"name":"wp","href":"https:\/\/api.w.org\/{rel}","templated":true}]}}