{"id":112911,"date":"2017-10-19T09:15:09","date_gmt":"2017-10-19T07:15:09","guid":{"rendered":"http:\/\/kulturbloggen.com\/?p=112911"},"modified":"2017-10-19T09:15:09","modified_gmt":"2017-10-19T07:15:09","slug":"nationalteaterns-rockorkester-firar-40-arsjubileum-med-konserthusturne-varen-2018","status":"publish","type":"post","link":"https:\/\/kulturbloggen.com\/?p=112911","title":{"rendered":"Nationalteaterns Rockorkester firar 40-\u00e5rsjubileum med konserthusturn\u00e9 v\u00e5ren 2018"},"content":{"rendered":"<p><a href=\"http:\/\/kulturbloggen.com\/wp-content\/uploads\/2017\/10\/nationalteatern2018.jpg\"><img loading=\"lazy\" decoding=\"async\" src=\"http:\/\/kulturbloggen.com\/wp-content\/uploads\/2017\/10\/nationalteatern2018-300x169.jpg\" alt=\"\" width=\"300\" height=\"169\" class=\"aligncenter size-medium wp-image-112912\" srcset=\"https:\/\/kulturbloggen.com\/wp-content\/uploads\/2017\/10\/nationalteatern2018-300x169.jpg 300w, https:\/\/kulturbloggen.com\/wp-content\/uploads\/2017\/10\/nationalteatern2018.jpg 690w\" sizes=\"auto, (max-width: 300px) 100vw, 300px\" \/><\/a><\/p>\n<p>Nationalteaterns Rockorkester firar 40-\u00e5rsjubileum med konserthusturn\u00e9 v\u00e5ren 2018.<\/p>\n<p>Ett pressmeddelande ber\u00e4ttar:<\/p>\n<p>Efter tv\u00e5 uts\u00e5lda turn\u00e9er 2014 var succ\u00e9orkestern ganska n\u00f6jd med turnerandet och bandet drog sig s\u00e5 sm\u00e5tt tillbaka. Men efter fyra \u00e5r av massiv efterfr\u00e5gan fr\u00e5n fans om comeback och inf\u00f6r stundande 40-\u00e5rs jubileum har man nu \u00e5ter v\u00e4ckt turn\u00e9tarmen hos Ulf Dageby &#038; Co.<br \/>\nNu \u00e4r de mer laddade \u00e4n n\u00e5gonsin och redo f\u00f6r konserthusturn\u00e9 v\u00e5ren 2018!<\/p>\n<p>1978 bildades Nationalteaterns Rockorkester, samma \u00e5r som albumet \u201dBarn av v\u00e5r tid\u201d sl\u00e4pptes. Nu ska det firas 40-\u00e5rs jubileum! Turn\u00e9premi\u00e4r blir den 9 februari 2018 i J\u00f6nk\u00f6ping och orkestern bes\u00f6ker sedan konserthus runt om i landet med final i Karlstad CCC den 7 april. <\/p>\n<p>L\u00e4s mer via <strong><a href=\"http:\/\/www.nationalteaternsrockorkester.se\">www.nationalteaternsrockorkester.se<\/a><\/strong><\/p>\n<p>S\u00e5ng och gitarr &#8211; Ulf Dageby<br \/>\nS\u00e5ng &#8211; Stefan Missios<br \/>\nS\u00e5ng &#8211; Matilda Sj\u00f6holm<br \/>\nGitarr &#8211; H\u00e5kan Svensson<br \/>\nKeyboard &#8211; Ulf &#8221;Vinyl&#8221; Stenberg<br \/>\nBas &#8211; Kalle Gustafsson Jerneholm<br \/>\nTrummor &#8211; H\u00e5kan Nyberg<\/p>\n","protected":false},"excerpt":{"rendered":"<p>Nationalteaterns Rockorkester firar 40-\u00e5rsjubileum med konserthusturn\u00e9 v\u00e5ren 2018. Ett pressmeddelande ber\u00e4ttar: Efter tv\u00e5 uts\u00e5lda turn\u00e9er 2014 var succ\u00e9orkestern ganska n\u00f6jd med turnerandet och bandet drog sig s\u00e5 sm\u00e5tt tillbaka. Men efter fyra \u00e5r av massiv efterfr\u00e5gan fr\u00e5n fans om comeback och inf\u00f6r stundande 40-\u00e5rs jubileum har man nu \u00e5ter v\u00e4ckt turn\u00e9tarmen hos Ulf Dageby &#038; [&hellip;]<\/p>\n","protected":false},"author":13,"featured_media":0,"comment_status":"open","ping_status":"open","sticky":false,"template":"","format":"standard","meta":{"_genesis_hide_title":false,"_genesis_hide_breadcrumbs":false,"_genesis_hide_singular_image":false,"_genesis_hide_footer_widgets":false,"_genesis_custom_body_class":"","_genesis_custom_post_class":"","_genesis_layout":"","footnotes":""},"categories":[7],"tags":[13498],"class_list":{"0":"post-112911","1":"post","2":"type-post","3":"status-publish","4":"format-standard","6":"category-musik","7":"tag-nationalteaterns-rockorkester-ar-tillbaka","8":"entry"},"_links":{"self":[{"href":"https:\/\/kulturbloggen.com\/index.php?rest_route=\/wp\/v2\/posts\/112911","targetHints":{"allow":["GET"]}}],"collection":[{"href":"https:\/\/kulturbloggen.com\/index.php?rest_route=\/wp\/v2\/posts"}],"about":[{"href":"https:\/\/kulturbloggen.com\/index.php?rest_route=\/wp\/v2\/types\/post"}],"author":[{"embeddable":true,"href":"https:\/\/kulturbloggen.com\/index.php?rest_route=\/wp\/v2\/users\/13"}],"replies":[{"embeddable":true,"href":"https:\/\/kulturbloggen.com\/index.php?rest_route=%2Fwp%2Fv2%2Fcomments&post=112911"}],"version-history":[{"count":1,"href":"https:\/\/kulturbloggen.com\/index.php?rest_route=\/wp\/v2\/posts\/112911\/revisions"}],"predecessor-version":[{"id":112913,"href":"https:\/\/kulturbloggen.com\/index.php?rest_route=\/wp\/v2\/posts\/112911\/revisions\/112913"}],"wp:attachment":[{"href":"https:\/\/kulturbloggen.com\/index.php?rest_route=%2Fwp%2Fv2%2Fmedia&parent=112911"}],"wp:term":[{"taxonomy":"category","embeddable":true,"href":"https:\/\/kulturbloggen.com\/index.php?rest_route=%2Fwp%2Fv2%2Fcategories&post=112911"},{"taxonomy":"post_tag","embeddable":true,"href":"https:\/\/kulturbloggen.com\/index.php?rest_route=%2Fwp%2Fv2%2Ftags&post=112911"}],"curies":[{"name":"wp","href":"https:\/\/api.w.org\/{rel}","templated":true}]}}