{"id":112822,"date":"2017-10-16T16:14:01","date_gmt":"2017-10-16T14:14:01","guid":{"rendered":"http:\/\/kulturbloggen.com\/?p=112822"},"modified":"2017-10-16T16:14:01","modified_gmt":"2017-10-16T14:14:01","slug":"bildgalleri-the-dream-syndicate-pa-pustervik","status":"publish","type":"post","link":"https:\/\/kulturbloggen.com\/?p=112822","title":{"rendered":"Bildgalleri: The Dream Syndicate p\u00e5 Pustervik"},"content":{"rendered":"<p><img loading=\"lazy\" decoding=\"async\" src=\"http:\/\/kulturbloggen.com\/wp-content\/uploads\/2017\/10\/Dream_01.jpg\" alt=\"\" width=\"450\" height=\"300\" class=\"aligncenter size-full wp-image-112823\" srcset=\"https:\/\/kulturbloggen.com\/wp-content\/uploads\/2017\/10\/Dream_01.jpg 450w, https:\/\/kulturbloggen.com\/wp-content\/uploads\/2017\/10\/Dream_01-300x200.jpg 300w\" sizes=\"auto, (max-width: 450px) 100vw, 450px\" \/><\/p>\n<p>The Dream Syndicate p\u00e5 Pustervik<br \/>\nG\u00f6teborg 15 oktober 2017<\/p>\n<p>The Dream Syndicate &#8211; live p\u00e5 Pustervik i G\u00f6teborg f\u00f6r f\u00f6rsta g\u00e5ngen sen det dimmiga 80-talet. Trevande start, men sen f\u00f6rv\u00e5nansv\u00e4rt starkt med en fullst\u00e4ndigt kn\u00e4ckande &#8221;The Days Of Wine And Roses&#8221; som sista l\u00e5t f\u00f6re extranumren.  M\u00e5ndag kv\u00e4ll den 16 oktober spelar de i Stockholm och dagen d\u00e4rp\u00e5 i Malm\u00f6.<\/p>\n<p><strong>Foto: Peter Birgerstam<\/strong><\/p>\n<p><img loading=\"lazy\" decoding=\"async\" src=\"http:\/\/kulturbloggen.com\/wp-content\/uploads\/2017\/10\/Dream_02.jpg\" alt=\"\" width=\"450\" height=\"450\" class=\"aligncenter size-full wp-image-112824\" srcset=\"https:\/\/kulturbloggen.com\/wp-content\/uploads\/2017\/10\/Dream_02.jpg 450w, https:\/\/kulturbloggen.com\/wp-content\/uploads\/2017\/10\/Dream_02-150x150.jpg 150w, https:\/\/kulturbloggen.com\/wp-content\/uploads\/2017\/10\/Dream_02-300x300.jpg 300w\" sizes=\"auto, (max-width: 450px) 100vw, 450px\" \/><\/p>\n<p><img loading=\"lazy\" decoding=\"async\" src=\"http:\/\/kulturbloggen.com\/wp-content\/uploads\/2017\/10\/Dream_03.jpg\" alt=\"\" width=\"450\" height=\"338\" class=\"aligncenter size-full wp-image-112825\" srcset=\"https:\/\/kulturbloggen.com\/wp-content\/uploads\/2017\/10\/Dream_03.jpg 450w, https:\/\/kulturbloggen.com\/wp-content\/uploads\/2017\/10\/Dream_03-300x225.jpg 300w\" sizes=\"auto, (max-width: 450px) 100vw, 450px\" \/><\/p>\n<p><img loading=\"lazy\" decoding=\"async\" src=\"http:\/\/kulturbloggen.com\/wp-content\/uploads\/2017\/10\/Dream_04.jpg\" alt=\"\" width=\"450\" height=\"300\" class=\"aligncenter size-full wp-image-112826\" srcset=\"https:\/\/kulturbloggen.com\/wp-content\/uploads\/2017\/10\/Dream_04.jpg 450w, https:\/\/kulturbloggen.com\/wp-content\/uploads\/2017\/10\/Dream_04-300x200.jpg 300w\" sizes=\"auto, (max-width: 450px) 100vw, 450px\" \/><\/p>\n<p><img loading=\"lazy\" decoding=\"async\" src=\"http:\/\/kulturbloggen.com\/wp-content\/uploads\/2017\/10\/Dream_05.jpg\" alt=\"\" width=\"450\" height=\"300\" class=\"aligncenter size-full wp-image-112827\" srcset=\"https:\/\/kulturbloggen.com\/wp-content\/uploads\/2017\/10\/Dream_05.jpg 450w, https:\/\/kulturbloggen.com\/wp-content\/uploads\/2017\/10\/Dream_05-300x200.jpg 300w\" sizes=\"auto, (max-width: 450px) 100vw, 450px\" \/><\/p>\n<p><img loading=\"lazy\" decoding=\"async\" src=\"http:\/\/kulturbloggen.com\/wp-content\/uploads\/2017\/10\/Dream_06.jpg\" alt=\"\" width=\"450\" height=\"675\" class=\"aligncenter size-full wp-image-112828\" srcset=\"https:\/\/kulturbloggen.com\/wp-content\/uploads\/2017\/10\/Dream_06.jpg 450w, https:\/\/kulturbloggen.com\/wp-content\/uploads\/2017\/10\/Dream_06-200x300.jpg 200w\" sizes=\"auto, (max-width: 450px) 100vw, 450px\" \/><\/p>\n","protected":false},"excerpt":{"rendered":"<p>The Dream Syndicate p\u00e5 Pustervik G\u00f6teborg 15 oktober 2017 The Dream Syndicate &#8211; live p\u00e5 Pustervik i G\u00f6teborg f\u00f6r f\u00f6rsta g\u00e5ngen sen det dimmiga 80-talet. Trevande start, men sen f\u00f6rv\u00e5nansv\u00e4rt starkt med en fullst\u00e4ndigt kn\u00e4ckande &#8221;The Days Of Wine And Roses&#8221; som sista l\u00e5t f\u00f6re extranumren. M\u00e5ndag kv\u00e4ll den 16 oktober spelar de i Stockholm [&hellip;]<\/p>\n","protected":false},"author":42,"featured_media":0,"comment_status":"open","ping_status":"open","sticky":false,"template":"","format":"standard","meta":{"_genesis_hide_title":false,"_genesis_hide_breadcrumbs":false,"_genesis_hide_singular_image":false,"_genesis_hide_footer_widgets":false,"_genesis_custom_body_class":"","_genesis_custom_post_class":"","_genesis_layout":"","footnotes":""},"categories":[7],"tags":[13487],"class_list":{"0":"post-112822","1":"post","2":"type-post","3":"status-publish","4":"format-standard","6":"category-musik","7":"tag-the-dream-syndicate-pa-pustervik","8":"entry"},"_links":{"self":[{"href":"https:\/\/kulturbloggen.com\/index.php?rest_route=\/wp\/v2\/posts\/112822","targetHints":{"allow":["GET"]}}],"collection":[{"href":"https:\/\/kulturbloggen.com\/index.php?rest_route=\/wp\/v2\/posts"}],"about":[{"href":"https:\/\/kulturbloggen.com\/index.php?rest_route=\/wp\/v2\/types\/post"}],"author":[{"embeddable":true,"href":"https:\/\/kulturbloggen.com\/index.php?rest_route=\/wp\/v2\/users\/42"}],"replies":[{"embeddable":true,"href":"https:\/\/kulturbloggen.com\/index.php?rest_route=%2Fwp%2Fv2%2Fcomments&post=112822"}],"version-history":[{"count":1,"href":"https:\/\/kulturbloggen.com\/index.php?rest_route=\/wp\/v2\/posts\/112822\/revisions"}],"predecessor-version":[{"id":112829,"href":"https:\/\/kulturbloggen.com\/index.php?rest_route=\/wp\/v2\/posts\/112822\/revisions\/112829"}],"wp:attachment":[{"href":"https:\/\/kulturbloggen.com\/index.php?rest_route=%2Fwp%2Fv2%2Fmedia&parent=112822"}],"wp:term":[{"taxonomy":"category","embeddable":true,"href":"https:\/\/kulturbloggen.com\/index.php?rest_route=%2Fwp%2Fv2%2Fcategories&post=112822"},{"taxonomy":"post_tag","embeddable":true,"href":"https:\/\/kulturbloggen.com\/index.php?rest_route=%2Fwp%2Fv2%2Ftags&post=112822"}],"curies":[{"name":"wp","href":"https:\/\/api.w.org\/{rel}","templated":true}]}}