{"id":112792,"date":"2017-10-14T21:22:17","date_gmt":"2017-10-14T19:22:17","guid":{"rendered":"http:\/\/kulturbloggen.com\/?p=112792"},"modified":"2017-10-14T21:22:17","modified_gmt":"2017-10-14T19:22:17","slug":"lyssna-sveriges-nya-poplofte-grant-waterline","status":"publish","type":"post","link":"https:\/\/kulturbloggen.com\/?p=112792","title":{"rendered":"Lyssna: Sveriges nya popl\u00f6fte: Grant &#8211; Waterline"},"content":{"rendered":"<p><img loading=\"lazy\" decoding=\"async\" src=\"http:\/\/kulturbloggen.com\/wp-content\/uploads\/2017\/10\/unnamed.jpg\" alt=\"\" width=\"337\" height=\"337\" class=\"aligncenter size-full wp-image-112798\" srcset=\"https:\/\/kulturbloggen.com\/wp-content\/uploads\/2017\/10\/unnamed.jpg 337w, https:\/\/kulturbloggen.com\/wp-content\/uploads\/2017\/10\/unnamed-150x150.jpg 150w, https:\/\/kulturbloggen.com\/wp-content\/uploads\/2017\/10\/unnamed-300x300.jpg 300w\" sizes=\"auto, (max-width: 337px) 100vw, 337px\" \/><\/p>\n<p>Den 13 oktober sl\u00e4pptes debutsingeln \u201dWaterline\u201d som \u00e4r skriven av GRANT &#038; producenten Peter Kvint och \u00e4r producerad av Johan T Karlsson fr\u00e5n FAMILJEN tillsammans med Peter Kvint.<\/p>\n<p>GRANT \u00e4r Caroline Cederl\u00f6fs poppersona, hennes alter ego. Med musiken tar hennes stora k\u00e4nslor och starka r\u00f6st plats.\u2028 Det h\u00e4r \u00e4r det f\u00f6rsta vi f\u00e5r h\u00f6ra fr\u00e5n GRANT och i b\u00f6rjan av 2018 sl\u00e4pps hennes fantastiska debutalbum.<\/p>\n<p>GRANT har bl. a. spelat p\u00e5 Peace and Love, Tr\u00e4dg\u00e5rden, varit f\u00f6rband till Lumette p\u00e5 K\u00e4gelbanan och senaste Red Bull Sound Select p\u00e5 Hilma i Stockholm.<\/p>\n<p><iframe loading=\"lazy\" src=\"https:\/\/open.spotify.com\/embed\/track\/29X2SbrWVW3AKrM9wStY4j\" width=\"300\" height=\"380\" frameborder=\"0\" allowtransparency=\"true\"><\/iframe><\/p>\n","protected":false},"excerpt":{"rendered":"<p>Den 13 oktober sl\u00e4pptes debutsingeln \u201dWaterline\u201d som \u00e4r skriven av GRANT &#038; producenten Peter Kvint och \u00e4r producerad av Johan T Karlsson fr\u00e5n FAMILJEN tillsammans med Peter Kvint. GRANT \u00e4r Caroline Cederl\u00f6fs poppersona, hennes alter ego. Med musiken tar hennes stora k\u00e4nslor och starka r\u00f6st plats.\u2028 Det h\u00e4r \u00e4r det f\u00f6rsta vi f\u00e5r h\u00f6ra fr\u00e5n [&hellip;]<\/p>\n","protected":false},"author":13,"featured_media":0,"comment_status":"open","ping_status":"open","sticky":false,"template":"","format":"standard","meta":{"_genesis_hide_title":false,"_genesis_hide_breadcrumbs":false,"_genesis_hide_singular_image":false,"_genesis_hide_footer_widgets":false,"_genesis_custom_body_class":"","_genesis_custom_post_class":"","_genesis_layout":"","footnotes":""},"categories":[7],"tags":[13485],"class_list":{"0":"post-112792","1":"post","2":"type-post","3":"status-publish","4":"format-standard","6":"category-musik","7":"tag-grant-waterline","8":"entry"},"_links":{"self":[{"href":"https:\/\/kulturbloggen.com\/index.php?rest_route=\/wp\/v2\/posts\/112792","targetHints":{"allow":["GET"]}}],"collection":[{"href":"https:\/\/kulturbloggen.com\/index.php?rest_route=\/wp\/v2\/posts"}],"about":[{"href":"https:\/\/kulturbloggen.com\/index.php?rest_route=\/wp\/v2\/types\/post"}],"author":[{"embeddable":true,"href":"https:\/\/kulturbloggen.com\/index.php?rest_route=\/wp\/v2\/users\/13"}],"replies":[{"embeddable":true,"href":"https:\/\/kulturbloggen.com\/index.php?rest_route=%2Fwp%2Fv2%2Fcomments&post=112792"}],"version-history":[{"count":3,"href":"https:\/\/kulturbloggen.com\/index.php?rest_route=\/wp\/v2\/posts\/112792\/revisions"}],"predecessor-version":[{"id":112799,"href":"https:\/\/kulturbloggen.com\/index.php?rest_route=\/wp\/v2\/posts\/112792\/revisions\/112799"}],"wp:attachment":[{"href":"https:\/\/kulturbloggen.com\/index.php?rest_route=%2Fwp%2Fv2%2Fmedia&parent=112792"}],"wp:term":[{"taxonomy":"category","embeddable":true,"href":"https:\/\/kulturbloggen.com\/index.php?rest_route=%2Fwp%2Fv2%2Fcategories&post=112792"},{"taxonomy":"post_tag","embeddable":true,"href":"https:\/\/kulturbloggen.com\/index.php?rest_route=%2Fwp%2Fv2%2Ftags&post=112792"}],"curies":[{"name":"wp","href":"https:\/\/api.w.org\/{rel}","templated":true}]}}